{"id":153042,"date":"2021-06-04T23:53:35","date_gmt":"2021-06-04T21:53:35","guid":{"rendered":"https:\/\/www.ikuchyne.sk\/eshop\/?p=153042"},"modified":"2021-06-05T09:51:41","modified_gmt":"2021-06-05T07:51:41","slug":"ako-kombinovat-kovovy-nabytok-v-interieri","status":"publish","type":"post","link":"https:\/\/www.ikuchyne.sk\/eshop\/ako-kombinovat-kovovy-nabytok-v-interieri\/","title":{"rendered":"Ako kombinova\u0165 kovov\u00fd n\u00e1bytok v interi\u00e9ri?"},"content":{"rendered":"<p>[vc_row][vc_column][vc_column_text]P\u00e1\u010di sa v\u00e1m<strong> kovov\u00fd n\u00e1bytok<\/strong> a chcete si n\u00edm zariadi\u0165 domov? Kov je ako materi\u00e1l v dom\u00e1cnosti \u0161pecifick\u00fdm druhom. Treba by\u0165 <strong>opatrn\u00fd, ke\u010f ho budete ladi\u0165 s ostatn\u00fdmi bytov\u00fdmi doplnkami a n\u00e1bytkom<\/strong>. Odpor\u00fa\u010da sa ho kombinova\u0165 s tepl\u00fdmi farbami a hrejiv\u00fdmi materi\u00e1lmi.[\/vc_column_text][vc_single_image image=&#8221;153054&#8243; img_size=&#8221;large&#8221; add_caption=&#8221;yes&#8221; alignment=&#8221;center&#8221; style=&#8221;vc_box_rounded&#8221; onclick=&#8221;custom_link&#8221; img_link_target=&#8221;_blank&#8221; link=&#8221;https:\/\/www.ikuchyne.sk\/&#8221;][\/vc_column][\/vc_row][vc_row][vc_column][vc_column_text]M\u00f4\u017ee sa zda\u0165, \u017ee kov bude v interi\u00e9ri p\u00f4sobi\u0165 chladn\u00fdm dojmom a do vn\u00fatorn\u00fdch priestorov nepatr\u00ed. Tento m\u00fdtus vyvr\u00e1time a pom\u00f4\u017eeme s k\u00fapou, ale aj so zaria\u010fovan\u00edm interi\u00e9ru. <strong>Kam sa kovov\u00fd n\u00e1bytok hod\u00ed a pre\u010do je podstatn\u00e9 ho kombinova\u0165 spr\u00e1vne?<\/strong>[\/vc_column_text][vc_single_image image=&#8221;153055&#8243; img_size=&#8221;large&#8221; add_caption=&#8221;yes&#8221; alignment=&#8221;center&#8221; style=&#8221;vc_box_rounded&#8221; onclick=&#8221;custom_link&#8221; img_link_target=&#8221;_blank&#8221; link=&#8221;https:\/\/www.ikuchyne.sk\/eshop\/produkt\/postel-scorpion-180x200cm-mango-cierna\/&#8221;][\/vc_column][\/vc_row][vc_row][vc_column][vc_column_text]<\/p>\n<h2><span style=\"color: #e3245e;\"><b>Kovu sa nemus\u00edte ob\u00e1va\u0165<br \/>\n<\/b><\/span><\/h2>\n<p>Ve\u013ek\u00fd v\u00fdber materi\u00e1lov, farieb a mno\u017estvo n\u00e1bytku l\u00e1ka sk\u00fa\u0161a\u0165 a <strong>robi\u0165 pokusy s t\u00fdmi netradi\u010dnej\u0161\u00edmi<\/strong> z nich. Konkr\u00e9tne ku kovov\u00e9mu n\u00e1bytku, ktor\u00fd je studenou l\u00e1tkou, treba pristupova\u0165 s otvorenou mys\u013eou.[\/vc_column_text][vc_message icon_fontawesome=&#8221;&#8221;]<b>Rada odborn\u00edka:\u00a0<\/b>M\u00e1te viacero mo\u017enost\u00ed, ako sa s kovom popasova\u0165. Hlavn\u00fa \u00falohu zohr\u00e1va primeran\u00e9 zariadenie zbytku interi\u00e9ru, ktor\u00e9 by malo <strong>vytvori\u0165 kontrast a zahria\u0165 priestor<\/strong>.[\/vc_message][vc_single_image image=&#8221;153056&#8243; img_size=&#8221;large&#8221; add_caption=&#8221;yes&#8221; alignment=&#8221;center&#8221; style=&#8221;vc_box_rounded&#8221; onclick=&#8221;custom_link&#8221; img_link_target=&#8221;_blank&#8221; link=&#8221;https:\/\/www.ikuchyne.sk\/eshop\/produkt\/stolicka-castle-cervena-zamat-uslachtila-ocel\/&#8221;][vc_column_text]<\/p>\n<h2><span style=\"color: #e3245e;\"><b>Kam umiestni\u0165 kovov\u00fd n\u00e1bytok?<br \/>\n<\/b><\/span><\/h2>\n<p>Kovov\u00fd n\u00e1bytok m\u00f4\u017eete umiestni\u0165 prakticky do ka\u017edej miestnosti. <strong>No najefekt\u00edvnej\u0161ie vynikne v kuchyni \u010di v ob\u00fdva\u010dke.<\/strong><\/p>\n<p>\u010co sa t\u00fdka konkr\u00e9tnych kusov, <strong>hod\u00ed sa iba na niektor\u00e9 druhy n\u00e1bytku<\/strong>. Predstavujeme si pod t\u00fdm <a href=\"https:\/\/www.ikuchyne.sk\/eshop\/kategoria\/skrine\/\"><span style=\"color: #e3245e;\">skrine<\/span><\/a>, vitr\u00edny, stol\u00edky \u010di kon\u0161trukciu postele. Rovnako p\u00f4sob\u00ed skvelo ako elektrick\u00fd spotrebi\u010d do kuchyne.[\/vc_column_text][vc_single_image image=&#8221;153057&#8243; img_size=&#8221;large&#8221; add_caption=&#8221;yes&#8221; alignment=&#8221;center&#8221; style=&#8221;vc_box_rounded&#8221; onclick=&#8221;custom_link&#8221; img_link_target=&#8221;_blank&#8221; link=&#8221;https:\/\/www.ikuchyne.sk\/eshop\/produkt\/regal-factory-166cm-dub\/&#8221;][vc_column_text]<\/p>\n<h2><span style=\"color: #e3245e;\"><b>Ako kovov\u00fd n\u00e1bytok kombinova\u0165?<br \/>\n<\/b><\/span><\/h2>\n<p><strong>Kov je vhodn\u00e9 doplni\u0165 tepl\u00fdmi farbami <\/strong>na in\u00fdch kusoch interi\u00e9ru, ako s\u00fa \u010derven\u00e1, hned\u00e1 \u010di bordov\u00e1. Rovnako urob\u00edte dobre, ak ob\u00fdva\u010dku \u010di sp\u00e1l\u0148u s kovov\u00fdm n\u00e1bytkom dopln\u00edte hrejiv\u00fdmi dekami a vank\u00fa\u0161mi v t\u00fdchto farb\u00e1ch.<\/p>\n<p>Pri materi\u00e1loch sa vyhnite kombin\u00e1cii kov a kov. Naopak, kov bude vyzera\u0165 dobre s mramorom alebo drevom.[\/vc_column_text][vc_message message_box_color=&#8221;alert-success&#8221; icon_fontawesome=&#8221;&#8221;]<b>VEDELI STE, \u017dE:\u00a0<\/b>\u2026 naj\u0161t\u00fdlovej\u0161ou vari\u00e1ciou je <strong>kov, sklo a drevo<\/strong>, ktorou ur\u010dite ni\u010d nepokaz\u00edte?[\/vc_message][vc_single_image image=&#8221;153058&#8243; img_size=&#8221;large&#8221; add_caption=&#8221;yes&#8221; alignment=&#8221;center&#8221; style=&#8221;vc_box_rounded&#8221; onclick=&#8221;custom_link&#8221; img_link_target=&#8221;_blank&#8221; link=&#8221;https:\/\/www.ikuchyne.sk\/&#8221;][vc_column_text]No<strong> v prvom rade sa treba zamera\u0165 na miestnos\u0165 ako na celok<\/strong>. Ak chcete z ob\u00fdva\u010dky vytvori\u0165 elegantn\u00fa miestnos\u0165, nemus\u00edte sa striktne dr\u017ea\u0165 v\u00fdberu tepl\u00fdch farieb.<\/p>\n<p>Ak ale t\u00fa\u017eite po \u00fatulnej izbe, kovov\u00fd materi\u00e1l na skrink\u00e1ch, <a href=\"https:\/\/www.ikuchyne.sk\/eshop\/kategoria\/regaly\/\"><span style=\"color: #e3245e;\">reg\u00e1loch<\/span><\/a> \u010di konferen\u010dnom stol\u00edku rozbijete hnedou pohovkou a podobne.[\/vc_column_text][vc_single_image image=&#8221;153059&#8243; img_size=&#8221;large&#8221; add_caption=&#8221;yes&#8221; alignment=&#8221;center&#8221; style=&#8221;vc_box_rounded&#8221; onclick=&#8221;custom_link&#8221; img_link_target=&#8221;_blank&#8221; link=&#8221;https:\/\/www.ikuchyne.sk\/eshop\/kategoria\/sedacky\/&#8221;][vc_column_text]<\/p>\n<h2><span style=\"color: #e3245e;\"><b>Efektn\u00fd kov v kuchyni<br \/>\n<\/b><\/span><\/h2>\n<p><strong>Kov p\u00f4sob\u00ed najefekt\u00edvnej\u0161ie v kuchyni.<\/strong> Strieborn\u00fa chladni\u010dku, um\u00fdvadlo a kuchynsk\u00fd spor\u00e1k si v lep\u0161om ako kovovom vyhotoven\u00ed nejde predstavi\u0165. Dobrou vo\u013ebou je aj vyu\u017ei\u0165 kov pri v\u00fdbere <a href=\"https:\/\/www.ikuchyne.sk\/eshop\/kategoria\/jedalenske-stoly\/\"><span style=\"color: #e3245e;\">jed\u00e1lensk\u00e9ho stola<\/span><\/a>. V tom pr\u00edpade to nemus\u00ed by\u0165 v z\u00e1sade strieborn\u00fd kov, ale popr\u00edpade aj \u010dierny. Nebojte sa experimentova\u0165.<\/p>\n<p><strong>Modern\u00e1 kuchy\u0148a<\/strong> si p\u00fdta kombin\u00e1ciu kovu s mramorom. Chladn\u00fd kov m\u00f4\u017eete doladi\u0165 svetlou <a href=\"https:\/\/www.ikuchyne.sk\/kuchynske-linky\"><span style=\"color: #e3245e;\">kuchynskou linkou<\/span><\/a>, \u010d\u00edm presvetl\u00edte priestor.[\/vc_column_text][vc_single_image image=&#8221;153060&#8243; img_size=&#8221;large&#8221; add_caption=&#8221;yes&#8221; alignment=&#8221;center&#8221; style=&#8221;vc_box_rounded&#8221; onclick=&#8221;custom_link&#8221; img_link_target=&#8221;_blank&#8221; link=&#8221;https:\/\/www.ikuchyne.sk\/&#8221;][vc_column_text]Ako \u010fal\u0161\u00ed sa naskyt\u00e1 <strong>elegantn\u00fd variant<\/strong>, kde kovov\u00e9 doplnky, ako misy a strieborn\u00e9 um\u00fdvadlo dolad\u00edte s \u010diernymi skrinkami a linkou.[\/vc_column_text][vc_column_text]<\/p>\n<h2><span style=\"color: #e3245e;\"><b>Dopl\u0148te kovov\u00fd n\u00e1bytok v ob\u00fdva\u010dke textilom<br \/>\n<\/b><\/span><\/h2>\n<p>\u010eal\u0161ia izba, v ktorej p\u00f4sob\u00ed kovov\u00fd n\u00e1bytok rafinovane, je ob\u00fdva\u010dka. Materi\u00e1l sa tu vyu\u017eije najm\u00e4 pri \u00falo\u017en\u00fdch priestoroch, napr\u00edklad ako<strong> reg\u00e1l, <\/strong><a href=\"https:\/\/www.ikuchyne.sk\/eshop\/kategoria\/konferencne-stoliky\/\"><strong><span style=\"color: #e3245e;\">konferen\u010dn\u00fd stol\u00edk<\/span><\/strong><\/a><strong> alebo TV stol\u00edk<\/strong>.[\/vc_column_text][vc_single_image image=&#8221;153061&#8243; img_size=&#8221;large&#8221; add_caption=&#8221;yes&#8221; alignment=&#8221;center&#8221; style=&#8221;vc_box_rounded&#8221; onclick=&#8221;custom_link&#8221; img_link_target=&#8221;_blank&#8221; link=&#8221;https:\/\/www.ikuchyne.sk\/eshop\/kategoria\/strieborne-konferencne-stoliky\/&#8221;][vc_column_text]N\u00e1sledne nezabudnite miestnosti doda\u0165 <strong>dostato\u010dn\u00fa d\u00e1vku textiln\u00e9ho materi\u00e1lu<\/strong>. Vyberte si seda\u010dku, <a href=\"https:\/\/www.ikuchyne.sk\/eshop\/kategoria\/kresla\/\"><span style=\"color: #e3245e;\">kreslo<\/span><\/a> a taburetku v textile.<\/p>\n<p>V ob\u00fdva\u010dke ch\u00fdba u\u017e iba <strong>pr\u00edjemn\u00fd, hu\u0148at\u00fd koberec<\/strong>. Ten dopln\u00ed kov a textil a dod\u00e1 priestoru po\u017eadovan\u00fd pocit domova.[\/vc_column_text][vc_single_image image=&#8221;153062&#8243; img_size=&#8221;large&#8221; add_caption=&#8221;yes&#8221; alignment=&#8221;center&#8221; style=&#8221;vc_box_rounded&#8221; onclick=&#8221;custom_link&#8221; img_link_target=&#8221;_blank&#8221; link=&#8221;https:\/\/www.ikuchyne.sk\/eshop\/produkt\/koberec-levante-240x160cm-svetlosedy\/&#8221;][vc_column_text]<\/p>\n<h2><span style=\"color: #e3245e;\"><b>Bytov\u00e9 doplnky z kovu<br \/>\n<\/b><\/span><\/h2>\n<p><strong>Kov v\u00fdborne vynikne na <\/strong><a href=\"https:\/\/www.ikuchyne.sk\/eshop\/kategoria\/bytove-doplnky\/\"><strong><span style=\"color: #e3245e;\">bytov\u00fdch doplnkoch<\/span><\/strong><\/a>, ako s\u00fa mas\u00edvne <a href=\"https:\/\/www.ikuchyne.sk\/eshop\/kategoria\/zrkadla\/\"><span style=\"color: #e3245e;\">kovov\u00e9 zrkadl\u00e1<\/span><\/a>, reg\u00e1ly na v\u00edno a kovov\u00e9 fotor\u00e1miky.[\/vc_column_text][vc_single_image image=&#8221;153063&#8243; img_size=&#8221;large&#8221; add_caption=&#8221;yes&#8221; alignment=&#8221;center&#8221; style=&#8221;vc_box_rounded&#8221; onclick=&#8221;custom_link&#8221; img_link_target=&#8221;_blank&#8221; link=&#8221;https:\/\/www.ikuchyne.sk\/eshop\/produkt\/vaza-oriental-set-2ks-strieborna\/&#8221;][\/vc_column][\/vc_row][vc_row][vc_column][vc_message icon_fontawesome=&#8221;&#8221;]<b>TIP NA Z\u00c1VER:\u00a0<\/b>Vo\u013eba kovov\u00e9ho n\u00e1bytku nie je naj\u010dastej\u0161\u00edm pr\u00edpadom. No so spr\u00e1vnym pr\u00edstupom a na\u0161imi radami sa domov stane \u00fatuln\u00fdm a pr\u00edjemn\u00fdm priestorom, do ktor\u00e9ho sa budete radi vraca\u0165. Tepl\u00e9 farby a hrejiv\u00e9 materi\u00e1ly sa s t\u00fdm hravo popasuj\u00fa.[\/vc_message][vc_column_text]<\/p>\n<p style=\"text-align: center;\"><strong>H\u013ead\u00e1te viac in\u0161pir\u00e1cie? <\/strong><\/p>\n<p style=\"text-align: center;\">Pozrite si n\u00e1\u0161 e-shop<br \/>\n<a href=\"https:\/\/ikuchyne.sk\/eshop\/\"><span style=\"color: #e3245e;\">Do e-shopu<\/span><\/a><\/p>\n<p>[\/vc_column_text][\/vc_column][\/vc_row]<\/p>\n","protected":false},"excerpt":{"rendered":"<p>[vc_row][vc_column][vc_column_text]P\u00e1\u010di sa v\u00e1m kovov\u00fd n\u00e1bytok a chcete si n\u00edm zariadi\u0165 domov? Kov je ako materi\u00e1l v dom\u00e1cnosti \u0161pecifick\u00fdm druhom. Treba by\u0165 opatrn\u00fd, ke\u010f ho budete ladi\u0165 s ostatn\u00fdmi bytov\u00fdmi doplnkami<\/p>\n","protected":false},"author":2168,"featured_media":153064,"comment_status":"closed","ping_status":"open","sticky":false,"template":"","format":"standard","meta":{"footnotes":""},"categories":[1008,1129],"tags":[],"yoast_head":"<!-- This site is optimized with the Yoast SEO plugin v22.1 - https:\/\/yoast.com\/wordpress\/plugins\/seo\/ -->\n<title>Ako kombinova\u0165 kovov\u00fd n\u00e1bytok v interi\u00e9ri? &#187; iKuchyne iSHOP s n\u00e1bytkom<\/title>\n<meta name=\"robots\" content=\"index, follow, max-snippet:-1, max-image-preview:large, max-video-preview:-1\" \/>\n<link rel=\"canonical\" href=\"https:\/\/www.ikuchyne.sk\/eshop\/ako-kombinovat-kovovy-nabytok-v-interieri\/\" \/>\n<meta property=\"og:locale\" content=\"sk_SK\" \/>\n<meta property=\"og:type\" content=\"article\" \/>\n<meta property=\"og:title\" content=\"Ako kombinova\u0165 kovov\u00fd n\u00e1bytok v interi\u00e9ri? &#187; iKuchyne iSHOP s n\u00e1bytkom\" \/>\n<meta property=\"og:description\" content=\"[vc_row][vc_column][vc_column_text]P\u00e1\u010di sa v\u00e1m kovov\u00fd n\u00e1bytok a chcete si n\u00edm zariadi\u0165 domov? Kov je ako materi\u00e1l v dom\u00e1cnosti \u0161pecifick\u00fdm druhom. Treba by\u0165 opatrn\u00fd, ke\u010f ho budete ladi\u0165 s ostatn\u00fdmi bytov\u00fdmi doplnkami\" \/>\n<meta property=\"og:url\" content=\"https:\/\/www.ikuchyne.sk\/eshop\/ako-kombinovat-kovovy-nabytok-v-interieri\/\" \/>\n<meta property=\"og:site_name\" content=\"iKuchyne iSHOP s n\u00e1bytkom\" \/>\n<meta property=\"article:publisher\" content=\"https:\/\/www.facebook.com\/ikuchyne\/\" \/>\n<meta property=\"article:published_time\" content=\"2021-06-04T21:53:35+00:00\" \/>\n<meta property=\"article:modified_time\" content=\"2021-06-05T07:51:41+00:00\" \/>\n<meta property=\"og:image\" content=\"https:\/\/www.ikuchyne.sk\/eshop\/wp-content\/uploads\/2021\/06\/kovovy-nabytok.jpg\" \/>\n\t<meta property=\"og:image:width\" content=\"506\" \/>\n\t<meta property=\"og:image:height\" content=\"335\" \/>\n\t<meta property=\"og:image:type\" content=\"image\/jpeg\" \/>\n<meta name=\"author\" content=\"Bibiana Hajdanyov\u00e1\" \/>\n<meta name=\"twitter:card\" content=\"summary_large_image\" \/>\n<meta name=\"twitter:label1\" content=\"Autor\" \/>\n\t<meta name=\"twitter:data1\" content=\"Bibiana Hajdanyov\u00e1\" \/>\n\t<meta name=\"twitter:label2\" content=\"Predpokladan\u00fd \u010das \u010d\u00edtania\" \/>\n\t<meta name=\"twitter:data2\" content=\"3 min\u00faty\" \/>\n<script type=\"application\/ld+json\" class=\"yoast-schema-graph\">{\"@context\":\"https:\/\/schema.org\",\"@graph\":[{\"@type\":\"Article\",\"@id\":\"https:\/\/www.ikuchyne.sk\/eshop\/ako-kombinovat-kovovy-nabytok-v-interieri\/#article\",\"isPartOf\":{\"@id\":\"https:\/\/www.ikuchyne.sk\/eshop\/ako-kombinovat-kovovy-nabytok-v-interieri\/\"},\"author\":{\"name\":\"Bibiana Hajdanyov\u00e1\",\"@id\":\"https:\/\/www.ikuchyne.sk\/eshop\/#\/schema\/person\/2d087365f1f2308a693a4b4a9c2ebf09\"},\"headline\":\"Ako kombinova\u0165 kovov\u00fd n\u00e1bytok v interi\u00e9ri?\",\"datePublished\":\"2021-06-04T21:53:35+00:00\",\"dateModified\":\"2021-06-05T07:51:41+00:00\",\"mainEntityOfPage\":{\"@id\":\"https:\/\/www.ikuchyne.sk\/eshop\/ako-kombinovat-kovovy-nabytok-v-interieri\/\"},\"wordCount\":1153,\"publisher\":{\"@id\":\"https:\/\/www.ikuchyne.sk\/eshop\/#organization\"},\"articleSection\":[\"IN\u0160PIR\u00c1CIE\",\"Produkty v realiz\u00e1ciach\"],\"inLanguage\":\"sk-SK\"},{\"@type\":\"WebPage\",\"@id\":\"https:\/\/www.ikuchyne.sk\/eshop\/ako-kombinovat-kovovy-nabytok-v-interieri\/\",\"url\":\"https:\/\/www.ikuchyne.sk\/eshop\/ako-kombinovat-kovovy-nabytok-v-interieri\/\",\"name\":\"Ako kombinova\u0165 kovov\u00fd n\u00e1bytok v interi\u00e9ri? &#187; iKuchyne iSHOP s n\u00e1bytkom\",\"isPartOf\":{\"@id\":\"https:\/\/www.ikuchyne.sk\/eshop\/#website\"},\"datePublished\":\"2021-06-04T21:53:35+00:00\",\"dateModified\":\"2021-06-05T07:51:41+00:00\",\"breadcrumb\":{\"@id\":\"https:\/\/www.ikuchyne.sk\/eshop\/ako-kombinovat-kovovy-nabytok-v-interieri\/#breadcrumb\"},\"inLanguage\":\"sk-SK\",\"potentialAction\":[{\"@type\":\"ReadAction\",\"target\":[\"https:\/\/www.ikuchyne.sk\/eshop\/ako-kombinovat-kovovy-nabytok-v-interieri\/\"]}]},{\"@type\":\"BreadcrumbList\",\"@id\":\"https:\/\/www.ikuchyne.sk\/eshop\/ako-kombinovat-kovovy-nabytok-v-interieri\/#breadcrumb\",\"itemListElement\":[{\"@type\":\"ListItem\",\"position\":1,\"name\":\"Home\",\"item\":\"https:\/\/www.ikuchyne.sk\/eshop\/\"},{\"@type\":\"ListItem\",\"position\":2,\"name\":\"Ako kombinova\u0165 kovov\u00fd n\u00e1bytok v interi\u00e9ri?\"}]},{\"@type\":\"WebSite\",\"@id\":\"https:\/\/www.ikuchyne.sk\/eshop\/#website\",\"url\":\"https:\/\/www.ikuchyne.sk\/eshop\/\",\"name\":\"iKuchyne iSHOP s n\u00e1bytkom\",\"description\":\"Jed\u00e1lensk\u00e9 stoly, stoli\u010dky, n\u00e1bytok, svietidl\u00e1...\",\"publisher\":{\"@id\":\"https:\/\/www.ikuchyne.sk\/eshop\/#organization\"},\"potentialAction\":[{\"@type\":\"SearchAction\",\"target\":{\"@type\":\"EntryPoint\",\"urlTemplate\":\"https:\/\/www.ikuchyne.sk\/eshop\/?s={search_term_string}\"},\"query-input\":\"required name=search_term_string\"}],\"inLanguage\":\"sk-SK\"},{\"@type\":\"Organization\",\"@id\":\"https:\/\/www.ikuchyne.sk\/eshop\/#organization\",\"name\":\"ikuchyne!\",\"url\":\"https:\/\/www.ikuchyne.sk\/eshop\/\",\"logo\":{\"@type\":\"ImageObject\",\"inLanguage\":\"sk-SK\",\"@id\":\"https:\/\/www.ikuchyne.sk\/eshop\/#\/schema\/logo\/image\/\",\"url\":\"https:\/\/www.ikuchyne.sk\/eshop\/wp-content\/uploads\/2017\/04\/ikuchyne-logo.jpg\",\"contentUrl\":\"https:\/\/www.ikuchyne.sk\/eshop\/wp-content\/uploads\/2017\/04\/ikuchyne-logo.jpg\",\"width\":200,\"height\":48,\"caption\":\"ikuchyne!\"},\"image\":{\"@id\":\"https:\/\/www.ikuchyne.sk\/eshop\/#\/schema\/logo\/image\/\"},\"sameAs\":[\"https:\/\/www.facebook.com\/ikuchyne\/\",\"https:\/\/www.instagram.com\/ikuchyne.sk\/\",\"https:\/\/sk.pinterest.com\/ikuchynesk\/\"]},{\"@type\":\"Person\",\"@id\":\"https:\/\/www.ikuchyne.sk\/eshop\/#\/schema\/person\/2d087365f1f2308a693a4b4a9c2ebf09\",\"name\":\"Bibiana Hajdanyov\u00e1\",\"image\":{\"@type\":\"ImageObject\",\"inLanguage\":\"sk-SK\",\"@id\":\"https:\/\/www.ikuchyne.sk\/eshop\/#\/schema\/person\/image\/\",\"url\":\"https:\/\/www.ikuchyne.sk\/eshop\/wp-content\/plugins\/wp-user-avatar\/deprecated\/wp-user-avatar\/images\/wpua-96x96.png\",\"contentUrl\":\"https:\/\/www.ikuchyne.sk\/eshop\/wp-content\/plugins\/wp-user-avatar\/deprecated\/wp-user-avatar\/images\/wpua-96x96.png\",\"caption\":\"Bibiana Hajdanyov\u00e1\"},\"description\":\"Vol\u00e1m sa Bibi\u00e1na, zbo\u017e\u0148ujem p\u00edsanie a som s\u00fa\u010das\u0165ou kreat\u00edvneho t\u00edmu Coolwriters. M\u00e1m rada proces, kedy zis\u0165ujem, objavujem a analyzujem. Najviac ma bav\u00ed dolova\u0165 inform\u00e1cie z umenia, dizajnu a cestovania.\",\"url\":\"https:\/\/www.ikuchyne.sk\/eshop\/author\/bibiana\/\"}]}<\/script>\n<!-- \/ Yoast SEO plugin. -->","yoast_head_json":{"title":"Ako kombinova\u0165 kovov\u00fd n\u00e1bytok v interi\u00e9ri? &#187; iKuchyne iSHOP s n\u00e1bytkom","robots":{"index":"index","follow":"follow","max-snippet":"max-snippet:-1","max-image-preview":"max-image-preview:large","max-video-preview":"max-video-preview:-1"},"canonical":"https:\/\/www.ikuchyne.sk\/eshop\/ako-kombinovat-kovovy-nabytok-v-interieri\/","og_locale":"sk_SK","og_type":"article","og_title":"Ako kombinova\u0165 kovov\u00fd n\u00e1bytok v interi\u00e9ri? &#187; iKuchyne iSHOP s n\u00e1bytkom","og_description":"[vc_row][vc_column][vc_column_text]P\u00e1\u010di sa v\u00e1m kovov\u00fd n\u00e1bytok a chcete si n\u00edm zariadi\u0165 domov? Kov je ako materi\u00e1l v dom\u00e1cnosti \u0161pecifick\u00fdm druhom. Treba by\u0165 opatrn\u00fd, ke\u010f ho budete ladi\u0165 s ostatn\u00fdmi bytov\u00fdmi doplnkami","og_url":"https:\/\/www.ikuchyne.sk\/eshop\/ako-kombinovat-kovovy-nabytok-v-interieri\/","og_site_name":"iKuchyne iSHOP s n\u00e1bytkom","article_publisher":"https:\/\/www.facebook.com\/ikuchyne\/","article_published_time":"2021-06-04T21:53:35+00:00","article_modified_time":"2021-06-05T07:51:41+00:00","og_image":[{"width":506,"height":335,"url":"https:\/\/www.ikuchyne.sk\/eshop\/wp-content\/uploads\/2021\/06\/kovovy-nabytok.jpg","type":"image\/jpeg"}],"author":"Bibiana Hajdanyov\u00e1","twitter_card":"summary_large_image","twitter_misc":{"Autor":"Bibiana Hajdanyov\u00e1","Predpokladan\u00fd \u010das \u010d\u00edtania":"3 min\u00faty"},"schema":{"@context":"https:\/\/schema.org","@graph":[{"@type":"Article","@id":"https:\/\/www.ikuchyne.sk\/eshop\/ako-kombinovat-kovovy-nabytok-v-interieri\/#article","isPartOf":{"@id":"https:\/\/www.ikuchyne.sk\/eshop\/ako-kombinovat-kovovy-nabytok-v-interieri\/"},"author":{"name":"Bibiana Hajdanyov\u00e1","@id":"https:\/\/www.ikuchyne.sk\/eshop\/#\/schema\/person\/2d087365f1f2308a693a4b4a9c2ebf09"},"headline":"Ako kombinova\u0165 kovov\u00fd n\u00e1bytok v interi\u00e9ri?","datePublished":"2021-06-04T21:53:35+00:00","dateModified":"2021-06-05T07:51:41+00:00","mainEntityOfPage":{"@id":"https:\/\/www.ikuchyne.sk\/eshop\/ako-kombinovat-kovovy-nabytok-v-interieri\/"},"wordCount":1153,"publisher":{"@id":"https:\/\/www.ikuchyne.sk\/eshop\/#organization"},"articleSection":["IN\u0160PIR\u00c1CIE","Produkty v realiz\u00e1ciach"],"inLanguage":"sk-SK"},{"@type":"WebPage","@id":"https:\/\/www.ikuchyne.sk\/eshop\/ako-kombinovat-kovovy-nabytok-v-interieri\/","url":"https:\/\/www.ikuchyne.sk\/eshop\/ako-kombinovat-kovovy-nabytok-v-interieri\/","name":"Ako kombinova\u0165 kovov\u00fd n\u00e1bytok v interi\u00e9ri? &#187; iKuchyne iSHOP s n\u00e1bytkom","isPartOf":{"@id":"https:\/\/www.ikuchyne.sk\/eshop\/#website"},"datePublished":"2021-06-04T21:53:35+00:00","dateModified":"2021-06-05T07:51:41+00:00","breadcrumb":{"@id":"https:\/\/www.ikuchyne.sk\/eshop\/ako-kombinovat-kovovy-nabytok-v-interieri\/#breadcrumb"},"inLanguage":"sk-SK","potentialAction":[{"@type":"ReadAction","target":["https:\/\/www.ikuchyne.sk\/eshop\/ako-kombinovat-kovovy-nabytok-v-interieri\/"]}]},{"@type":"BreadcrumbList","@id":"https:\/\/www.ikuchyne.sk\/eshop\/ako-kombinovat-kovovy-nabytok-v-interieri\/#breadcrumb","itemListElement":[{"@type":"ListItem","position":1,"name":"Home","item":"https:\/\/www.ikuchyne.sk\/eshop\/"},{"@type":"ListItem","position":2,"name":"Ako kombinova\u0165 kovov\u00fd n\u00e1bytok v interi\u00e9ri?"}]},{"@type":"WebSite","@id":"https:\/\/www.ikuchyne.sk\/eshop\/#website","url":"https:\/\/www.ikuchyne.sk\/eshop\/","name":"iKuchyne iSHOP s n\u00e1bytkom","description":"Jed\u00e1lensk\u00e9 stoly, stoli\u010dky, n\u00e1bytok, svietidl\u00e1...","publisher":{"@id":"https:\/\/www.ikuchyne.sk\/eshop\/#organization"},"potentialAction":[{"@type":"SearchAction","target":{"@type":"EntryPoint","urlTemplate":"https:\/\/www.ikuchyne.sk\/eshop\/?s={search_term_string}"},"query-input":"required name=search_term_string"}],"inLanguage":"sk-SK"},{"@type":"Organization","@id":"https:\/\/www.ikuchyne.sk\/eshop\/#organization","name":"ikuchyne!","url":"https:\/\/www.ikuchyne.sk\/eshop\/","logo":{"@type":"ImageObject","inLanguage":"sk-SK","@id":"https:\/\/www.ikuchyne.sk\/eshop\/#\/schema\/logo\/image\/","url":"https:\/\/www.ikuchyne.sk\/eshop\/wp-content\/uploads\/2017\/04\/ikuchyne-logo.jpg","contentUrl":"https:\/\/www.ikuchyne.sk\/eshop\/wp-content\/uploads\/2017\/04\/ikuchyne-logo.jpg","width":200,"height":48,"caption":"ikuchyne!"},"image":{"@id":"https:\/\/www.ikuchyne.sk\/eshop\/#\/schema\/logo\/image\/"},"sameAs":["https:\/\/www.facebook.com\/ikuchyne\/","https:\/\/www.instagram.com\/ikuchyne.sk\/","https:\/\/sk.pinterest.com\/ikuchynesk\/"]},{"@type":"Person","@id":"https:\/\/www.ikuchyne.sk\/eshop\/#\/schema\/person\/2d087365f1f2308a693a4b4a9c2ebf09","name":"Bibiana Hajdanyov\u00e1","image":{"@type":"ImageObject","inLanguage":"sk-SK","@id":"https:\/\/www.ikuchyne.sk\/eshop\/#\/schema\/person\/image\/","url":"https:\/\/www.ikuchyne.sk\/eshop\/wp-content\/plugins\/wp-user-avatar\/deprecated\/wp-user-avatar\/images\/wpua-96x96.png","contentUrl":"https:\/\/www.ikuchyne.sk\/eshop\/wp-content\/plugins\/wp-user-avatar\/deprecated\/wp-user-avatar\/images\/wpua-96x96.png","caption":"Bibiana Hajdanyov\u00e1"},"description":"Vol\u00e1m sa Bibi\u00e1na, zbo\u017e\u0148ujem p\u00edsanie a som s\u00fa\u010das\u0165ou kreat\u00edvneho t\u00edmu Coolwriters. M\u00e1m rada proces, kedy zis\u0165ujem, objavujem a analyzujem. Najviac ma bav\u00ed dolova\u0165 inform\u00e1cie z umenia, dizajnu a cestovania.","url":"https:\/\/www.ikuchyne.sk\/eshop\/author\/bibiana\/"}]}},"_links":{"self":[{"href":"https:\/\/www.ikuchyne.sk\/eshop\/wp-json\/wp\/v2\/posts\/153042"}],"collection":[{"href":"https:\/\/www.ikuchyne.sk\/eshop\/wp-json\/wp\/v2\/posts"}],"about":[{"href":"https:\/\/www.ikuchyne.sk\/eshop\/wp-json\/wp\/v2\/types\/post"}],"author":[{"embeddable":true,"href":"https:\/\/www.ikuchyne.sk\/eshop\/wp-json\/wp\/v2\/users\/2168"}],"replies":[{"embeddable":true,"href":"https:\/\/www.ikuchyne.sk\/eshop\/wp-json\/wp\/v2\/comments?post=153042"}],"version-history":[{"count":2,"href":"https:\/\/www.ikuchyne.sk\/eshop\/wp-json\/wp\/v2\/posts\/153042\/revisions"}],"predecessor-version":[{"id":153065,"href":"https:\/\/www.ikuchyne.sk\/eshop\/wp-json\/wp\/v2\/posts\/153042\/revisions\/153065"}],"wp:featuredmedia":[{"embeddable":true,"href":"https:\/\/www.ikuchyne.sk\/eshop\/wp-json\/wp\/v2\/media\/153064"}],"wp:attachment":[{"href":"https:\/\/www.ikuchyne.sk\/eshop\/wp-json\/wp\/v2\/media?parent=153042"}],"wp:term":[{"taxonomy":"category","embeddable":true,"href":"https:\/\/www.ikuchyne.sk\/eshop\/wp-json\/wp\/v2\/categories?post=153042"},{"taxonomy":"post_tag","embeddable":true,"href":"https:\/\/www.ikuchyne.sk\/eshop\/wp-json\/wp\/v2\/tags?post=153042"}],"curies":[{"name":"wp","href":"https:\/\/api.w.org\/{rel}","templated":true}]}}