{"id":153080,"date":"2021-06-07T23:54:59","date_gmt":"2021-06-07T21:54:59","guid":{"rendered":"https:\/\/www.ikuchyne.sk\/eshop\/?p=153080"},"modified":"2021-06-08T06:51:08","modified_gmt":"2021-06-08T04:51:08","slug":"komoda-u-vas-doma","status":"publish","type":"post","link":"https:\/\/www.ikuchyne.sk\/eshop\/komoda-u-vas-doma\/","title":{"rendered":"Komoda u v\u00e1s doma: Kde v\u0161ade ju m\u00f4\u017eete umiestni\u0165?"},"content":{"rendered":"<p>[vc_row][vc_column][vc_column_text]<strong>Komoda je jedn\u00fdm z najfunk\u010dnej\u0161\u00edch a mnohokr\u00e1t naj\u0161t\u00fdlovej\u0161\u00edch kusov n\u00e1bytku. Vysok\u00e1 alebo kr\u00e1tka, \u00fazka alebo \u0161irok\u00e1 komoda sa d\u00e1 vyu\u017ei\u0165 viac ako len na ukladanie oble\u010denia. Pripravili sme si pre v\u00e1s \u010dl\u00e1nok, v ktorom v\u00e1m uk\u00e1\u017eeme, kde v\u0161ade je mo\u017en\u00e9 komodu umiestni\u0165.<\/strong><\/p>\n<p>Uva\u017eujete o k\u00fape nov\u00e9ho n\u00e1bytku? Ak ste odpovedali \u00e1no, tak komoda by mala by\u0165 niekde v hornej \u010dasti v\u00e1\u0161ho zoznamu. \u010ci u\u017e potrebujete viac \u00falo\u017en\u00e9ho priestoru, alebo osvie\u017ei\u0165 svoju ob\u00fdvaciu izbu, sp\u00e1l\u0148u, detsk\u00fa izbu, je to skvel\u00e1 vo\u013eba. Navy\u0161e, bez oh\u013eadu na \u0161t\u00fdl v\u00e1\u0161ho domova, \u010di u\u017e je modern\u00fd, priemyseln\u00fd alebo tradi\u010dn\u00fd, komoda m\u00f4\u017ee doda\u0165 ka\u017ed\u00e9mu priestoru \u010fal\u0161\u00ed rozmer. V na\u0161om e-shope n\u00e1jdete <a href=\"https:\/\/www.ikuchyne.sk\/eshop\/kategoria\/komody\/\"><span style=\"color: #e3245e;\">komody<\/span><\/a> r\u00f4znych tvarov \u010di \u0161t\u00fdlov, sta\u010d\u00ed si vybra\u0165.[\/vc_column_text][vc_single_image image=&#8221;153097&#8243; img_size=&#8221;large&#8221; add_caption=&#8221;yes&#8221; alignment=&#8221;center&#8221; style=&#8221;vc_box_rounded&#8221; onclick=&#8221;custom_link&#8221; img_link_target=&#8221;_blank&#8221; link=&#8221;https:\/\/www.ikuchyne.sk\/eshop\/produkt\/komoda-scorpion-100cm-hneda-mango\/&#8221;][\/vc_column][\/vc_row][vc_row][vc_column][vc_column_text]<\/p>\n<h2><span style=\"color: #e3245e;\"><b>Komoda a jej najv\u00e4\u010d\u0161ie v\u00fdhody<\/b><\/span><\/h2>\n<p>Komoda patr\u00ed k <strong>t\u00fdm najfunk\u010dnej\u0161\u00edm a najvyu\u017e\u00edvanej\u0161\u00edm kusom n\u00e1bytku<\/strong>. Zabezpe\u010d\u00ed v\u00e1m, \u017ee budete ma\u0165 ulo\u017een\u00e9 svoje veci a r\u00f4zne predmety na jednom mieste. S komodou bezpochyby dosiahnete aj \u00fasporu miesta.<\/p>\n<p>V jednom kuse n\u00e1bytku m\u00f4\u017eete z\u00edska\u0165 napr\u00edklad aj p\u00e4\u0165 z\u00e1suviek, kde si m\u00f4\u017eete odlo\u017ei\u0165 v\u0161etko, \u010do potrebujete. Od doplnkov do sp\u00e1lne, ako s\u00fa oblie\u010dky na periny a vank\u00fa\u0161e a\u017e po oble\u010denie, doklady \u010di r\u00f4zne suven\u00edry.[\/vc_column_text][vc_message icon_fontawesome=&#8221;&#8221;]<b>Rada odborn\u00edka: <\/b>Maxim\u00e1lny priestor, ktor\u00fd ka\u017ed\u00e1 z\u00e1suvka pon\u00faka, je mo\u017en\u00e9 vyu\u017ei\u0165 zak\u00fapen\u00edm \u0161peci\u00e1lnych \u0161kat\u00fa\u013e, ktor\u00e9 m\u00f4\u017eete umiestni\u0165 do z\u00e1suvky a rozdeli\u0165 tak tento priestor na viac \u010dast\u00ed. Je to skvel\u00fd n\u00e1pad, ak chcete ur\u010den\u00e9 oblasti pre mal\u00e9 predmety, k\u00e1ble, spodn\u00fa bielize\u0148 \u010di r\u00f4zne dokumenty.[\/vc_message][\/vc_column][\/vc_row][vc_row][vc_column][vc_single_image image=&#8221;153098&#8243; img_size=&#8221;large&#8221; add_caption=&#8221;yes&#8221; alignment=&#8221;center&#8221; style=&#8221;vc_box_rounded&#8221; onclick=&#8221;custom_link&#8221; img_link_target=&#8221;_blank&#8221; link=&#8221;https:\/\/www.ikuchyne.sk\/eshop\/produkt\/pribornik-fluid-160cm-hneda-mango\/&#8221;][vc_column_text]<\/p>\n<h2><span style=\"color: #e3245e;\"><b>V ob\u00fdva\u010dke<\/b><\/span><\/h2>\n<p>Komoda nezvykla by\u0165 vyh\u013ead\u00e1van\u00fdm kusom n\u00e1bytku do ob\u00fdvacej izby, ale je <strong>tak\u00e1 u\u017eito\u010dn\u00e1<\/strong>, \u017ee by mala by\u0165 dnes z\u00e1kladom ka\u017edej modernej ob\u00fdva\u010dky, teda aj tej va\u0161ej.<\/p>\n<p>V ponuke m\u00e1me n\u00e1dhern\u00e9 komody s mno\u017estvom kombin\u00e1ci\u00ed z\u00e1suviek, z r\u00f4znych materi\u00e1lov \u010di v rozli\u010dn\u00fdch farb\u00e1ch, ktor\u00e9 zodpovedaj\u00fa v\u00e1\u0161mu existuj\u00facemu n\u00e1bytku. Bud\u00fa vyzera\u0165, akoby pri\u0161li s origin\u00e1lnou sadou. Uvid\u00edte, \u017ee ke\u010f si <strong>komodu do ob\u00fdva\u010dky<\/strong> zaobstar\u00e1te, tak sa budete divi\u0165, ako ste sa bez nej mohli niekedy zaob\u00eds\u0165.[\/vc_column_text][vc_single_image image=&#8221;153099&#8243; img_size=&#8221;large&#8221; add_caption=&#8221;yes&#8221; alignment=&#8221;center&#8221; style=&#8221;vc_box_rounded&#8221; onclick=&#8221;custom_link&#8221; img_link_target=&#8221;_blank&#8221; link=&#8221;https:\/\/www.ikuchyne.sk\/eshop\/produkt\/barova-komoda-mystic-living-75cm-agat\/&#8221;][vc_column_text]<\/p>\n<h2><span style=\"color: #e3245e;\"><b>V sp\u00e1lni<\/b><\/span><\/h2>\n<p><strong>Komody<\/strong>, ktor\u00e9 s\u00fa umiestnen\u00e9 v sp\u00e1lni, zvy\u010dajne<strong> sl\u00fa\u017eia ako \u00falo\u017eisko pre oble\u010denie \u010di spodn\u00fa bielize\u0148<\/strong>. Existuje v\u0161ak viac sp\u00f4sobov, ako vyu\u017ei\u0165 komody, \u010di u\u017e v klasickej sp\u00e1lni, hos\u0165ovskej izbe alebo detskej izbe.<\/p>\n<ul>\n<li>Pou\u017eite n\u00edzku komodu ako no\u010dn\u00fd stol\u00edk.<\/li>\n<li>Pou\u017eite komodu ako \u00falo\u017en\u00fd priestor pri noh\u00e1ch postele, mala by by\u0165 o nie\u010do ni\u017e\u0161ia ako horn\u00e1 \u010das\u0165 matraca.<\/li>\n<li>Vyhra\u010fte mal\u00fa komodu v hos\u0165ovskej izbe pre host\u00ed, aby si do nej mohli ulo\u017ei\u0165 svoje osobn\u00e9 veci.<\/li>\n<li>Pou\u017eite komodu v detskej izbe ako skrinku na oble\u010denie.<\/li>\n<\/ul>\n<p>[\/vc_column_text][vc_single_image image=&#8221;153100&#8243; img_size=&#8221;large&#8221; add_caption=&#8221;yes&#8221; alignment=&#8221;center&#8221; style=&#8221;vc_box_rounded&#8221; onclick=&#8221;custom_link&#8221; img_link_target=&#8221;_blank&#8221; link=&#8221;https:\/\/www.ikuchyne.sk\/eshop\/produkt\/komoda-long-island-120cm-mango\/&#8221;][vc_column_text]<\/p>\n<h2><span style=\"color: #e3245e;\"><b>Vo vstupnej hale \u010di chodbe<\/b><\/span><\/h2>\n<p>Vytvorte si funk\u010dn\u00fa chodbu s komodou, do ktorej budete m\u00f4c\u0165 ulo\u017ei\u0165 sez\u00f3nne predmety, ako s\u00fa rukavice a \u0161\u00e1ly, a na vrch zas k\u013e\u00fa\u010de \u010di po\u0161tu. Darujte <strong>ka\u017ed\u00e9mu \u010dlenovi rodiny vlastn\u00fa z\u00e1suvku<\/strong> a ka\u017ed\u00fd bude ma\u0165 svoj vlastn\u00fd priestor na odkladanie vec\u00ed. U\u017e viac nebudete musie\u0165 str\u00e1ca\u0165 \u010das h\u013eadan\u00edm svojich vec\u00ed, preto\u017ee v\u017edy bud\u00fa ulo\u017een\u00e9 na vyhradenom mieste.[\/vc_column_text][vc_single_image image=&#8221;153101&#8243; img_size=&#8221;large&#8221; add_caption=&#8221;yes&#8221; alignment=&#8221;center&#8221; style=&#8221;vc_box_rounded&#8221; onclick=&#8221;custom_link&#8221; img_link_target=&#8221;_blank&#8221; link=&#8221;https:\/\/www.ikuchyne.sk\/eshop\/produkt\/komoda-angel-70cm-mango-cierna\/&#8221;][vc_single_image image=&#8221;153102&#8243; img_size=&#8221;large&#8221; add_caption=&#8221;yes&#8221; alignment=&#8221;center&#8221; style=&#8221;vc_box_rounded&#8221; onclick=&#8221;custom_link&#8221; img_link_target=&#8221;_blank&#8221; link=&#8221;https:\/\/www.ikuchyne.sk\/eshop\/produkt\/komoda-marrakesch-100cm-mango-prirodna\/&#8221;][vc_column_text]<\/p>\n<h2><span style=\"color: #e3245e;\"><b>Komoda v k\u00fape\u013eni? Pre\u010do nie&#8230;<\/b><\/span><\/h2>\n<p>Ak by ste v\u0161ak chceli naozaj<strong> umiestni\u0165 komodu do k\u00fape\u013ene<\/strong>, tak pri v\u00fdbere nezab\u00fadajte na to, \u017ee komoda mus\u00ed by\u0165<strong> odoln\u00e1 vo\u010di vlhkost<\/strong>i. Najm\u00e4 ak bude umiestnen\u00e1 v priestore so sprchou alebo va\u0148ou. V k\u00fape\u013eni je najlep\u0161ie pou\u017ei\u0165 vodotesn\u00fd tmel a povlak proti plesniam a tak si m\u00f4\u017eete by\u0165 ist\u00fd, \u017ee sa drevo nebude krivi\u0165 alebo praska\u0165. Pred\u00eddete tak kr\u00e1tkej \u017eivotnosti va\u0161ej novej komody.[\/vc_column_text][vc_single_image image=&#8221;153103&#8243; img_size=&#8221;large&#8221; add_caption=&#8221;yes&#8221; alignment=&#8221;center&#8221; style=&#8221;vc_box_rounded&#8221; onclick=&#8221;custom_link&#8221; img_link_target=&#8221;_blank&#8221; link=&#8221;https:\/\/www.ikuchyne.sk\/eshop\/produkt\/komoda-straight-120cm\/&#8221;][\/vc_column][\/vc_row][vc_row][vc_column][vc_message icon_fontawesome=&#8221;&#8221;]<b>TIP NA Z\u00c1VER:<\/b>Sk\u00f4r ako si k\u00fapite komodu, premyslite si, kam ju umiestnite. Bude sa nach\u00e1dza\u0165 priamo oproti va\u0161ej posteli? Alebo v rohu miestnosti? To ur\u010d\u00ed, ako hlbok\u00e1 a \u0161irok\u00e1 m\u00f4\u017ee by\u0165, preto\u017ee budete musie\u0165 necha\u0165 dostatok priestoru na to, aby ste okolo nej pre\u0161li (a aby ste mohli \u00faplne otvori\u0165 ka\u017ed\u00fa z\u00e1suvku bez toho, aby ste narazili na in\u00fd kus n\u00e1bytku, napr\u00edklad na poste\u013e). Medzi poste\u013eou a z\u00e1suvkami nechajte priestor aspo\u0148 60 centimetrov.[\/vc_message][vc_column_text]<strong>Bez oh\u013eadu na to, ak\u00fa ve\u013ekos\u0165 alebo tvar m\u00e1 va\u0161a izba, alebo na \u010do ju pou\u017e\u00edvate, existuje ve\u013ea typov kom\u00f4d, ktor\u00e9 jej dodaj\u00fa ten spr\u00e1vny \u0161mrnc. Nev\u00e1hajte a siahnite po novej komode e\u0161te dnes! Uvid\u00edte, \u017ee z\u00edskate funk\u010dn\u00fd a z\u00e1rove\u0148 \u0161t\u00fdlov\u00fd kus n\u00e1bytku.<\/strong>[\/vc_column_text][\/vc_column][\/vc_row]<\/p>\n","protected":false},"excerpt":{"rendered":"<p>[vc_row][vc_column][vc_column_text]Komoda je jedn\u00fdm z najfunk\u010dnej\u0161\u00edch a mnohokr\u00e1t naj\u0161t\u00fdlovej\u0161\u00edch kusov n\u00e1bytku. Vysok\u00e1 alebo kr\u00e1tka, \u00fazka alebo \u0161irok\u00e1 komoda sa d\u00e1 vyu\u017ei\u0165 viac ako len na ukladanie oble\u010denia. Pripravili sme si pre<\/p>\n","protected":false},"author":562,"featured_media":153104,"comment_status":"closed","ping_status":"open","sticky":false,"template":"","format":"standard","meta":{"footnotes":""},"categories":[1008,1129],"tags":[],"yoast_head":"<!-- This site is optimized with the Yoast SEO plugin v22.1 - https:\/\/yoast.com\/wordpress\/plugins\/seo\/ -->\n<title>Komoda u v\u00e1s doma: Kde v\u0161ade ju m\u00f4\u017eete umiestni\u0165? &#187; iKuchyne iSHOP s n\u00e1bytkom<\/title>\n<meta name=\"description\" content=\"Komoda je jedn\u00fdm z najfunk\u010dnej\u0161\u00edch a mnohokr\u00e1t naj\u0161t\u00fdlovej\u0161\u00edch kusov n\u00e1bytku. Vysok\u00e1 alebo kr\u00e1tka, \u00fazka alebo \u0161irok\u00e1 komoda sa d\u00e1 vyu\u017ei\u0165 r\u00f4zne.\" \/>\n<meta name=\"robots\" content=\"index, follow, max-snippet:-1, max-image-preview:large, max-video-preview:-1\" \/>\n<link rel=\"canonical\" href=\"https:\/\/www.ikuchyne.sk\/eshop\/komoda-u-vas-doma\/\" \/>\n<meta property=\"og:locale\" content=\"sk_SK\" \/>\n<meta property=\"og:type\" content=\"article\" \/>\n<meta property=\"og:title\" content=\"Komoda u v\u00e1s doma: Kde v\u0161ade ju m\u00f4\u017eete umiestni\u0165? &#187; iKuchyne iSHOP s n\u00e1bytkom\" \/>\n<meta property=\"og:description\" content=\"Komoda je jedn\u00fdm z najfunk\u010dnej\u0161\u00edch a mnohokr\u00e1t naj\u0161t\u00fdlovej\u0161\u00edch kusov n\u00e1bytku. Vysok\u00e1 alebo kr\u00e1tka, \u00fazka alebo \u0161irok\u00e1 komoda sa d\u00e1 vyu\u017ei\u0165 r\u00f4zne.\" \/>\n<meta property=\"og:url\" content=\"https:\/\/www.ikuchyne.sk\/eshop\/komoda-u-vas-doma\/\" \/>\n<meta property=\"og:site_name\" content=\"iKuchyne iSHOP s n\u00e1bytkom\" \/>\n<meta property=\"article:publisher\" content=\"https:\/\/www.facebook.com\/ikuchyne\/\" \/>\n<meta property=\"article:published_time\" content=\"2021-06-07T21:54:59+00:00\" \/>\n<meta property=\"article:modified_time\" content=\"2021-06-08T04:51:08+00:00\" \/>\n<meta property=\"og:image\" content=\"https:\/\/www.ikuchyne.sk\/eshop\/wp-content\/uploads\/2021\/06\/87b9a05799a2b2126c775f3b6f5f1e08.jpg\" \/>\n\t<meta property=\"og:image:width\" content=\"564\" \/>\n\t<meta property=\"og:image:height\" content=\"733\" \/>\n\t<meta property=\"og:image:type\" content=\"image\/jpeg\" \/>\n<meta name=\"author\" content=\"Radoslav Hoppej\" \/>\n<meta name=\"twitter:card\" content=\"summary_large_image\" \/>\n<meta name=\"twitter:label1\" content=\"Autor\" \/>\n\t<meta name=\"twitter:data1\" content=\"Radoslav Hoppej\" \/>\n\t<meta name=\"twitter:label2\" content=\"Predpokladan\u00fd \u010das \u010d\u00edtania\" \/>\n\t<meta name=\"twitter:data2\" content=\"4 min\u00faty\" \/>\n<script type=\"application\/ld+json\" class=\"yoast-schema-graph\">{\"@context\":\"https:\/\/schema.org\",\"@graph\":[{\"@type\":\"Article\",\"@id\":\"https:\/\/www.ikuchyne.sk\/eshop\/komoda-u-vas-doma\/#article\",\"isPartOf\":{\"@id\":\"https:\/\/www.ikuchyne.sk\/eshop\/komoda-u-vas-doma\/\"},\"author\":{\"name\":\"Radoslav Hoppej\",\"@id\":\"https:\/\/www.ikuchyne.sk\/eshop\/#\/schema\/person\/faf508efa685ef3a6de82e8f89187f07\"},\"headline\":\"Komoda u v\u00e1s doma: Kde v\u0161ade ju m\u00f4\u017eete umiestni\u0165?\",\"datePublished\":\"2021-06-07T21:54:59+00:00\",\"dateModified\":\"2021-06-08T04:51:08+00:00\",\"mainEntityOfPage\":{\"@id\":\"https:\/\/www.ikuchyne.sk\/eshop\/komoda-u-vas-doma\/\"},\"wordCount\":1160,\"publisher\":{\"@id\":\"https:\/\/www.ikuchyne.sk\/eshop\/#organization\"},\"articleSection\":[\"IN\u0160PIR\u00c1CIE\",\"Produkty v realiz\u00e1ciach\"],\"inLanguage\":\"sk-SK\"},{\"@type\":\"WebPage\",\"@id\":\"https:\/\/www.ikuchyne.sk\/eshop\/komoda-u-vas-doma\/\",\"url\":\"https:\/\/www.ikuchyne.sk\/eshop\/komoda-u-vas-doma\/\",\"name\":\"Komoda u v\u00e1s doma: Kde v\u0161ade ju m\u00f4\u017eete umiestni\u0165? &#187; iKuchyne iSHOP s n\u00e1bytkom\",\"isPartOf\":{\"@id\":\"https:\/\/www.ikuchyne.sk\/eshop\/#website\"},\"datePublished\":\"2021-06-07T21:54:59+00:00\",\"dateModified\":\"2021-06-08T04:51:08+00:00\",\"description\":\"Komoda je jedn\u00fdm z najfunk\u010dnej\u0161\u00edch a mnohokr\u00e1t naj\u0161t\u00fdlovej\u0161\u00edch kusov n\u00e1bytku. Vysok\u00e1 alebo kr\u00e1tka, \u00fazka alebo \u0161irok\u00e1 komoda sa d\u00e1 vyu\u017ei\u0165 r\u00f4zne.\",\"breadcrumb\":{\"@id\":\"https:\/\/www.ikuchyne.sk\/eshop\/komoda-u-vas-doma\/#breadcrumb\"},\"inLanguage\":\"sk-SK\",\"potentialAction\":[{\"@type\":\"ReadAction\",\"target\":[\"https:\/\/www.ikuchyne.sk\/eshop\/komoda-u-vas-doma\/\"]}]},{\"@type\":\"BreadcrumbList\",\"@id\":\"https:\/\/www.ikuchyne.sk\/eshop\/komoda-u-vas-doma\/#breadcrumb\",\"itemListElement\":[{\"@type\":\"ListItem\",\"position\":1,\"name\":\"Home\",\"item\":\"https:\/\/www.ikuchyne.sk\/eshop\/\"},{\"@type\":\"ListItem\",\"position\":2,\"name\":\"Komoda u v\u00e1s doma: Kde v\u0161ade ju m\u00f4\u017eete umiestni\u0165?\"}]},{\"@type\":\"WebSite\",\"@id\":\"https:\/\/www.ikuchyne.sk\/eshop\/#website\",\"url\":\"https:\/\/www.ikuchyne.sk\/eshop\/\",\"name\":\"iKuchyne iSHOP s n\u00e1bytkom\",\"description\":\"Jed\u00e1lensk\u00e9 stoly, stoli\u010dky, n\u00e1bytok, svietidl\u00e1...\",\"publisher\":{\"@id\":\"https:\/\/www.ikuchyne.sk\/eshop\/#organization\"},\"potentialAction\":[{\"@type\":\"SearchAction\",\"target\":{\"@type\":\"EntryPoint\",\"urlTemplate\":\"https:\/\/www.ikuchyne.sk\/eshop\/?s={search_term_string}\"},\"query-input\":\"required name=search_term_string\"}],\"inLanguage\":\"sk-SK\"},{\"@type\":\"Organization\",\"@id\":\"https:\/\/www.ikuchyne.sk\/eshop\/#organization\",\"name\":\"ikuchyne!\",\"url\":\"https:\/\/www.ikuchyne.sk\/eshop\/\",\"logo\":{\"@type\":\"ImageObject\",\"inLanguage\":\"sk-SK\",\"@id\":\"https:\/\/www.ikuchyne.sk\/eshop\/#\/schema\/logo\/image\/\",\"url\":\"https:\/\/www.ikuchyne.sk\/eshop\/wp-content\/uploads\/2017\/04\/ikuchyne-logo.jpg\",\"contentUrl\":\"https:\/\/www.ikuchyne.sk\/eshop\/wp-content\/uploads\/2017\/04\/ikuchyne-logo.jpg\",\"width\":200,\"height\":48,\"caption\":\"ikuchyne!\"},\"image\":{\"@id\":\"https:\/\/www.ikuchyne.sk\/eshop\/#\/schema\/logo\/image\/\"},\"sameAs\":[\"https:\/\/www.facebook.com\/ikuchyne\/\",\"https:\/\/www.instagram.com\/ikuchyne.sk\/\",\"https:\/\/sk.pinterest.com\/ikuchynesk\/\"]},{\"@type\":\"Person\",\"@id\":\"https:\/\/www.ikuchyne.sk\/eshop\/#\/schema\/person\/faf508efa685ef3a6de82e8f89187f07\",\"name\":\"Radoslav Hoppej\",\"image\":{\"@type\":\"ImageObject\",\"inLanguage\":\"sk-SK\",\"@id\":\"https:\/\/www.ikuchyne.sk\/eshop\/#\/schema\/person\/image\/\",\"url\":\"https:\/\/secure.gravatar.com\/avatar\/4c9ab993193882c5d96a1b7b8857464b?s=96&d=wp_user_avatar&r=g\",\"contentUrl\":\"https:\/\/secure.gravatar.com\/avatar\/4c9ab993193882c5d96a1b7b8857464b?s=96&d=wp_user_avatar&r=g\",\"caption\":\"Radoslav Hoppej\"},\"description\":\"Rado sa u\u017e nieko\u013eko rokov venuje p\u00edsaniu a copywritingu na rozli\u010dn\u00e9 t\u00e9my ako je interi\u00e9rov\u00fd dizajn, cestovanie \u010di marketing. Okrem p\u00edsania sa zauj\u00edma aj o spravovanie soci\u00e1lnych siet\u00ed. Spom\u00ednan\u00e9 pracovn\u00e9 aktivity s\u00fa jeho v\u00e1\u0161\u0148ou a splnen\u00fdm snom, a preto ver\u00ed, \u017ee je to vidie\u0165 aj na samotn\u00fdch v\u00fdsledkoch jeho pr\u00e1ce. Ak pr\u00e1ve nepracuje, tak si r\u00e1d za\u0161portuje \u010di pre\u010d\u00edta dobr\u00fa knihu.\",\"url\":\"https:\/\/www.ikuchyne.sk\/eshop\/author\/radoslav-hoppej\/\"}]}<\/script>\n<!-- \/ Yoast SEO plugin. -->","yoast_head_json":{"title":"Komoda u v\u00e1s doma: Kde v\u0161ade ju m\u00f4\u017eete umiestni\u0165? &#187; iKuchyne iSHOP s n\u00e1bytkom","description":"Komoda je jedn\u00fdm z najfunk\u010dnej\u0161\u00edch a mnohokr\u00e1t naj\u0161t\u00fdlovej\u0161\u00edch kusov n\u00e1bytku. Vysok\u00e1 alebo kr\u00e1tka, \u00fazka alebo \u0161irok\u00e1 komoda sa d\u00e1 vyu\u017ei\u0165 r\u00f4zne.","robots":{"index":"index","follow":"follow","max-snippet":"max-snippet:-1","max-image-preview":"max-image-preview:large","max-video-preview":"max-video-preview:-1"},"canonical":"https:\/\/www.ikuchyne.sk\/eshop\/komoda-u-vas-doma\/","og_locale":"sk_SK","og_type":"article","og_title":"Komoda u v\u00e1s doma: Kde v\u0161ade ju m\u00f4\u017eete umiestni\u0165? &#187; iKuchyne iSHOP s n\u00e1bytkom","og_description":"Komoda je jedn\u00fdm z najfunk\u010dnej\u0161\u00edch a mnohokr\u00e1t naj\u0161t\u00fdlovej\u0161\u00edch kusov n\u00e1bytku. Vysok\u00e1 alebo kr\u00e1tka, \u00fazka alebo \u0161irok\u00e1 komoda sa d\u00e1 vyu\u017ei\u0165 r\u00f4zne.","og_url":"https:\/\/www.ikuchyne.sk\/eshop\/komoda-u-vas-doma\/","og_site_name":"iKuchyne iSHOP s n\u00e1bytkom","article_publisher":"https:\/\/www.facebook.com\/ikuchyne\/","article_published_time":"2021-06-07T21:54:59+00:00","article_modified_time":"2021-06-08T04:51:08+00:00","og_image":[{"width":564,"height":733,"url":"https:\/\/www.ikuchyne.sk\/eshop\/wp-content\/uploads\/2021\/06\/87b9a05799a2b2126c775f3b6f5f1e08.jpg","type":"image\/jpeg"}],"author":"Radoslav Hoppej","twitter_card":"summary_large_image","twitter_misc":{"Autor":"Radoslav Hoppej","Predpokladan\u00fd \u010das \u010d\u00edtania":"4 min\u00faty"},"schema":{"@context":"https:\/\/schema.org","@graph":[{"@type":"Article","@id":"https:\/\/www.ikuchyne.sk\/eshop\/komoda-u-vas-doma\/#article","isPartOf":{"@id":"https:\/\/www.ikuchyne.sk\/eshop\/komoda-u-vas-doma\/"},"author":{"name":"Radoslav Hoppej","@id":"https:\/\/www.ikuchyne.sk\/eshop\/#\/schema\/person\/faf508efa685ef3a6de82e8f89187f07"},"headline":"Komoda u v\u00e1s doma: Kde v\u0161ade ju m\u00f4\u017eete umiestni\u0165?","datePublished":"2021-06-07T21:54:59+00:00","dateModified":"2021-06-08T04:51:08+00:00","mainEntityOfPage":{"@id":"https:\/\/www.ikuchyne.sk\/eshop\/komoda-u-vas-doma\/"},"wordCount":1160,"publisher":{"@id":"https:\/\/www.ikuchyne.sk\/eshop\/#organization"},"articleSection":["IN\u0160PIR\u00c1CIE","Produkty v realiz\u00e1ciach"],"inLanguage":"sk-SK"},{"@type":"WebPage","@id":"https:\/\/www.ikuchyne.sk\/eshop\/komoda-u-vas-doma\/","url":"https:\/\/www.ikuchyne.sk\/eshop\/komoda-u-vas-doma\/","name":"Komoda u v\u00e1s doma: Kde v\u0161ade ju m\u00f4\u017eete umiestni\u0165? &#187; iKuchyne iSHOP s n\u00e1bytkom","isPartOf":{"@id":"https:\/\/www.ikuchyne.sk\/eshop\/#website"},"datePublished":"2021-06-07T21:54:59+00:00","dateModified":"2021-06-08T04:51:08+00:00","description":"Komoda je jedn\u00fdm z najfunk\u010dnej\u0161\u00edch a mnohokr\u00e1t naj\u0161t\u00fdlovej\u0161\u00edch kusov n\u00e1bytku. Vysok\u00e1 alebo kr\u00e1tka, \u00fazka alebo \u0161irok\u00e1 komoda sa d\u00e1 vyu\u017ei\u0165 r\u00f4zne.","breadcrumb":{"@id":"https:\/\/www.ikuchyne.sk\/eshop\/komoda-u-vas-doma\/#breadcrumb"},"inLanguage":"sk-SK","potentialAction":[{"@type":"ReadAction","target":["https:\/\/www.ikuchyne.sk\/eshop\/komoda-u-vas-doma\/"]}]},{"@type":"BreadcrumbList","@id":"https:\/\/www.ikuchyne.sk\/eshop\/komoda-u-vas-doma\/#breadcrumb","itemListElement":[{"@type":"ListItem","position":1,"name":"Home","item":"https:\/\/www.ikuchyne.sk\/eshop\/"},{"@type":"ListItem","position":2,"name":"Komoda u v\u00e1s doma: Kde v\u0161ade ju m\u00f4\u017eete umiestni\u0165?"}]},{"@type":"WebSite","@id":"https:\/\/www.ikuchyne.sk\/eshop\/#website","url":"https:\/\/www.ikuchyne.sk\/eshop\/","name":"iKuchyne iSHOP s n\u00e1bytkom","description":"Jed\u00e1lensk\u00e9 stoly, stoli\u010dky, n\u00e1bytok, svietidl\u00e1...","publisher":{"@id":"https:\/\/www.ikuchyne.sk\/eshop\/#organization"},"potentialAction":[{"@type":"SearchAction","target":{"@type":"EntryPoint","urlTemplate":"https:\/\/www.ikuchyne.sk\/eshop\/?s={search_term_string}"},"query-input":"required name=search_term_string"}],"inLanguage":"sk-SK"},{"@type":"Organization","@id":"https:\/\/www.ikuchyne.sk\/eshop\/#organization","name":"ikuchyne!","url":"https:\/\/www.ikuchyne.sk\/eshop\/","logo":{"@type":"ImageObject","inLanguage":"sk-SK","@id":"https:\/\/www.ikuchyne.sk\/eshop\/#\/schema\/logo\/image\/","url":"https:\/\/www.ikuchyne.sk\/eshop\/wp-content\/uploads\/2017\/04\/ikuchyne-logo.jpg","contentUrl":"https:\/\/www.ikuchyne.sk\/eshop\/wp-content\/uploads\/2017\/04\/ikuchyne-logo.jpg","width":200,"height":48,"caption":"ikuchyne!"},"image":{"@id":"https:\/\/www.ikuchyne.sk\/eshop\/#\/schema\/logo\/image\/"},"sameAs":["https:\/\/www.facebook.com\/ikuchyne\/","https:\/\/www.instagram.com\/ikuchyne.sk\/","https:\/\/sk.pinterest.com\/ikuchynesk\/"]},{"@type":"Person","@id":"https:\/\/www.ikuchyne.sk\/eshop\/#\/schema\/person\/faf508efa685ef3a6de82e8f89187f07","name":"Radoslav Hoppej","image":{"@type":"ImageObject","inLanguage":"sk-SK","@id":"https:\/\/www.ikuchyne.sk\/eshop\/#\/schema\/person\/image\/","url":"https:\/\/secure.gravatar.com\/avatar\/4c9ab993193882c5d96a1b7b8857464b?s=96&d=wp_user_avatar&r=g","contentUrl":"https:\/\/secure.gravatar.com\/avatar\/4c9ab993193882c5d96a1b7b8857464b?s=96&d=wp_user_avatar&r=g","caption":"Radoslav Hoppej"},"description":"Rado sa u\u017e nieko\u013eko rokov venuje p\u00edsaniu a copywritingu na rozli\u010dn\u00e9 t\u00e9my ako je interi\u00e9rov\u00fd dizajn, cestovanie \u010di marketing. Okrem p\u00edsania sa zauj\u00edma aj o spravovanie soci\u00e1lnych siet\u00ed. Spom\u00ednan\u00e9 pracovn\u00e9 aktivity s\u00fa jeho v\u00e1\u0161\u0148ou a splnen\u00fdm snom, a preto ver\u00ed, \u017ee je to vidie\u0165 aj na samotn\u00fdch v\u00fdsledkoch jeho pr\u00e1ce. Ak pr\u00e1ve nepracuje, tak si r\u00e1d za\u0161portuje \u010di pre\u010d\u00edta dobr\u00fa knihu.","url":"https:\/\/www.ikuchyne.sk\/eshop\/author\/radoslav-hoppej\/"}]}},"_links":{"self":[{"href":"https:\/\/www.ikuchyne.sk\/eshop\/wp-json\/wp\/v2\/posts\/153080"}],"collection":[{"href":"https:\/\/www.ikuchyne.sk\/eshop\/wp-json\/wp\/v2\/posts"}],"about":[{"href":"https:\/\/www.ikuchyne.sk\/eshop\/wp-json\/wp\/v2\/types\/post"}],"author":[{"embeddable":true,"href":"https:\/\/www.ikuchyne.sk\/eshop\/wp-json\/wp\/v2\/users\/562"}],"replies":[{"embeddable":true,"href":"https:\/\/www.ikuchyne.sk\/eshop\/wp-json\/wp\/v2\/comments?post=153080"}],"version-history":[{"count":2,"href":"https:\/\/www.ikuchyne.sk\/eshop\/wp-json\/wp\/v2\/posts\/153080\/revisions"}],"predecessor-version":[{"id":153105,"href":"https:\/\/www.ikuchyne.sk\/eshop\/wp-json\/wp\/v2\/posts\/153080\/revisions\/153105"}],"wp:featuredmedia":[{"embeddable":true,"href":"https:\/\/www.ikuchyne.sk\/eshop\/wp-json\/wp\/v2\/media\/153104"}],"wp:attachment":[{"href":"https:\/\/www.ikuchyne.sk\/eshop\/wp-json\/wp\/v2\/media?parent=153080"}],"wp:term":[{"taxonomy":"category","embeddable":true,"href":"https:\/\/www.ikuchyne.sk\/eshop\/wp-json\/wp\/v2\/categories?post=153080"},{"taxonomy":"post_tag","embeddable":true,"href":"https:\/\/www.ikuchyne.sk\/eshop\/wp-json\/wp\/v2\/tags?post=153080"}],"curies":[{"name":"wp","href":"https:\/\/api.w.org\/{rel}","templated":true}]}}