{"id":153277,"date":"2021-06-14T13:23:20","date_gmt":"2021-06-14T11:23:20","guid":{"rendered":"https:\/\/www.ikuchyne.sk\/eshop\/?p=153277"},"modified":"2021-06-14T13:41:32","modified_gmt":"2021-06-14T11:41:32","slug":"jedalen-vo-vidieckom-style-5-tipov-ako-na-to","status":"publish","type":"post","link":"https:\/\/www.ikuchyne.sk\/eshop\/jedalen-vo-vidieckom-style-5-tipov-ako-na-to\/","title":{"rendered":"Jed\u00e1le\u0148 vo vidieckom \u0161t\u00fdle? 5 tipov, ako na to!"},"content":{"rendered":"<p>[vc_row][vc_column][vc_column_text]Kto by to bol kedy povedal, \u017ee vidiecky retro \u0161t\u00fdl bude v pokro\u010dilom 21. storo\u010d\u00ed tak\u00fd popul\u00e1rny nielen medzi interi\u00e9rov\u00fdmi dizajn\u00e9rmi, ale aj medzi \u0161irokou verejnos\u0165ou? Ka\u017edop\u00e1dne, je tomu tak! A pr\u00e1ve v\u010faka tejto skuto\u010dnosti si m\u00f4\u017eete aj vy do s\u00fdtosti vychutn\u00e1va\u0165 neopakovate\u013en\u00fa atmosf\u00e9ru, ktor\u00fa dok\u00e1\u017eu vo va\u0161ej dom\u00e1cnosti vykresli\u0165 takzvan\u00e9 vidiecke k\u00fasky. Sp\u00edsali sme preto <strong>5 tipov, ako si vo vidieckom \u0161t\u00fdle vkusne a origin\u00e1lne zariadi\u0165 jed\u00e1le\u0148<\/strong>. Hlavn\u00fa \u00falohu v nich zohr\u00e1vaj\u00fa stoly, stoli\u010dky a lavice.[\/vc_column_text][\/vc_column][\/vc_row][vc_row][vc_column][vc_column_text]<\/p>\n<h2><span style=\"color: #e3245e;\"><b>Va\u0161a jed\u00e1le\u0148 s t\u00fdmto \u0161t\u00fdlom zaboduje<br \/>\n<\/b><\/span><\/h2>\n<p>Stoly, stoli\u010dky a lavice vo vidieckom \u0161t\u00fdle. Ich hlavnou dev\u00edzou je \u00fa\u017easn\u00e1 v\u00f4\u0148a a jedine\u010dn\u00e1 \u0161trukt\u00fara. Nami vybran\u00e9 k\u00fasky sa vyr\u00e1baj\u00fa z dreva, v\u010faka \u010domu maj\u00fa unik\u00e1tne vlastnosti. Pozor, net\u00fdkaj\u00fa sa len vizu\u00e1lnej str\u00e1nky! Drevo je toti\u017eto pri spr\u00e1vnej starostlivosti <strong>mimoriadne odoln\u00e9, pri\u010dom sa vyzna\u010duje dlhou \u017eivotnos\u0165ou<\/strong>. Vzh\u013eadom na to ide o invest\u00edciu do dom\u00e1cnosti, ktor\u00e1 sa v\u00e1m jednozna\u010dne vyplat\u00ed.<\/p>\n<p>Toto je na\u0161ich 5 tipov na to, ako si \u0161t\u00fdlovo zariadi\u0165 jed\u00e1le\u0148 vo vidieckom \u0161t\u00fdle:[\/vc_column_text][\/vc_column][\/vc_row][vc_row][vc_column][vc_column_text]<\/p>\n<h4><span style=\"color: #e3245e;\"><b>1. Dizajnov\u00e1 s\u00e9ria Long Island<br \/>\n<\/b><\/span><\/h4>\n<p>Jednotkou n\u00e1\u0161ho zoznamu nem\u00f4\u017ee by\u0165 v tomto pr\u00edpade ni\u010d in\u00e9 ako <a href=\"https:\/\/www.ikuchyne.sk\/eshop\/?s=long+island&amp;product_cat=0&amp;post_type=product\"><span style=\"color: #e3245e;\">dizajnov\u00e1 s\u00e9ria Long Island<\/span><\/a>, ktor\u00e1 nesmierne vkusne kombinuje dve interi\u00e9rovo popul\u00e1rne farby \u2013 univerz\u00e1lnu bielu a pr\u00edrodn\u00fa hned\u00fa. Vidiecke stoli\u010dky, ako aj vidiecky st\u00f4l s vidieckou lavicou, s\u00fa v r\u00e1mci s\u00e9rie Long Island <strong>vyr\u00e1ban\u00e9 z mas\u00edvneho mangov\u00e9ho dreva, ktor\u00e9ho povrch je upraven\u00fd lakovan\u00edm<\/strong>. V\u010faka tejto skuto\u010dnosti sa m\u00f4\u017eete spo\u013eahn\u00fa\u0165, \u017ee v\u00e1m neporu\u0161ene vydr\u017eia poriadne dlh\u00fa dobu.[\/vc_column_text][vc_single_image image=&#8221;153281&#8243; img_size=&#8221;large&#8221; add_caption=&#8221;yes&#8221; alignment=&#8221;center&#8221; style=&#8221;vc_box_rounded&#8221; onclick=&#8221;custom_link&#8221; img_link_target=&#8221;_blank&#8221; link=&#8221;https:\/\/www.ikuchyne.sk\/eshop\/produkt\/stolicka-long-island-mango\/&#8221;][vc_column_text]<\/p>\n<h4><span style=\"color: #e3245e;\"><b>2. Vidiecke stoli\u010dky a stoly Lagos<br \/>\n<\/b><\/span><\/h4>\n<p>\u010eal\u0161\u00edmi k\u00faskami, ktor\u00fdmi sa d\u00e1 n\u00e1ramne zariadi\u0165 jed\u00e1le\u0148 vo vidieckom \u0161t\u00fdle, s\u00fa<a href=\"https:\/\/www.ikuchyne.sk\/eshop\/kategoria\/seria-lagos\/\"><span style=\"color: #e3245e;\"> vidiecke stoly a stoli\u010dky Lagos<\/span><\/a>. Ke\u010f by sme ich mali porovna\u0165 s vy\u0161\u0161ie zmie\u0148ovan\u00fdmi produktmi zo s\u00e9rie Long Island, tak by sme ich odporu\u010dili o \u010dosi konzervat\u00edvnej\u0161\u00edm z\u00e1kazn\u00edkom.<\/p>\n<p>Stoly a stoli\u010dky Lagos p\u00f4sobia toti\u017eto uhladen\u00fdm a neru\u0161en\u00fdm dojmom, za \u010do m\u00f4\u017ee ich \u201ecelopr\u00edrodn\u00e9 prevedenie\u201c bez akejko\u013evek inej farby. Nech\u00e1vaj\u00fa tak dokonal\u00fdm sp\u00f4sobom vynikn\u00fa\u0165 \u0161pecifick\u00fa \u0161trukt\u00faru <strong>mas\u00edvneho, kvalitn\u00e9ho a z\u00e1rove\u0148 origin\u00e1lneho dreva sheesham<\/strong>.<\/p>\n<p>No a mus\u00edme doda\u0165, \u017ee rovnako ako predo\u0161l\u00e1 s\u00e9ria, aj vidiecke stoly a stoli\u010dky Lagos s\u00fa o\u0161etren\u00e9 odoln\u00fdm ochrann\u00fdm lakom.[\/vc_column_text][vc_single_image image=&#8221;153282&#8243; img_size=&#8221;large&#8221; add_caption=&#8221;yes&#8221; alignment=&#8221;center&#8221; style=&#8221;vc_box_rounded&#8221; onclick=&#8221;custom_link&#8221; img_link_target=&#8221;_blank&#8221; link=&#8221;https:\/\/www.ikuchyne.sk\/eshop\/produkt\/stolicka-lagos-sheesham\/&#8221;][vc_column_text]<\/p>\n<h4><span style=\"color: #e3245e;\"><b>3. Dizajnov\u00e1 s\u00e9ria Makassar<br \/>\n<\/b><\/span><\/h4>\n<p>Tak ako vidiecke stoly a stoli\u010dky Lagos, aj <a href=\"https:\/\/www.ikuchyne.sk\/eshop\/?s=makassar&amp;product_cat=0&amp;post_type=product\"><span style=\"color: #e3245e;\">dizajnov\u00e1 s\u00e9ria Makassar<\/span><\/a> <strong>p\u00fata pozornos\u0165 ob\u013e\u00faben\u00fdm drevom sheesham<\/strong>. Odli\u0161nos\u0165 medzi jednotliv\u00fdmi k\u00faskami dan\u00fdch produktov\u00fdch r\u00e1d je v\u0161ak mo\u017en\u00e9 bada\u0165 hne\u010f na prv\u00fd poh\u013ead \u2013 a to obzvl\u00e1\u0161\u0165 pri jed\u00e1lensk\u00fdch stoli\u010dk\u00e1ch.<\/p>\n<p>Zatia\u013e \u010do jed\u00e1lensk\u00e9 stoli\u010dky Lagos maj\u00fa dreven\u00fa kompoz\u00edciu operadla tvoren\u00fa vodorovne, vidiecke stoli\u010dky Makassar ju maj\u00fa zvisl\u00fa. Ned\u00e1 sa ale ur\u010di\u0165, \u010do je lep\u0161ie. Je to vec osobn\u00e9ho vkusu. Koniec koncov, ako sa hovor\u00ed \u2013 <em>sto \u013eud\u00ed, sto chut\u00ed<\/em>.[\/vc_column_text][vc_single_image image=&#8221;153283&#8243; img_size=&#8221;large&#8221; add_caption=&#8221;yes&#8221; alignment=&#8221;center&#8221; style=&#8221;vc_box_rounded&#8221; onclick=&#8221;custom_link&#8221; img_link_target=&#8221;_blank&#8221; link=&#8221;https:\/\/www.ikuchyne.sk\/eshop\/produkt\/stolicka-makassar-sheesham-2\/&#8221;][vc_column_text]<\/p>\n<h4><span style=\"color: #e3245e;\"><b>4. Jed\u00e1le\u0148 s vidieckou lavicou a stolom zo s\u00e9rie Mammut<br \/>\n<\/b><\/span><\/h4>\n<p>V s\u00favislosti so zaria\u010fovan\u00edm jed\u00e1lne vo vidieckom \u0161t\u00fdle nem\u00f4\u017eeme vynecha\u0165 ani <a href=\"https:\/\/www.ikuchyne.sk\/eshop\/?s=mammut&amp;product_cat=0&amp;post_type=product\"><span style=\"color: #e3245e;\">vidiecke lavice a stoly Mammut<\/span><\/a>. Dizajnov\u00e1 s\u00e9ria Mammut s\u00edce nie je r\u00fddzo vidieckou, no aj napriek tomu, \u017ee vkusne zapasuje taktie\u017e do moderne \u010di \u0161kandin\u00e1vsky zariaden\u00fdch dom\u00e1cnosti, nesmie v na\u0161om zozname ch\u00fdba\u0165.<\/p>\n<p>Pre\u010do? Preto\u017ee pon\u00faka <strong>\u00fa\u017easn\u00e9 k\u00fasky z mas\u00edvneho ag\u00e1tov\u00e9ho dreva<\/strong>, ktor\u00e9 patr\u00ed samo o sebe medzi vysoko odoln\u00e9. No a ke\u010f sa k nemu prid\u00e1 e\u0161te aj ochrann\u00fd lak spolu s kovov\u00fdmi komponentmi, dostanete jed\u00e1lensk\u00fa s\u00fapravu, ktor\u00e1 v\u00e1m vydr\u017e\u00ed doslova a do p\u00edsmena na ve\u010dn\u00e9 veky.[\/vc_column_text][vc_single_image image=&#8221;153284&#8243; img_size=&#8221;large&#8221; add_caption=&#8221;yes&#8221; alignment=&#8221;center&#8221; style=&#8221;vc_box_rounded&#8221; onclick=&#8221;custom_link&#8221; img_link_target=&#8221;_blank&#8221; link=&#8221;https:\/\/www.ikuchyne.sk\/eshop\/produkt\/jedalensky-stol-mammut-x-200cm-agat-60mm-honey\/&#8221;][\/vc_column][\/vc_row][vc_row][vc_column][vc_column_text]<\/p>\n<h4><span style=\"color: #e3245e;\"><b>5. Vidiecke stoly a lavice Iron Craft<br \/>\n<\/b><\/span><\/h4>\n<p>A na sam\u00fd z\u00e1ver sme si ponechali <a href=\"https:\/\/www.ikuchyne.sk\/eshop\/?s=iron+craft&amp;product_cat=0&amp;post_type=product\"><span style=\"color: #e3245e;\">vidiecke stoly a lavice Iron Craft<\/span><\/a>, ktor\u00fdmi sa d\u00e1 taktie\u017e fantasticky zariadi\u0165 jed\u00e1le\u0148 vo vidieckom \u0161t\u00fdle. Ke\u010f\u017ee <strong>mangov\u00e9 produkty z rady Iron Craft disponuj\u00fa kovov\u00fdmi podno\u017eami<\/strong> (podobne ako lavice a stoly Mammut), vkusne vynikn\u00fa takpovediac v hocakej dom\u00e1cnosti.[\/vc_column_text][vc_single_image image=&#8221;153285&#8243; img_size=&#8221;large&#8221; add_caption=&#8221;yes&#8221; alignment=&#8221;center&#8221; style=&#8221;vc_box_rounded&#8221; onclick=&#8221;custom_link&#8221; img_link_target=&#8221;_blank&#8221; link=&#8221;https:\/\/www.ikuchyne.sk\/eshop\/produkt\/lavica-iron-craft-x-200cm-mango-prirodna-70mm\/&#8221;][vc_message icon_fontawesome=&#8221;&#8221;]<b>TIP NA Z\u00c1VER: <\/b>Pozrite si n\u00e1\u0161 <a href=\"https:\/\/ikuchyne.sk\/eshop\/\"><span style=\"color: #e3245e;\">e-shop<\/span><\/a>, v ktorom n\u00e1jdete mnoho produktov vo vidieckom \u0161t\u00fdle, s ktor\u00fdmi bude va\u0161a jed\u00e1le\u0148 dokonalo a moderne vidiecka. Sta\u010d\u00ed si vybra\u0165 z ve\u013ek\u00e9ho mno\u017estva produktov tie ide\u00e1lne pre v\u00e1\u0161 domov.[\/vc_message][\/vc_column][\/vc_row]<\/p>\n","protected":false},"excerpt":{"rendered":"<p>[vc_row][vc_column][vc_column_text]Kto by to bol kedy povedal, \u017ee vidiecky retro \u0161t\u00fdl bude v pokro\u010dilom 21. storo\u010d\u00ed tak\u00fd popul\u00e1rny nielen medzi interi\u00e9rov\u00fdmi dizajn\u00e9rmi, ale aj medzi \u0161irokou verejnos\u0165ou? Ka\u017edop\u00e1dne, je tomu tak!<\/p>\n","protected":false},"author":547,"featured_media":153286,"comment_status":"closed","ping_status":"open","sticky":false,"template":"","format":"standard","meta":{"footnotes":""},"categories":[1008,1129],"tags":[],"yoast_head":"<!-- This site is optimized with the Yoast SEO plugin v22.1 - https:\/\/yoast.com\/wordpress\/plugins\/seo\/ -->\n<title>Jed\u00e1le\u0148 vo vidieckom \u0161t\u00fdle? 5 tipov, ako na to! &#187; iKuchyne iSHOP s n\u00e1bytkom<\/title>\n<meta name=\"description\" content=\"Vidiecky retro \u0161t\u00fdl je v pokro\u010dilom 21. storo\u010d\u00ed ve\u013emi popul\u00e1rny. Sp\u00edsali sme preto 5 tipov, ako si vo vidieckom \u0161t\u00fdle zariadi\u0165 jed\u00e1le\u0148.\" \/>\n<meta name=\"robots\" content=\"index, follow, max-snippet:-1, max-image-preview:large, max-video-preview:-1\" \/>\n<link rel=\"canonical\" href=\"https:\/\/www.ikuchyne.sk\/eshop\/jedalen-vo-vidieckom-style-5-tipov-ako-na-to\/\" \/>\n<meta property=\"og:locale\" content=\"sk_SK\" \/>\n<meta property=\"og:type\" content=\"article\" \/>\n<meta property=\"og:title\" content=\"Jed\u00e1le\u0148 vo vidieckom \u0161t\u00fdle? 5 tipov, ako na to! &#187; iKuchyne iSHOP s n\u00e1bytkom\" \/>\n<meta property=\"og:description\" content=\"Vidiecky retro \u0161t\u00fdl je v pokro\u010dilom 21. storo\u010d\u00ed ve\u013emi popul\u00e1rny. Sp\u00edsali sme preto 5 tipov, ako si vo vidieckom \u0161t\u00fdle zariadi\u0165 jed\u00e1le\u0148.\" \/>\n<meta property=\"og:url\" content=\"https:\/\/www.ikuchyne.sk\/eshop\/jedalen-vo-vidieckom-style-5-tipov-ako-na-to\/\" \/>\n<meta property=\"og:site_name\" content=\"iKuchyne iSHOP s n\u00e1bytkom\" \/>\n<meta property=\"article:publisher\" content=\"https:\/\/www.facebook.com\/ikuchyne\/\" \/>\n<meta property=\"article:published_time\" content=\"2021-06-14T11:23:20+00:00\" \/>\n<meta property=\"article:modified_time\" content=\"2021-06-14T11:41:32+00:00\" \/>\n<meta property=\"og:image\" content=\"https:\/\/www.ikuchyne.sk\/eshop\/wp-content\/uploads\/2021\/06\/d12397fcb5861d3b194342e640411252.jpg\" \/>\n\t<meta property=\"og:image:width\" content=\"564\" \/>\n\t<meta property=\"og:image:height\" content=\"705\" \/>\n\t<meta property=\"og:image:type\" content=\"image\/jpeg\" \/>\n<meta name=\"author\" content=\"Patrik Putera\" \/>\n<meta name=\"twitter:card\" content=\"summary_large_image\" \/>\n<meta name=\"twitter:label1\" content=\"Autor\" \/>\n\t<meta name=\"twitter:data1\" content=\"Patrik Putera\" \/>\n\t<meta name=\"twitter:label2\" content=\"Predpokladan\u00fd \u010das \u010d\u00edtania\" \/>\n\t<meta name=\"twitter:data2\" content=\"3 min\u00faty\" \/>\n<script type=\"application\/ld+json\" class=\"yoast-schema-graph\">{\"@context\":\"https:\/\/schema.org\",\"@graph\":[{\"@type\":\"Article\",\"@id\":\"https:\/\/www.ikuchyne.sk\/eshop\/jedalen-vo-vidieckom-style-5-tipov-ako-na-to\/#article\",\"isPartOf\":{\"@id\":\"https:\/\/www.ikuchyne.sk\/eshop\/jedalen-vo-vidieckom-style-5-tipov-ako-na-to\/\"},\"author\":{\"name\":\"Patrik Putera\",\"@id\":\"https:\/\/www.ikuchyne.sk\/eshop\/#\/schema\/person\/4fd38b35f49f94b71012a747f1163332\"},\"headline\":\"Jed\u00e1le\u0148 vo vidieckom \u0161t\u00fdle? 5 tipov, ako na to!\",\"datePublished\":\"2021-06-14T11:23:20+00:00\",\"dateModified\":\"2021-06-14T11:41:32+00:00\",\"mainEntityOfPage\":{\"@id\":\"https:\/\/www.ikuchyne.sk\/eshop\/jedalen-vo-vidieckom-style-5-tipov-ako-na-to\/\"},\"wordCount\":1033,\"publisher\":{\"@id\":\"https:\/\/www.ikuchyne.sk\/eshop\/#organization\"},\"articleSection\":[\"IN\u0160PIR\u00c1CIE\",\"Produkty v realiz\u00e1ciach\"],\"inLanguage\":\"sk-SK\"},{\"@type\":\"WebPage\",\"@id\":\"https:\/\/www.ikuchyne.sk\/eshop\/jedalen-vo-vidieckom-style-5-tipov-ako-na-to\/\",\"url\":\"https:\/\/www.ikuchyne.sk\/eshop\/jedalen-vo-vidieckom-style-5-tipov-ako-na-to\/\",\"name\":\"Jed\u00e1le\u0148 vo vidieckom \u0161t\u00fdle? 5 tipov, ako na to! &#187; iKuchyne iSHOP s n\u00e1bytkom\",\"isPartOf\":{\"@id\":\"https:\/\/www.ikuchyne.sk\/eshop\/#website\"},\"datePublished\":\"2021-06-14T11:23:20+00:00\",\"dateModified\":\"2021-06-14T11:41:32+00:00\",\"description\":\"Vidiecky retro \u0161t\u00fdl je v pokro\u010dilom 21. storo\u010d\u00ed ve\u013emi popul\u00e1rny. Sp\u00edsali sme preto 5 tipov, ako si vo vidieckom \u0161t\u00fdle zariadi\u0165 jed\u00e1le\u0148.\",\"breadcrumb\":{\"@id\":\"https:\/\/www.ikuchyne.sk\/eshop\/jedalen-vo-vidieckom-style-5-tipov-ako-na-to\/#breadcrumb\"},\"inLanguage\":\"sk-SK\",\"potentialAction\":[{\"@type\":\"ReadAction\",\"target\":[\"https:\/\/www.ikuchyne.sk\/eshop\/jedalen-vo-vidieckom-style-5-tipov-ako-na-to\/\"]}]},{\"@type\":\"BreadcrumbList\",\"@id\":\"https:\/\/www.ikuchyne.sk\/eshop\/jedalen-vo-vidieckom-style-5-tipov-ako-na-to\/#breadcrumb\",\"itemListElement\":[{\"@type\":\"ListItem\",\"position\":1,\"name\":\"Home\",\"item\":\"https:\/\/www.ikuchyne.sk\/eshop\/\"},{\"@type\":\"ListItem\",\"position\":2,\"name\":\"Jed\u00e1le\u0148 vo vidieckom \u0161t\u00fdle? 5 tipov, ako na to!\"}]},{\"@type\":\"WebSite\",\"@id\":\"https:\/\/www.ikuchyne.sk\/eshop\/#website\",\"url\":\"https:\/\/www.ikuchyne.sk\/eshop\/\",\"name\":\"iKuchyne iSHOP s n\u00e1bytkom\",\"description\":\"Jed\u00e1lensk\u00e9 stoly, stoli\u010dky, n\u00e1bytok, svietidl\u00e1...\",\"publisher\":{\"@id\":\"https:\/\/www.ikuchyne.sk\/eshop\/#organization\"},\"potentialAction\":[{\"@type\":\"SearchAction\",\"target\":{\"@type\":\"EntryPoint\",\"urlTemplate\":\"https:\/\/www.ikuchyne.sk\/eshop\/?s={search_term_string}\"},\"query-input\":\"required name=search_term_string\"}],\"inLanguage\":\"sk-SK\"},{\"@type\":\"Organization\",\"@id\":\"https:\/\/www.ikuchyne.sk\/eshop\/#organization\",\"name\":\"ikuchyne!\",\"url\":\"https:\/\/www.ikuchyne.sk\/eshop\/\",\"logo\":{\"@type\":\"ImageObject\",\"inLanguage\":\"sk-SK\",\"@id\":\"https:\/\/www.ikuchyne.sk\/eshop\/#\/schema\/logo\/image\/\",\"url\":\"https:\/\/www.ikuchyne.sk\/eshop\/wp-content\/uploads\/2017\/04\/ikuchyne-logo.jpg\",\"contentUrl\":\"https:\/\/www.ikuchyne.sk\/eshop\/wp-content\/uploads\/2017\/04\/ikuchyne-logo.jpg\",\"width\":200,\"height\":48,\"caption\":\"ikuchyne!\"},\"image\":{\"@id\":\"https:\/\/www.ikuchyne.sk\/eshop\/#\/schema\/logo\/image\/\"},\"sameAs\":[\"https:\/\/www.facebook.com\/ikuchyne\/\",\"https:\/\/www.instagram.com\/ikuchyne.sk\/\",\"https:\/\/sk.pinterest.com\/ikuchynesk\/\"]},{\"@type\":\"Person\",\"@id\":\"https:\/\/www.ikuchyne.sk\/eshop\/#\/schema\/person\/4fd38b35f49f94b71012a747f1163332\",\"name\":\"Patrik Putera\",\"image\":{\"@type\":\"ImageObject\",\"inLanguage\":\"sk-SK\",\"@id\":\"https:\/\/www.ikuchyne.sk\/eshop\/#\/schema\/person\/image\/\",\"url\":\"https:\/\/www.ikuchyne.sk\/eshop\/wp-content\/plugins\/wp-user-avatar\/deprecated\/wp-user-avatar\/images\/wpua-96x96.png\",\"contentUrl\":\"https:\/\/www.ikuchyne.sk\/eshop\/wp-content\/plugins\/wp-user-avatar\/deprecated\/wp-user-avatar\/images\/wpua-96x96.png\",\"caption\":\"Patrik Putera\"},\"description\":\"Patrik sa za\u010dal akt\u00edvnej\u0161ie venova\u0165 p\u00edsaniu po\u010das \u00faspe\u0161n\u00e9ho \u0161t\u00fadia na Fakulte masmedi\u00e1lnej komunik\u00e1cie a\u00a0pokra\u010duje v\u00a0tom dodnes. Najrad\u0161ej p\u00ed\u0161e o\u00a0architekt\u00fare,\u00a0\u0161porte, akt\u00edvnom a\u00a0zdravom \u017eivotnom \u0161t\u00fdle, osobnostnom rozvoji \u010di gastron\u00f3mii, ale nem\u00e1 probl\u00e9m spracova\u0165 aj in\u00e9 t\u00e9my. Vo\u013en\u00e9 chv\u00edle tr\u00e1vi s\u00a0man\u017eelkou a\u00a0tr\u00e9novan\u00edm futbalov\u00fdch ml\u00e1de\u017en\u00edckych kateg\u00f3ri\u00ed.\",\"url\":\"https:\/\/www.ikuchyne.sk\/eshop\/author\/patrik-putera\/\"}]}<\/script>\n<!-- \/ Yoast SEO plugin. -->","yoast_head_json":{"title":"Jed\u00e1le\u0148 vo vidieckom \u0161t\u00fdle? 5 tipov, ako na to! &#187; iKuchyne iSHOP s n\u00e1bytkom","description":"Vidiecky retro \u0161t\u00fdl je v pokro\u010dilom 21. storo\u010d\u00ed ve\u013emi popul\u00e1rny. Sp\u00edsali sme preto 5 tipov, ako si vo vidieckom \u0161t\u00fdle zariadi\u0165 jed\u00e1le\u0148.","robots":{"index":"index","follow":"follow","max-snippet":"max-snippet:-1","max-image-preview":"max-image-preview:large","max-video-preview":"max-video-preview:-1"},"canonical":"https:\/\/www.ikuchyne.sk\/eshop\/jedalen-vo-vidieckom-style-5-tipov-ako-na-to\/","og_locale":"sk_SK","og_type":"article","og_title":"Jed\u00e1le\u0148 vo vidieckom \u0161t\u00fdle? 5 tipov, ako na to! &#187; iKuchyne iSHOP s n\u00e1bytkom","og_description":"Vidiecky retro \u0161t\u00fdl je v pokro\u010dilom 21. storo\u010d\u00ed ve\u013emi popul\u00e1rny. Sp\u00edsali sme preto 5 tipov, ako si vo vidieckom \u0161t\u00fdle zariadi\u0165 jed\u00e1le\u0148.","og_url":"https:\/\/www.ikuchyne.sk\/eshop\/jedalen-vo-vidieckom-style-5-tipov-ako-na-to\/","og_site_name":"iKuchyne iSHOP s n\u00e1bytkom","article_publisher":"https:\/\/www.facebook.com\/ikuchyne\/","article_published_time":"2021-06-14T11:23:20+00:00","article_modified_time":"2021-06-14T11:41:32+00:00","og_image":[{"width":564,"height":705,"url":"https:\/\/www.ikuchyne.sk\/eshop\/wp-content\/uploads\/2021\/06\/d12397fcb5861d3b194342e640411252.jpg","type":"image\/jpeg"}],"author":"Patrik Putera","twitter_card":"summary_large_image","twitter_misc":{"Autor":"Patrik Putera","Predpokladan\u00fd \u010das \u010d\u00edtania":"3 min\u00faty"},"schema":{"@context":"https:\/\/schema.org","@graph":[{"@type":"Article","@id":"https:\/\/www.ikuchyne.sk\/eshop\/jedalen-vo-vidieckom-style-5-tipov-ako-na-to\/#article","isPartOf":{"@id":"https:\/\/www.ikuchyne.sk\/eshop\/jedalen-vo-vidieckom-style-5-tipov-ako-na-to\/"},"author":{"name":"Patrik Putera","@id":"https:\/\/www.ikuchyne.sk\/eshop\/#\/schema\/person\/4fd38b35f49f94b71012a747f1163332"},"headline":"Jed\u00e1le\u0148 vo vidieckom \u0161t\u00fdle? 5 tipov, ako na to!","datePublished":"2021-06-14T11:23:20+00:00","dateModified":"2021-06-14T11:41:32+00:00","mainEntityOfPage":{"@id":"https:\/\/www.ikuchyne.sk\/eshop\/jedalen-vo-vidieckom-style-5-tipov-ako-na-to\/"},"wordCount":1033,"publisher":{"@id":"https:\/\/www.ikuchyne.sk\/eshop\/#organization"},"articleSection":["IN\u0160PIR\u00c1CIE","Produkty v realiz\u00e1ciach"],"inLanguage":"sk-SK"},{"@type":"WebPage","@id":"https:\/\/www.ikuchyne.sk\/eshop\/jedalen-vo-vidieckom-style-5-tipov-ako-na-to\/","url":"https:\/\/www.ikuchyne.sk\/eshop\/jedalen-vo-vidieckom-style-5-tipov-ako-na-to\/","name":"Jed\u00e1le\u0148 vo vidieckom \u0161t\u00fdle? 5 tipov, ako na to! &#187; iKuchyne iSHOP s n\u00e1bytkom","isPartOf":{"@id":"https:\/\/www.ikuchyne.sk\/eshop\/#website"},"datePublished":"2021-06-14T11:23:20+00:00","dateModified":"2021-06-14T11:41:32+00:00","description":"Vidiecky retro \u0161t\u00fdl je v pokro\u010dilom 21. storo\u010d\u00ed ve\u013emi popul\u00e1rny. Sp\u00edsali sme preto 5 tipov, ako si vo vidieckom \u0161t\u00fdle zariadi\u0165 jed\u00e1le\u0148.","breadcrumb":{"@id":"https:\/\/www.ikuchyne.sk\/eshop\/jedalen-vo-vidieckom-style-5-tipov-ako-na-to\/#breadcrumb"},"inLanguage":"sk-SK","potentialAction":[{"@type":"ReadAction","target":["https:\/\/www.ikuchyne.sk\/eshop\/jedalen-vo-vidieckom-style-5-tipov-ako-na-to\/"]}]},{"@type":"BreadcrumbList","@id":"https:\/\/www.ikuchyne.sk\/eshop\/jedalen-vo-vidieckom-style-5-tipov-ako-na-to\/#breadcrumb","itemListElement":[{"@type":"ListItem","position":1,"name":"Home","item":"https:\/\/www.ikuchyne.sk\/eshop\/"},{"@type":"ListItem","position":2,"name":"Jed\u00e1le\u0148 vo vidieckom \u0161t\u00fdle? 5 tipov, ako na to!"}]},{"@type":"WebSite","@id":"https:\/\/www.ikuchyne.sk\/eshop\/#website","url":"https:\/\/www.ikuchyne.sk\/eshop\/","name":"iKuchyne iSHOP s n\u00e1bytkom","description":"Jed\u00e1lensk\u00e9 stoly, stoli\u010dky, n\u00e1bytok, svietidl\u00e1...","publisher":{"@id":"https:\/\/www.ikuchyne.sk\/eshop\/#organization"},"potentialAction":[{"@type":"SearchAction","target":{"@type":"EntryPoint","urlTemplate":"https:\/\/www.ikuchyne.sk\/eshop\/?s={search_term_string}"},"query-input":"required name=search_term_string"}],"inLanguage":"sk-SK"},{"@type":"Organization","@id":"https:\/\/www.ikuchyne.sk\/eshop\/#organization","name":"ikuchyne!","url":"https:\/\/www.ikuchyne.sk\/eshop\/","logo":{"@type":"ImageObject","inLanguage":"sk-SK","@id":"https:\/\/www.ikuchyne.sk\/eshop\/#\/schema\/logo\/image\/","url":"https:\/\/www.ikuchyne.sk\/eshop\/wp-content\/uploads\/2017\/04\/ikuchyne-logo.jpg","contentUrl":"https:\/\/www.ikuchyne.sk\/eshop\/wp-content\/uploads\/2017\/04\/ikuchyne-logo.jpg","width":200,"height":48,"caption":"ikuchyne!"},"image":{"@id":"https:\/\/www.ikuchyne.sk\/eshop\/#\/schema\/logo\/image\/"},"sameAs":["https:\/\/www.facebook.com\/ikuchyne\/","https:\/\/www.instagram.com\/ikuchyne.sk\/","https:\/\/sk.pinterest.com\/ikuchynesk\/"]},{"@type":"Person","@id":"https:\/\/www.ikuchyne.sk\/eshop\/#\/schema\/person\/4fd38b35f49f94b71012a747f1163332","name":"Patrik Putera","image":{"@type":"ImageObject","inLanguage":"sk-SK","@id":"https:\/\/www.ikuchyne.sk\/eshop\/#\/schema\/person\/image\/","url":"https:\/\/www.ikuchyne.sk\/eshop\/wp-content\/plugins\/wp-user-avatar\/deprecated\/wp-user-avatar\/images\/wpua-96x96.png","contentUrl":"https:\/\/www.ikuchyne.sk\/eshop\/wp-content\/plugins\/wp-user-avatar\/deprecated\/wp-user-avatar\/images\/wpua-96x96.png","caption":"Patrik Putera"},"description":"Patrik sa za\u010dal akt\u00edvnej\u0161ie venova\u0165 p\u00edsaniu po\u010das \u00faspe\u0161n\u00e9ho \u0161t\u00fadia na Fakulte masmedi\u00e1lnej komunik\u00e1cie a\u00a0pokra\u010duje v\u00a0tom dodnes. Najrad\u0161ej p\u00ed\u0161e o\u00a0architekt\u00fare,\u00a0\u0161porte, akt\u00edvnom a\u00a0zdravom \u017eivotnom \u0161t\u00fdle, osobnostnom rozvoji \u010di gastron\u00f3mii, ale nem\u00e1 probl\u00e9m spracova\u0165 aj in\u00e9 t\u00e9my. Vo\u013en\u00e9 chv\u00edle tr\u00e1vi s\u00a0man\u017eelkou a\u00a0tr\u00e9novan\u00edm futbalov\u00fdch ml\u00e1de\u017en\u00edckych kateg\u00f3ri\u00ed.","url":"https:\/\/www.ikuchyne.sk\/eshop\/author\/patrik-putera\/"}]}},"_links":{"self":[{"href":"https:\/\/www.ikuchyne.sk\/eshop\/wp-json\/wp\/v2\/posts\/153277"}],"collection":[{"href":"https:\/\/www.ikuchyne.sk\/eshop\/wp-json\/wp\/v2\/posts"}],"about":[{"href":"https:\/\/www.ikuchyne.sk\/eshop\/wp-json\/wp\/v2\/types\/post"}],"author":[{"embeddable":true,"href":"https:\/\/www.ikuchyne.sk\/eshop\/wp-json\/wp\/v2\/users\/547"}],"replies":[{"embeddable":true,"href":"https:\/\/www.ikuchyne.sk\/eshop\/wp-json\/wp\/v2\/comments?post=153277"}],"version-history":[{"count":2,"href":"https:\/\/www.ikuchyne.sk\/eshop\/wp-json\/wp\/v2\/posts\/153277\/revisions"}],"predecessor-version":[{"id":153287,"href":"https:\/\/www.ikuchyne.sk\/eshop\/wp-json\/wp\/v2\/posts\/153277\/revisions\/153287"}],"wp:featuredmedia":[{"embeddable":true,"href":"https:\/\/www.ikuchyne.sk\/eshop\/wp-json\/wp\/v2\/media\/153286"}],"wp:attachment":[{"href":"https:\/\/www.ikuchyne.sk\/eshop\/wp-json\/wp\/v2\/media?parent=153277"}],"wp:term":[{"taxonomy":"category","embeddable":true,"href":"https:\/\/www.ikuchyne.sk\/eshop\/wp-json\/wp\/v2\/categories?post=153277"},{"taxonomy":"post_tag","embeddable":true,"href":"https:\/\/www.ikuchyne.sk\/eshop\/wp-json\/wp\/v2\/tags?post=153277"}],"curies":[{"name":"wp","href":"https:\/\/api.w.org\/{rel}","templated":true}]}}