{"id":153366,"date":"2021-06-17T04:27:36","date_gmt":"2021-06-17T02:27:36","guid":{"rendered":"https:\/\/www.ikuchyne.sk\/eshop\/?p=153366"},"modified":"2021-06-17T04:27:36","modified_gmt":"2021-06-17T02:27:36","slug":"do-kuchyne-v-skandinavskom-style-su-tieto-jedalenske-stolicky-ako-stvorene","status":"publish","type":"post","link":"https:\/\/www.ikuchyne.sk\/eshop\/do-kuchyne-v-skandinavskom-style-su-tieto-jedalenske-stolicky-ako-stvorene\/","title":{"rendered":"Do kuchyne v \u0161kandin\u00e1vskom \u0161t\u00fdle s\u00fa tieto jed\u00e1lensk\u00e9 stoli\u010dky ako stvoren\u00e9"},"content":{"rendered":"<p>[vc_row][vc_column][vc_column_text]\u0160kandin\u00e1vsky \u0161t\u00fdl je v s\u00fa\u010dasnosti \u010doraz viac ob\u013e\u00faben\u00fd. Vyzn\u00e1va \u010dist\u00e9 l\u00ednie, jasn\u00e9 farby, funk\u010dnos\u0165 a jednoduchos\u0165. <strong>Aby va\u0161e jed\u00e1lensk\u00e9 stoli\u010dky sp\u013a\u0148ali tieto parametre<\/strong>, pom\u00f4\u017eeme v\u00e1m s v\u00fdberom.[\/vc_column_text][\/vc_column][\/vc_row][vc_row][vc_column][vc_column_text]<\/p>\n<h2><span style=\"color: #e3245e;\"><b>\u010co vystihuje \u0161kandin\u00e1vsky \u0161t\u00fdl?<\/b><\/span><\/h2>\n<p>\u0160kandin\u00e1vsky \u0161t\u00fdl za\u017e\u00edva svoju zlat\u00fa \u00e9ru u\u017e 70 rokov. <strong>Jeho prednosti s\u00fa nehrdzavej\u00face<\/strong>. Funk\u010dnos\u0165, praktickos\u0165, jednoduchos\u0165 a pomer dizajnu a vyu\u017eite\u013enosti bud\u00fa v\u017edy atrakt\u00edvne. \u010eal\u0161\u00edm pozn\u00e1vac\u00edm znamen\u00edm \u0161kandin\u00e1vskeho \u0161t\u00fdlu s\u00fa <strong>svetl\u00e9 farby<\/strong>.[\/vc_column_text][vc_single_image image=&#8221;153367&#8243; img_size=&#8221;large&#8221; add_caption=&#8221;yes&#8221; alignment=&#8221;center&#8221; style=&#8221;vc_box_rounded&#8221; onclick=&#8221;custom_link&#8221; img_link_target=&#8221;_blank&#8221; link=&#8221;https:\/\/www.ikuchyne.sk\/eshop\/produkt\/stolicka-scandinavia-antik-antik-bezova\/&#8221;][\/vc_column][\/vc_row][vc_row][vc_column][vc_column_text]<\/p>\n<h2><span style=\"color: #e3245e;\"><b>Svetl\u00e9 farby<\/b><\/span><\/h2>\n<p>Ke\u010f sa na cel\u00fa vec pozrieme so zdrav\u00fdm odstupom, hne\u010f n\u00e1m je jasn\u00e9, pre\u010do je to tak. Ako u\u017e jeho n\u00e1zov napoved\u00e1, tento \u0161t\u00fdl priniesli severoeur\u00f3pania. A \u010d\u00edm je zn\u00e1ma severn\u00e1 Eur\u00f3pa? No predsa<strong> dlh\u00fdmi nocami <\/strong>a kr\u00e1tkymi d\u0148ami.[\/vc_column_text][vc_single_image image=&#8221;153368&#8243; img_size=&#8221;large&#8221; add_caption=&#8221;yes&#8221; alignment=&#8221;center&#8221; style=&#8221;vc_box_rounded&#8221; onclick=&#8221;custom_link&#8221; img_link_target=&#8221;_blank&#8221; link=&#8221;https:\/\/www.ikuchyne.sk\/eshop\/produkt\/stolicka-scandinavia-limetkova-2\/&#8221;][vc_column_text]\u0160kandin\u00e1vci si \u017eivot v ne\u013eahk\u00fdch podmienkach spr\u00edjemnili pomocou svetl\u00fdch a jasn\u00fdch farieb. Preto v \u0161kandin\u00e1vskom \u0161t\u00fdle nen\u00e1jdete in\u00e9 ako biele alebo<strong> ve\u013emi svetl\u00e9 steny<\/strong>. To ist\u00e9 plat\u00ed o n\u00e1bytku.[\/vc_column_text][vc_single_image image=&#8221;153369&#8243; img_size=&#8221;large&#8221; add_caption=&#8221;yes&#8221; alignment=&#8221;center&#8221; style=&#8221;vc_box_rounded&#8221; onclick=&#8221;custom_link&#8221; img_link_target=&#8221;_blank&#8221; link=&#8221;https:\/\/www.ikuchyne.sk\/eshop\/produkt\/stolicka-scandinavia-stuktur-svetlosiva\/&#8221;][vc_column_text]<strong>Minimum kontrastu<\/strong> zabezpe\u010duje dostato\u010dn\u00e9 presvetlenie aj pri malom pr\u00edsune svetla. Bled\u00e9 farby p\u00f4sobia dojmom pokoja a \u010distoty. Tieto dve hodnoty si severania ctia nadov\u0161etko.[\/vc_column_text][vc_single_image image=&#8221;153370&#8243; img_size=&#8221;large&#8221; add_caption=&#8221;yes&#8221; alignment=&#8221;center&#8221; style=&#8221;vc_box_rounded&#8221; onclick=&#8221;custom_link&#8221; img_link_target=&#8221;_blank&#8221; link=&#8221;https:\/\/www.ikuchyne.sk\/eshop\/produkt\/stolicka-scandinavia-struktur-svetloseda\/&#8221;][vc_column_text]<\/p>\n<h2><span style=\"color: #e3245e;\"><b>Jed\u00e1lensk\u00e9 stoli\u010dky a ich farebnos\u0165<\/b><\/span><\/h2>\n<p>\u010co sa t\u00fdka jed\u00e1lensk\u00fdch stoli\u010diek, je d\u00f4le\u017eit\u00e9, aby <strong>farebne ladili s okolit\u00fdm n\u00e1bytkom<\/strong>. \u017diadne \u010fal\u0161ie obmedzenia prakticky neplatia. \u0160kandin\u00e1vci radi rebeluj\u00fa, a to dokonca aj proti vlastn\u00e9mu \u0161t\u00fdlu. Stretn\u00fa\u0165 sa tak m\u00f4\u017eete aj s <a href=\"https:\/\/www.ikuchyne.sk\/eshop\/produkt\/tmavosiva-stolicka-scandinavia-struktur\/\"><span style=\"color: #e3245e;\">tmav\u00fdmi stoli\u010dkami<\/span><\/a>.[\/vc_column_text][vc_single_image image=&#8221;153371&#8243; img_size=&#8221;large&#8221; add_caption=&#8221;yes&#8221; alignment=&#8221;center&#8221; style=&#8221;vc_box_rounded&#8221; onclick=&#8221;custom_link&#8221; img_link_target=&#8221;_blank&#8221; link=&#8221;https:\/\/www.ikuchyne.sk\/eshop\/produkt\/stolicka-scandinavia-retro-cierna-cierna\/&#8221;][vc_column_text]Ob\u013e\u00faben\u00e9 farby s\u00fa <a href=\"https:\/\/www.ikuchyne.sk\/eshop\/produkt\/jedalenska-stolicka-scandinavia-retro-horcicova-zlta\/\"><span style=\"color: #e3245e;\">okrov\u00e1<\/span><\/a>, \u010derven\u00e1 alebo modr\u00e1, pri\u010dom sa db\u00e1 na to, aby l\u00ednie boli \u010do najuhladenej\u0161ie a <strong>farby jednoliate,<\/strong> bez in\u00fdch farebn\u00fdch prvkov.[\/vc_column_text][vc_single_image image=&#8221;153372&#8243; img_size=&#8221;large&#8221; add_caption=&#8221;yes&#8221; alignment=&#8221;center&#8221; style=&#8221;vc_box_rounded&#8221; onclick=&#8221;custom_link&#8221; img_link_target=&#8221;_blank&#8221; link=&#8221;https:\/\/www.ikuchyne.sk\/eshop\/produkt\/stolicka-scandinavia-tyrkysova\/&#8221;][vc_column_text]K najob\u013e\u00fabenej\u0161\u00edm stoli\u010dk\u00e1m patria stoli\u010dky v bielej, <a href=\"https:\/\/www.ikuchyne.sk\/eshop\/produkt\/stolicka-scandinavia-struktur-svetloseda\/\" class=\"broken_link\">sivej <\/a>alebo tmavosivej farbe. Nohy s\u00fa v\u017edy rovn\u00e9, bez okrasn\u00fdch v\u00fdstupkov. <strong>V\u00e4\u010d\u0161inou s\u00fa dreven\u00e9<\/strong>. Drevo zohr\u00e1va v \u0161kandin\u00e1vskom \u0161t\u00fdle nesmierne plodn\u00fa \u00falohu. Po\u010fme si o \u0148om poveda\u0165 viac.[\/vc_column_text][vc_single_image image=&#8221;153373&#8243; img_size=&#8221;large&#8221; add_caption=&#8221;yes&#8221; alignment=&#8221;center&#8221; style=&#8221;vc_box_rounded&#8221; onclick=&#8221;custom_link&#8221; img_link_target=&#8221;_blank&#8221; link=&#8221;Jed\u00e1lensk\u00e9 stoli\u010dky v tmav\u00fdch odtie\u0148och s\u00fa elegantn\u00e9. Zdroj: iKuchyne.sk&#8221;][vc_column_text]<\/p>\n<h2><span style=\"color: #e3245e;\"><b>Drevo v \u0161kandin\u00e1vskom \u0161t\u00fdle<\/b><\/span><\/h2>\n<p>Drevo je v interi\u00e9rovom dizajne st\u00e1licou. Neobi\u0161iel ho ani trend modern\u00fdch \u0161kandin\u00e1vskych kuch\u00fd\u0148. V nich sa m\u00f4\u017eeme naj\u010dastej\u0161ie stretn\u00fa\u0165 so surov\u00fdm drevom opracovan\u00fdm tak, aby vynikla jeho <strong>prirodzen\u00e1 \u0161trukt\u00fara<\/strong>. Odpor\u00fa\u010dame pou\u017eitie svetlej\u0161\u00edch typov dreva, bez namorenia.[\/vc_column_text][vc_single_image image=&#8221;153374&#8243; img_size=&#8221;large&#8221; add_caption=&#8221;yes&#8221; alignment=&#8221;center&#8221; style=&#8221;vc_box_rounded&#8221; onclick=&#8221;custom_link&#8221; img_link_target=&#8221;_blank&#8221; link=&#8221;https:\/\/www.ikuchyne.sk\/eshop\/produkt\/stolicka-supreme-vintage-hneda\/&#8221;][vc_message icon_fontawesome=&#8221;&#8221;]<b>Rada odborn\u00edka: <\/b>Borovica a jed\u013ea s\u00fa typicky seversk\u00e9 stromy, preto je ich pou\u017eitie v n\u00e1bytku v\u017edy v\u00edtan\u00e9. Z listnat\u00fdch stromov sa naj\u010dastej\u0161ie pou\u017e\u00edvaj\u00fa breza a buk.[\/vc_message][vc_column_text]<\/p>\n<h2><span style=\"color: #e3245e;\"><b>Vz\u0165ah k pr\u00edrode<\/b><\/span><\/h2>\n<p>\u0160kandin\u00e1vci s\u00fa zn\u00e1mi svoj\u00edm vz\u0165ahom k pr\u00edrode. Za st\u00e1ro\u010dia \u017eivota v harm\u00f3nii s pr\u00edrodou si s \u0148ou vytvorili pevn\u00e9 puto. Bada\u0165 to aj na \u0161kandin\u00e1vskom \u0161t\u00fdle. V\u00fdnimkou nie s\u00fa <strong>dekor\u00e1cie z \u013eanu, bavlny, vlny<\/strong> a in\u00fdch pr\u00edrodn\u00fdch materi\u00e1lov.<\/p>\n<p>Na svoje si pr\u00eddu aj milovn\u00edci ko\u017ee a pr\u00edrodn\u00e9ho dreva, ktor\u00e9 vie v rozli\u010dn\u00fdch podob\u00e1ch vnies\u0165 do dom\u00e1cnosti ducha fjordov. Pri zaria\u010fovan\u00ed bytu v \u0161kandin\u00e1vskom \u0161t\u00fdle sa <strong>vyhnite plastom<\/strong>. Nahra\u010fte ich pr\u00edrodn\u00fdmi materi\u00e1lmi.[\/vc_column_text][vc_column_text]<\/p>\n<h2><span style=\"color: #e3245e;\"><b>Minimalistick\u00e9 jed\u00e1lensk\u00e9 stoli\u010dky<\/b><\/span><\/h2>\n<p>Z\u00e1kladom \u0161kandin\u00e1vskeho \u0161t\u00fdlu je minimalizmus, ktor\u00fd na v\u00e1s v kuchyni d\u00fdcha doslova z ka\u017ed\u00e9ho rohu. Vyvarujte sa ozdobn\u00e9ho n\u00e1bytku s mno\u017estvom okrasn\u00fdch prvkov. V \u0161kandin\u00e1vskej kuchyni plat\u00ed, \u017ee <strong>\u010d\u00edm jednoduch\u0161ia, t\u00fdm kraj\u0161ia<\/strong>.[\/vc_column_text][vc_single_image image=&#8221;153375&#8243; img_size=&#8221;large&#8221; add_caption=&#8221;yes&#8221; alignment=&#8221;center&#8221; style=&#8221;vc_box_rounded&#8221; onclick=&#8221;custom_link&#8221; img_link_target=&#8221;_blank&#8221; link=&#8221;https:\/\/www.ikuchyne.sk\/eshop\/produkt\/tmavosiva-stolicka-scandinavia-struktur\/&#8221;][vc_column_text]\u017delan\u00fd v\u00fdsledok dosiahnete k\u00fapou praktick\u00fdch stoli\u010diek s rovn\u00fdmi dreven\u00fdmi nohami a m\u00e4kk\u00fdm l\u00e1tkov\u00fdm sedadlom v svetl\u00fdch farb\u00e1ch. N\u00e1bytok mus\u00ed navz\u00e1jom kore\u0161pondova\u0165, len tak docielite prav\u00fd seversk\u00fd minimalizmus. Gro cel\u00e9ho minimalizmu je <strong>prevzdu\u0161nenie<\/strong> a prejasnenie priestoru.[\/vc_column_text][vc_single_image image=&#8221;153376&#8243; img_size=&#8221;large&#8221; add_caption=&#8221;yes&#8221; alignment=&#8221;center&#8221; style=&#8221;vc_box_rounded&#8221; onclick=&#8221;custom_link&#8221; img_link_target=&#8221;_blank&#8221; link=&#8221;https:\/\/www.ikuchyne.sk\/eshop\/produkt\/stolicka-scandinavia-struktur-hneda\/&#8221;][\/vc_column][\/vc_row][vc_row][vc_column][vc_column_text]<strong>Jed\u00e1lensk\u00e9 stoli\u010dky v kuchyni len tak \u013eahko neprehliadnete<\/strong>, preto ich v\u00fdber neodfl\u00e1knite. V na\u0161ej ponuke n\u00e1jdete \u0161kandin\u00e1vske stoli\u010dky v rozli\u010dn\u00fdch farb\u00e1ch a prevedeniach. Jednotn\u00e9 farby, <strong>\u010dist\u00e9 l\u00ednie <\/strong>a rovn\u00e9 nohy v\u0161ak zost\u00e1vaj\u00fa fixn\u00e9. Bez nich by \u0161kandin\u00e1vsky \u0161t\u00fdl nebol t\u00fdm, ktor\u00fd tak zbo\u017e\u0148ujeme.[\/vc_column_text][vc_message icon_fontawesome=&#8221;&#8221;]<b>TIP NA Z\u00c1VER: <\/b>\u0160kandin\u00e1vsky \u0161t\u00fdl mus\u00ed d\u00fdcha\u0165. Ak nem\u00e1te priestor nazvy\u0161, zv\u00e1\u017ete k\u00fapu men\u0161\u00edch stoli\u010diek. Ak sa domnievate, \u017ee zostan\u00fa nevyu\u017eit\u00e9, tak ich k\u00fapte rad\u0161ej menej. V \u0161kandin\u00e1vskom \u0161t\u00fdle nesmie by\u0165 ni\u010d nasilu.[\/vc_message][\/vc_column][\/vc_row]<\/p>\n","protected":false},"excerpt":{"rendered":"<p>[vc_row][vc_column][vc_column_text]\u0160kandin\u00e1vsky \u0161t\u00fdl je v s\u00fa\u010dasnosti \u010doraz viac ob\u013e\u00faben\u00fd. Vyzn\u00e1va \u010dist\u00e9 l\u00ednie, jasn\u00e9 farby, funk\u010dnos\u0165 a jednoduchos\u0165. Aby va\u0161e jed\u00e1lensk\u00e9 stoli\u010dky sp\u013a\u0148ali tieto parametre, pom\u00f4\u017eeme v\u00e1m s v\u00fdberom.[\/vc_column_text][\/vc_column][\/vc_row][vc_row][vc_column][vc_column_text] \u010co vystihuje \u0161kandin\u00e1vsky<\/p>\n","protected":false},"author":1177,"featured_media":153377,"comment_status":"closed","ping_status":"open","sticky":false,"template":"","format":"standard","meta":{"footnotes":""},"categories":[1008,1129],"tags":[],"yoast_head":"<!-- This site is optimized with the Yoast SEO plugin v22.1 - https:\/\/yoast.com\/wordpress\/plugins\/seo\/ -->\n<title>Jed\u00e1lensk\u00e9 stoli\u010dky v \u0161kandin\u00e1vskom \u0161t\u00fdle &#187; iKuchyne iSHOP s n\u00e1bytkom<\/title>\n<meta name=\"description\" content=\"\u0160kandin\u00e1vsky \u0161t\u00fdl je v s\u00fa\u010dasnosti \u010doraz viac ob\u013e\u00faben\u00fd. Aby va\u0161e jed\u00e1lensk\u00e9 stoli\u010dky sp\u013a\u0148ali jeho parametre, pom\u00f4\u017eeme v\u00e1m s v\u00fdberom.\" \/>\n<meta name=\"robots\" content=\"index, follow, max-snippet:-1, max-image-preview:large, max-video-preview:-1\" \/>\n<link rel=\"canonical\" href=\"https:\/\/www.ikuchyne.sk\/eshop\/do-kuchyne-v-skandinavskom-style-su-tieto-jedalenske-stolicky-ako-stvorene\/\" \/>\n<meta property=\"og:locale\" content=\"sk_SK\" \/>\n<meta property=\"og:type\" content=\"article\" \/>\n<meta property=\"og:title\" content=\"Jed\u00e1lensk\u00e9 stoli\u010dky v \u0161kandin\u00e1vskom \u0161t\u00fdle &#187; iKuchyne iSHOP s n\u00e1bytkom\" \/>\n<meta property=\"og:description\" content=\"\u0160kandin\u00e1vsky \u0161t\u00fdl je v s\u00fa\u010dasnosti \u010doraz viac ob\u013e\u00faben\u00fd. Aby va\u0161e jed\u00e1lensk\u00e9 stoli\u010dky sp\u013a\u0148ali jeho parametre, pom\u00f4\u017eeme v\u00e1m s v\u00fdberom.\" \/>\n<meta property=\"og:url\" content=\"https:\/\/www.ikuchyne.sk\/eshop\/do-kuchyne-v-skandinavskom-style-su-tieto-jedalenske-stolicky-ako-stvorene\/\" \/>\n<meta property=\"og:site_name\" content=\"iKuchyne iSHOP s n\u00e1bytkom\" \/>\n<meta property=\"article:publisher\" content=\"https:\/\/www.facebook.com\/ikuchyne\/\" \/>\n<meta property=\"article:published_time\" content=\"2021-06-17T02:27:36+00:00\" \/>\n<meta property=\"og:image\" content=\"https:\/\/www.ikuchyne.sk\/eshop\/wp-content\/uploads\/2021\/06\/195d16402d3f89fe3d13e6e7c1c50f71.jpg\" \/>\n\t<meta property=\"og:image:width\" content=\"564\" \/>\n\t<meta property=\"og:image:height\" content=\"564\" \/>\n\t<meta property=\"og:image:type\" content=\"image\/jpeg\" \/>\n<meta name=\"author\" content=\"Juraj Pavlik\" \/>\n<meta name=\"twitter:card\" content=\"summary_large_image\" \/>\n<meta name=\"twitter:label1\" content=\"Autor\" \/>\n\t<meta name=\"twitter:data1\" content=\"Juraj Pavlik\" \/>\n\t<meta name=\"twitter:label2\" content=\"Predpokladan\u00fd \u010das \u010d\u00edtania\" \/>\n\t<meta name=\"twitter:data2\" content=\"3 min\u00faty\" \/>\n<script type=\"application\/ld+json\" class=\"yoast-schema-graph\">{\"@context\":\"https:\/\/schema.org\",\"@graph\":[{\"@type\":\"Article\",\"@id\":\"https:\/\/www.ikuchyne.sk\/eshop\/do-kuchyne-v-skandinavskom-style-su-tieto-jedalenske-stolicky-ako-stvorene\/#article\",\"isPartOf\":{\"@id\":\"https:\/\/www.ikuchyne.sk\/eshop\/do-kuchyne-v-skandinavskom-style-su-tieto-jedalenske-stolicky-ako-stvorene\/\"},\"author\":{\"name\":\"Juraj Pavlik\",\"@id\":\"https:\/\/www.ikuchyne.sk\/eshop\/#\/schema\/person\/4d8ce08d014894018d3709d7d3cbbe1d\"},\"headline\":\"Do kuchyne v \u0161kandin\u00e1vskom \u0161t\u00fdle s\u00fa tieto jed\u00e1lensk\u00e9 stoli\u010dky ako stvoren\u00e9\",\"datePublished\":\"2021-06-17T02:27:36+00:00\",\"dateModified\":\"2021-06-17T02:27:36+00:00\",\"mainEntityOfPage\":{\"@id\":\"https:\/\/www.ikuchyne.sk\/eshop\/do-kuchyne-v-skandinavskom-style-su-tieto-jedalenske-stolicky-ako-stvorene\/\"},\"wordCount\":1217,\"publisher\":{\"@id\":\"https:\/\/www.ikuchyne.sk\/eshop\/#organization\"},\"articleSection\":[\"IN\u0160PIR\u00c1CIE\",\"Produkty v realiz\u00e1ciach\"],\"inLanguage\":\"sk-SK\"},{\"@type\":\"WebPage\",\"@id\":\"https:\/\/www.ikuchyne.sk\/eshop\/do-kuchyne-v-skandinavskom-style-su-tieto-jedalenske-stolicky-ako-stvorene\/\",\"url\":\"https:\/\/www.ikuchyne.sk\/eshop\/do-kuchyne-v-skandinavskom-style-su-tieto-jedalenske-stolicky-ako-stvorene\/\",\"name\":\"Jed\u00e1lensk\u00e9 stoli\u010dky v \u0161kandin\u00e1vskom \u0161t\u00fdle &#187; iKuchyne iSHOP s n\u00e1bytkom\",\"isPartOf\":{\"@id\":\"https:\/\/www.ikuchyne.sk\/eshop\/#website\"},\"datePublished\":\"2021-06-17T02:27:36+00:00\",\"dateModified\":\"2021-06-17T02:27:36+00:00\",\"description\":\"\u0160kandin\u00e1vsky \u0161t\u00fdl je v s\u00fa\u010dasnosti \u010doraz viac ob\u013e\u00faben\u00fd. Aby va\u0161e jed\u00e1lensk\u00e9 stoli\u010dky sp\u013a\u0148ali jeho parametre, pom\u00f4\u017eeme v\u00e1m s v\u00fdberom.\",\"breadcrumb\":{\"@id\":\"https:\/\/www.ikuchyne.sk\/eshop\/do-kuchyne-v-skandinavskom-style-su-tieto-jedalenske-stolicky-ako-stvorene\/#breadcrumb\"},\"inLanguage\":\"sk-SK\",\"potentialAction\":[{\"@type\":\"ReadAction\",\"target\":[\"https:\/\/www.ikuchyne.sk\/eshop\/do-kuchyne-v-skandinavskom-style-su-tieto-jedalenske-stolicky-ako-stvorene\/\"]}]},{\"@type\":\"BreadcrumbList\",\"@id\":\"https:\/\/www.ikuchyne.sk\/eshop\/do-kuchyne-v-skandinavskom-style-su-tieto-jedalenske-stolicky-ako-stvorene\/#breadcrumb\",\"itemListElement\":[{\"@type\":\"ListItem\",\"position\":1,\"name\":\"Home\",\"item\":\"https:\/\/www.ikuchyne.sk\/eshop\/\"},{\"@type\":\"ListItem\",\"position\":2,\"name\":\"Do kuchyne v \u0161kandin\u00e1vskom \u0161t\u00fdle s\u00fa tieto jed\u00e1lensk\u00e9 stoli\u010dky ako stvoren\u00e9\"}]},{\"@type\":\"WebSite\",\"@id\":\"https:\/\/www.ikuchyne.sk\/eshop\/#website\",\"url\":\"https:\/\/www.ikuchyne.sk\/eshop\/\",\"name\":\"iKuchyne iSHOP s n\u00e1bytkom\",\"description\":\"Jed\u00e1lensk\u00e9 stoly, stoli\u010dky, n\u00e1bytok, svietidl\u00e1...\",\"publisher\":{\"@id\":\"https:\/\/www.ikuchyne.sk\/eshop\/#organization\"},\"potentialAction\":[{\"@type\":\"SearchAction\",\"target\":{\"@type\":\"EntryPoint\",\"urlTemplate\":\"https:\/\/www.ikuchyne.sk\/eshop\/?s={search_term_string}\"},\"query-input\":\"required name=search_term_string\"}],\"inLanguage\":\"sk-SK\"},{\"@type\":\"Organization\",\"@id\":\"https:\/\/www.ikuchyne.sk\/eshop\/#organization\",\"name\":\"ikuchyne!\",\"url\":\"https:\/\/www.ikuchyne.sk\/eshop\/\",\"logo\":{\"@type\":\"ImageObject\",\"inLanguage\":\"sk-SK\",\"@id\":\"https:\/\/www.ikuchyne.sk\/eshop\/#\/schema\/logo\/image\/\",\"url\":\"https:\/\/www.ikuchyne.sk\/eshop\/wp-content\/uploads\/2017\/04\/ikuchyne-logo.jpg\",\"contentUrl\":\"https:\/\/www.ikuchyne.sk\/eshop\/wp-content\/uploads\/2017\/04\/ikuchyne-logo.jpg\",\"width\":200,\"height\":48,\"caption\":\"ikuchyne!\"},\"image\":{\"@id\":\"https:\/\/www.ikuchyne.sk\/eshop\/#\/schema\/logo\/image\/\"},\"sameAs\":[\"https:\/\/www.facebook.com\/ikuchyne\/\",\"https:\/\/www.instagram.com\/ikuchyne.sk\/\",\"https:\/\/sk.pinterest.com\/ikuchynesk\/\"]},{\"@type\":\"Person\",\"@id\":\"https:\/\/www.ikuchyne.sk\/eshop\/#\/schema\/person\/4d8ce08d014894018d3709d7d3cbbe1d\",\"name\":\"Juraj Pavlik\",\"image\":{\"@type\":\"ImageObject\",\"inLanguage\":\"sk-SK\",\"@id\":\"https:\/\/www.ikuchyne.sk\/eshop\/#\/schema\/person\/image\/\",\"url\":\"https:\/\/secure.gravatar.com\/avatar\/dc257f408fb2c77b5ea45435006a5bae?s=96&d=wp_user_avatar&r=g\",\"contentUrl\":\"https:\/\/secure.gravatar.com\/avatar\/dc257f408fb2c77b5ea45435006a5bae?s=96&d=wp_user_avatar&r=g\",\"caption\":\"Juraj Pavlik\"},\"description\":\"Juraj sa popri \u0161t\u00fadiu psychol\u00f3gie naplno venuje p\u00edsaniu rozmanit\u00fdch \u010dl\u00e1nkov. Okrem p\u00edsania s\u00fa jeho v\u00e1\u0161\u0148ou knihy a digit\u00e1lna ma\u013eba. Vo\u013en\u00fd \u010das tr\u00e1vi vlastnou liter\u00e1rnou tvorbou, \u0161portom a po\u010d\u00favan\u00edm dobrej hudby.\",\"url\":\"https:\/\/www.ikuchyne.sk\/eshop\/author\/juraj-pavlik\/\"}]}<\/script>\n<!-- \/ Yoast SEO plugin. -->","yoast_head_json":{"title":"Jed\u00e1lensk\u00e9 stoli\u010dky v \u0161kandin\u00e1vskom \u0161t\u00fdle &#187; iKuchyne iSHOP s n\u00e1bytkom","description":"\u0160kandin\u00e1vsky \u0161t\u00fdl je v s\u00fa\u010dasnosti \u010doraz viac ob\u013e\u00faben\u00fd. Aby va\u0161e jed\u00e1lensk\u00e9 stoli\u010dky sp\u013a\u0148ali jeho parametre, pom\u00f4\u017eeme v\u00e1m s v\u00fdberom.","robots":{"index":"index","follow":"follow","max-snippet":"max-snippet:-1","max-image-preview":"max-image-preview:large","max-video-preview":"max-video-preview:-1"},"canonical":"https:\/\/www.ikuchyne.sk\/eshop\/do-kuchyne-v-skandinavskom-style-su-tieto-jedalenske-stolicky-ako-stvorene\/","og_locale":"sk_SK","og_type":"article","og_title":"Jed\u00e1lensk\u00e9 stoli\u010dky v \u0161kandin\u00e1vskom \u0161t\u00fdle &#187; iKuchyne iSHOP s n\u00e1bytkom","og_description":"\u0160kandin\u00e1vsky \u0161t\u00fdl je v s\u00fa\u010dasnosti \u010doraz viac ob\u013e\u00faben\u00fd. Aby va\u0161e jed\u00e1lensk\u00e9 stoli\u010dky sp\u013a\u0148ali jeho parametre, pom\u00f4\u017eeme v\u00e1m s v\u00fdberom.","og_url":"https:\/\/www.ikuchyne.sk\/eshop\/do-kuchyne-v-skandinavskom-style-su-tieto-jedalenske-stolicky-ako-stvorene\/","og_site_name":"iKuchyne iSHOP s n\u00e1bytkom","article_publisher":"https:\/\/www.facebook.com\/ikuchyne\/","article_published_time":"2021-06-17T02:27:36+00:00","og_image":[{"width":564,"height":564,"url":"https:\/\/www.ikuchyne.sk\/eshop\/wp-content\/uploads\/2021\/06\/195d16402d3f89fe3d13e6e7c1c50f71.jpg","type":"image\/jpeg"}],"author":"Juraj Pavlik","twitter_card":"summary_large_image","twitter_misc":{"Autor":"Juraj Pavlik","Predpokladan\u00fd \u010das \u010d\u00edtania":"3 min\u00faty"},"schema":{"@context":"https:\/\/schema.org","@graph":[{"@type":"Article","@id":"https:\/\/www.ikuchyne.sk\/eshop\/do-kuchyne-v-skandinavskom-style-su-tieto-jedalenske-stolicky-ako-stvorene\/#article","isPartOf":{"@id":"https:\/\/www.ikuchyne.sk\/eshop\/do-kuchyne-v-skandinavskom-style-su-tieto-jedalenske-stolicky-ako-stvorene\/"},"author":{"name":"Juraj Pavlik","@id":"https:\/\/www.ikuchyne.sk\/eshop\/#\/schema\/person\/4d8ce08d014894018d3709d7d3cbbe1d"},"headline":"Do kuchyne v \u0161kandin\u00e1vskom \u0161t\u00fdle s\u00fa tieto jed\u00e1lensk\u00e9 stoli\u010dky ako stvoren\u00e9","datePublished":"2021-06-17T02:27:36+00:00","dateModified":"2021-06-17T02:27:36+00:00","mainEntityOfPage":{"@id":"https:\/\/www.ikuchyne.sk\/eshop\/do-kuchyne-v-skandinavskom-style-su-tieto-jedalenske-stolicky-ako-stvorene\/"},"wordCount":1217,"publisher":{"@id":"https:\/\/www.ikuchyne.sk\/eshop\/#organization"},"articleSection":["IN\u0160PIR\u00c1CIE","Produkty v realiz\u00e1ciach"],"inLanguage":"sk-SK"},{"@type":"WebPage","@id":"https:\/\/www.ikuchyne.sk\/eshop\/do-kuchyne-v-skandinavskom-style-su-tieto-jedalenske-stolicky-ako-stvorene\/","url":"https:\/\/www.ikuchyne.sk\/eshop\/do-kuchyne-v-skandinavskom-style-su-tieto-jedalenske-stolicky-ako-stvorene\/","name":"Jed\u00e1lensk\u00e9 stoli\u010dky v \u0161kandin\u00e1vskom \u0161t\u00fdle &#187; iKuchyne iSHOP s n\u00e1bytkom","isPartOf":{"@id":"https:\/\/www.ikuchyne.sk\/eshop\/#website"},"datePublished":"2021-06-17T02:27:36+00:00","dateModified":"2021-06-17T02:27:36+00:00","description":"\u0160kandin\u00e1vsky \u0161t\u00fdl je v s\u00fa\u010dasnosti \u010doraz viac ob\u013e\u00faben\u00fd. Aby va\u0161e jed\u00e1lensk\u00e9 stoli\u010dky sp\u013a\u0148ali jeho parametre, pom\u00f4\u017eeme v\u00e1m s v\u00fdberom.","breadcrumb":{"@id":"https:\/\/www.ikuchyne.sk\/eshop\/do-kuchyne-v-skandinavskom-style-su-tieto-jedalenske-stolicky-ako-stvorene\/#breadcrumb"},"inLanguage":"sk-SK","potentialAction":[{"@type":"ReadAction","target":["https:\/\/www.ikuchyne.sk\/eshop\/do-kuchyne-v-skandinavskom-style-su-tieto-jedalenske-stolicky-ako-stvorene\/"]}]},{"@type":"BreadcrumbList","@id":"https:\/\/www.ikuchyne.sk\/eshop\/do-kuchyne-v-skandinavskom-style-su-tieto-jedalenske-stolicky-ako-stvorene\/#breadcrumb","itemListElement":[{"@type":"ListItem","position":1,"name":"Home","item":"https:\/\/www.ikuchyne.sk\/eshop\/"},{"@type":"ListItem","position":2,"name":"Do kuchyne v \u0161kandin\u00e1vskom \u0161t\u00fdle s\u00fa tieto jed\u00e1lensk\u00e9 stoli\u010dky ako stvoren\u00e9"}]},{"@type":"WebSite","@id":"https:\/\/www.ikuchyne.sk\/eshop\/#website","url":"https:\/\/www.ikuchyne.sk\/eshop\/","name":"iKuchyne iSHOP s n\u00e1bytkom","description":"Jed\u00e1lensk\u00e9 stoly, stoli\u010dky, n\u00e1bytok, svietidl\u00e1...","publisher":{"@id":"https:\/\/www.ikuchyne.sk\/eshop\/#organization"},"potentialAction":[{"@type":"SearchAction","target":{"@type":"EntryPoint","urlTemplate":"https:\/\/www.ikuchyne.sk\/eshop\/?s={search_term_string}"},"query-input":"required name=search_term_string"}],"inLanguage":"sk-SK"},{"@type":"Organization","@id":"https:\/\/www.ikuchyne.sk\/eshop\/#organization","name":"ikuchyne!","url":"https:\/\/www.ikuchyne.sk\/eshop\/","logo":{"@type":"ImageObject","inLanguage":"sk-SK","@id":"https:\/\/www.ikuchyne.sk\/eshop\/#\/schema\/logo\/image\/","url":"https:\/\/www.ikuchyne.sk\/eshop\/wp-content\/uploads\/2017\/04\/ikuchyne-logo.jpg","contentUrl":"https:\/\/www.ikuchyne.sk\/eshop\/wp-content\/uploads\/2017\/04\/ikuchyne-logo.jpg","width":200,"height":48,"caption":"ikuchyne!"},"image":{"@id":"https:\/\/www.ikuchyne.sk\/eshop\/#\/schema\/logo\/image\/"},"sameAs":["https:\/\/www.facebook.com\/ikuchyne\/","https:\/\/www.instagram.com\/ikuchyne.sk\/","https:\/\/sk.pinterest.com\/ikuchynesk\/"]},{"@type":"Person","@id":"https:\/\/www.ikuchyne.sk\/eshop\/#\/schema\/person\/4d8ce08d014894018d3709d7d3cbbe1d","name":"Juraj Pavlik","image":{"@type":"ImageObject","inLanguage":"sk-SK","@id":"https:\/\/www.ikuchyne.sk\/eshop\/#\/schema\/person\/image\/","url":"https:\/\/secure.gravatar.com\/avatar\/dc257f408fb2c77b5ea45435006a5bae?s=96&d=wp_user_avatar&r=g","contentUrl":"https:\/\/secure.gravatar.com\/avatar\/dc257f408fb2c77b5ea45435006a5bae?s=96&d=wp_user_avatar&r=g","caption":"Juraj Pavlik"},"description":"Juraj sa popri \u0161t\u00fadiu psychol\u00f3gie naplno venuje p\u00edsaniu rozmanit\u00fdch \u010dl\u00e1nkov. Okrem p\u00edsania s\u00fa jeho v\u00e1\u0161\u0148ou knihy a digit\u00e1lna ma\u013eba. Vo\u013en\u00fd \u010das tr\u00e1vi vlastnou liter\u00e1rnou tvorbou, \u0161portom a po\u010d\u00favan\u00edm dobrej hudby.","url":"https:\/\/www.ikuchyne.sk\/eshop\/author\/juraj-pavlik\/"}]}},"_links":{"self":[{"href":"https:\/\/www.ikuchyne.sk\/eshop\/wp-json\/wp\/v2\/posts\/153366"}],"collection":[{"href":"https:\/\/www.ikuchyne.sk\/eshop\/wp-json\/wp\/v2\/posts"}],"about":[{"href":"https:\/\/www.ikuchyne.sk\/eshop\/wp-json\/wp\/v2\/types\/post"}],"author":[{"embeddable":true,"href":"https:\/\/www.ikuchyne.sk\/eshop\/wp-json\/wp\/v2\/users\/1177"}],"replies":[{"embeddable":true,"href":"https:\/\/www.ikuchyne.sk\/eshop\/wp-json\/wp\/v2\/comments?post=153366"}],"version-history":[{"count":1,"href":"https:\/\/www.ikuchyne.sk\/eshop\/wp-json\/wp\/v2\/posts\/153366\/revisions"}],"predecessor-version":[{"id":153378,"href":"https:\/\/www.ikuchyne.sk\/eshop\/wp-json\/wp\/v2\/posts\/153366\/revisions\/153378"}],"wp:featuredmedia":[{"embeddable":true,"href":"https:\/\/www.ikuchyne.sk\/eshop\/wp-json\/wp\/v2\/media\/153377"}],"wp:attachment":[{"href":"https:\/\/www.ikuchyne.sk\/eshop\/wp-json\/wp\/v2\/media?parent=153366"}],"wp:term":[{"taxonomy":"category","embeddable":true,"href":"https:\/\/www.ikuchyne.sk\/eshop\/wp-json\/wp\/v2\/categories?post=153366"},{"taxonomy":"post_tag","embeddable":true,"href":"https:\/\/www.ikuchyne.sk\/eshop\/wp-json\/wp\/v2\/tags?post=153366"}],"curies":[{"name":"wp","href":"https:\/\/api.w.org\/{rel}","templated":true}]}}