{"id":153410,"date":"2021-06-18T05:57:17","date_gmt":"2021-06-18T03:57:17","guid":{"rendered":"https:\/\/www.ikuchyne.sk\/eshop\/?p=153410"},"modified":"2021-06-18T05:57:17","modified_gmt":"2021-06-18T03:57:17","slug":"najkrajsie-drevene-kuchyne-roku-2021","status":"publish","type":"post","link":"https:\/\/www.ikuchyne.sk\/eshop\/najkrajsie-drevene-kuchyne-roku-2021\/","title":{"rendered":"Najkraj\u0161ie dreven\u00e9 kuchyne roku 2021"},"content":{"rendered":"<p>[vc_row][vc_column][vc_column_text]<strong>Mo\u017eno ste sa aj vy v \u010dase pand\u00e9mie odhodlali k prer\u00e1bke alebo ste sa rovno pres\u0165ahovali do nov\u00e9ho. Vedzte, \u017ee dreven\u00e9 kuchyne s\u00fa aj po t\u00fdch rokoch \u010d\u00edslo jeden. Dajte drevu nov\u00fd \u0161mrnc v\u010faka modern\u00fdm materi\u00e1lom, ktor\u00e9 ovl\u00e1dli dizajnov\u00e9 trendy v roku 2021. <\/strong><\/p>\n<p>Rok 2021 sa odkl\u00e1\u0148a od trad\u00edcie, ktor\u00e1 hovor\u00ed, \u017ee dizajn je nad funk\u010dnos\u0165ou. <strong>Sna\u017e\u00ed sa obe kvality sk\u013abi\u0165 do jedn\u00e9ho harmonick\u00e9ho celku<\/strong>. Boom re\u0161taur\u00e1ci\u00ed v mnoh\u00fdch slovensk\u00fdch dom\u00e1cnostiach pomaly upad\u00e1 a \u013eudia sa vracaj\u00fa za kuchynsk\u00fa linku. Dobre vedia, pre\u010do to robia. Jedlo pripraven\u00e9 doma je zvy\u010dajne zdrav\u0161ie a v\u00fdrazne lacnej\u0161ie.[\/vc_column_text][vc_single_image image=&#8221;153414&#8243; img_size=&#8221;large&#8221; add_caption=&#8221;yes&#8221; alignment=&#8221;center&#8221; style=&#8221;vc_box_rounded&#8221; onclick=&#8221;custom_link&#8221; img_link_target=&#8221;_blank&#8221; link=&#8221;https:\/\/www.ikuchyne.sk\/&#8221;][\/vc_column][\/vc_row][vc_row][vc_column][vc_column_text]To, \u017ee kuchy\u0148a m\u00e1 by\u0165 funk\u010dn\u00e1, e\u0161te neznamen\u00e1, \u017ee na dizajne nez\u00e1le\u017e\u00ed. V s\u00fa\u010dasnosti s\u00fa obe kvality vyv\u00e1\u017een\u00e9 a rovnocenn\u00e9. Ani jedna z nich nesmie vynika\u0165 na \u00fakor tej druhej. V\u00fdsledkom m\u00e1 by\u0165 <strong>harmonick\u00fd celok<\/strong>, ktor\u00fd vyzer\u00e1 v\u00fdborne a z\u00e1rove\u0148 nie je len na okrasu.[\/vc_column_text][\/vc_column][\/vc_row][vc_row][vc_column][vc_column_text]<\/p>\n<h2><span style=\"color: #e3245e;\"><b>Dreven\u00e9 kuchyne a povrchov\u00e9 prevedenie<\/b><\/span><\/h2>\n<p>Najnov\u0161\u00ed trend vytla\u010dil n\u00e1bytok s vysok\u00fdm leskom, tak\u00fd ob\u013e\u00faben\u00fd v kuchyniach zo za\u010diatku minul\u00e9ho desa\u0165ro\u010dia, a nahradil ho matn\u00fdmi povrchmi tmav\u00fdch farieb. Napriek tmav\u00e9mu odtie\u0148u a absencii lesku n\u00e1bytok nevyzer\u00e1 temne a ponuro. <strong>\u00dalohu lesku supluje sekund\u00e1rna farba<\/strong>, ktor\u00e1 sa prejavuje v detailoch, na kuchynskej linke alebo na z\u00e1stene.[\/vc_column_text][vc_single_image image=&#8221;153412&#8243; img_size=&#8221;large&#8221; add_caption=&#8221;yes&#8221; alignment=&#8221;center&#8221; style=&#8221;vc_box_rounded&#8221; onclick=&#8221;custom_link&#8221; img_link_target=&#8221;_blank&#8221; link=&#8221;https:\/\/www.ikuchyne.sk\/&#8221;][vc_column_text]V popred\u00ed zost\u00e1vaj\u00fa dreven\u00e9 fronty. Tie s\u00fa v kuchynskom interi\u00e9ri st\u00e1licou. <strong>Odtie\u0148 dreva je vhodn\u00e9 zvoli\u0165 v z\u00e1vislosti od farby skriniek a elektrospotrebi\u010dov<\/strong>, ktor\u00e9 sa, mimochodom, tie\u017e pred\u00e1vaj\u00fa v modernom matnom \u0161t\u00fdle.[\/vc_column_text][vc_single_image image=&#8221;153413&#8243; img_size=&#8221;large&#8221; add_caption=&#8221;yes&#8221; alignment=&#8221;center&#8221; style=&#8221;vc_box_rounded&#8221; onclick=&#8221;custom_link&#8221; img_link_target=&#8221;_blank&#8221; link=&#8221;https:\/\/www.ikuchyne.sk\/&#8221;][vc_message icon_fontawesome=&#8221;&#8221;]<b>Rada odborn\u00edka: <\/b>Obzvl\u00e1\u0161\u0165 elegantne s tmav\u00fdmi kuchynsk\u00fdmi frontami vyzeraj\u00fa pracovn\u00e9 dosky zo svetl\u00e9ho dreva.[\/vc_message][vc_column_text]<\/p>\n<h2><span style=\"color: #e3245e;\"><b>Farebn\u00e9 dreven\u00e9 kuchyne<\/b><\/span><\/h2>\n<p>Mo\u017eno zostanete prekvapen\u00ed, ale farby, ktor\u00e9 si v roku 2021 ukradli korunku i srdcia dizajn\u00e9rov, s\u00fa <strong>\u010dierna, siv\u00e1 a antracitov\u00e1<\/strong>. Ide o tmav\u00e9, <a href=\"https:\/\/www.ikuchyne.sk\/eshop\/produkt\/jedalensky-stol-thor-200cm-z-pinioveho-dreva-siva\/\" class=\"broken_link\"><span style=\"color: #e3245e;\">zemit\u00e9 farby<\/span><\/a>. Jednoducho ich mo\u017eno <a href=\"https:\/\/www.ikuchyne.sk\/eshop\/produkt\/jedalensky-stol-concord-180-230cm-keramika-dub-optik\/\"><span style=\"color: #e3245e;\">skombinova\u0165 s drevom<\/span><\/a> \u010di svetlej\u0161\u00edmi odtie\u0148mi.<\/p>\n<p>Na odpis v\u0161ak nie s\u00fa ani <a href=\"https:\/\/www.ikuchyne.sk\/eshop\/produkt\/jedalensky-stol-factory-160cm-agat-teak-sedy\/\"><span style=\"color: #e3245e;\">svetl\u00e9 farby<\/span><\/a>, ako biela, b\u00e9\u017eov\u00e1 \u010di svetlohned\u00e1. Biely front perfektne vynik\u00e1 pri tmavej kuchynskej linke. Ak v\u00e1m v \u017eivote ch\u00fdba trochu dr\u00e1my, dajte tmav\u00fdm t\u00f3nom vo\u013en\u00fd priechod a zaria\u010fte v nich cel\u00fa kuchy\u0148u.[\/vc_column_text][vc_single_image image=&#8221;153417&#8243; img_size=&#8221;large&#8221; add_caption=&#8221;yes&#8221; alignment=&#8221;center&#8221; style=&#8221;vc_box_rounded&#8221; onclick=&#8221;custom_link&#8221; img_link_target=&#8221;_blank&#8221; link=&#8221;https:\/\/www.ikuchyne.sk\/&#8221;][vc_column_text]K vytvoreniu \u00fatulnej\u0161ieho prostredia v\u00e1m dopom\u00f4\u017eu <strong>pastelov\u00e9 farby na elektrospotrebi\u010doch<\/strong>, ktor\u00e9 robia zemit\u00fdm t\u00f3nom garde so v\u0161etkou c\u0165ou.[\/vc_column_text][vc_column_text]<\/p>\n<h2><span style=\"color: #e3245e;\"><b>Drevo a ostatn\u00e9 materi\u00e1ly<\/b><\/span><\/h2>\n<p>Tento rok si drevo pr\u00edde na svoje. Nikdy ho nebolo m\u00e1lo, ale teraz bude doslova v\u0161ade. Zauj\u00edma v\u00e1s, s ak\u00fdmi materi\u00e1lmi ho m\u00f4\u017eete skombinova\u0165? Pon\u00fakaj\u00fa sa dva.[\/vc_column_text][vc_single_image image=&#8221;153416&#8243; img_size=&#8221;large&#8221; add_caption=&#8221;yes&#8221; alignment=&#8221;center&#8221; style=&#8221;vc_box_rounded&#8221; onclick=&#8221;custom_link&#8221; img_link_target=&#8221;_blank&#8221; link=&#8221;https:\/\/www.ikuchyne.sk\/&#8221;][vc_column_text]Jedn\u00fdm je<strong> bet\u00f3n<\/strong>. S drevom sa k sebe hodia. Chladn\u00fd kame\u0148 a pr\u00edrodn\u00e9 drevo vytv\u00e1raj\u00fa dojem prirodzenosti, no z\u00e1rove\u0148 zost\u00e1vaj\u00fa \u0161t\u00fdlov\u00e9. To ist\u00e9 mo\u017eno poveda\u0165 o<strong> skle<\/strong>, ktor\u00e9 je druhou mo\u017enos\u0165ou.[\/vc_column_text][vc_column_text]<\/p>\n<h2><span style=\"color: #e3245e;\"><b>Hladk\u00e9 l\u00ednie<\/b><\/span><\/h2>\n<p>Zabudnite na \u00fachytky, k\u013eu\u010dky, ryhy, dr\u00e1\u017eky, li\u0161ty \u010di in\u00e9 v\u00fdstupky. <strong>Tohtoro\u010dn\u00fd dizajn sa nesie v duchu \u010distej l\u00ednie<\/strong>. Stavte na zapusten\u00e9 \u00fachytky alebo magnetick\u00fd \u00fachop, pri\u010dom skrinku otvor\u00edte tak, \u017ee do nej slabo zatla\u010d\u00edte. Hladk\u00e9 povrchy s\u00fa prioritou \u010d\u00edslo jeden.[\/vc_column_text][vc_single_image image=&#8221;153415&#8243; img_size=&#8221;large&#8221; add_caption=&#8221;yes&#8221; alignment=&#8221;center&#8221; style=&#8221;vc_box_rounded&#8221; onclick=&#8221;custom_link&#8221; img_link_target=&#8221;_blank&#8221; link=&#8221;https:\/\/www.ikuchyne.sk\/&#8221;][\/vc_column][\/vc_row][vc_row][vc_column][vc_message message_box_color=&#8221;alert-success&#8221; icon_fontawesome=&#8221;&#8221;]<b>VEDELI STE, \u017dE: <\/b>V tomto roku sa okrem in\u00e9ho zv\u00fd\u0161en\u00e1 pozornos\u0165 venuje zaria\u010fovaniu<strong> mal\u00fdch mestsk\u00fdch kuch\u00fd\u0148<\/strong>, preto\u017ee \u010doraz viac Slov\u00e1kov sa s\u0165ahuje do miest. Dispozi\u010dn\u00e9 rie\u0161enie kuch\u00fd\u0148 s matn\u00fdmi povrchmi, \u010dist\u00fdmi l\u00edniami a mno\u017estvom dreven\u00fdch prvkov rozhodne m\u00e1 \u010do pon\u00faknu\u0165.[\/vc_message][\/vc_column][\/vc_row][vc_row][vc_column][vc_message icon_fontawesome=&#8221;&#8221;]<b>TIP NA Z\u00c1VER: <\/b><strong>Z\u00e1kladom je funk\u010dnos\u0165<\/strong>. Uistite sa, \u017ee va\u0161a kuchy\u0148a je rozmiestnen\u00e1 tak, ako v\u00e1m to vyhovuje.[\/vc_message][\/vc_column][\/vc_row]<\/p>\n","protected":false},"excerpt":{"rendered":"<p>[vc_row][vc_column][vc_column_text]Mo\u017eno ste sa aj vy v \u010dase pand\u00e9mie odhodlali k prer\u00e1bke alebo ste sa rovno pres\u0165ahovali do nov\u00e9ho. Vedzte, \u017ee dreven\u00e9 kuchyne s\u00fa aj po t\u00fdch rokoch \u010d\u00edslo jeden. Dajte<\/p>\n","protected":false},"author":1177,"featured_media":153411,"comment_status":"closed","ping_status":"open","sticky":false,"template":"","format":"standard","meta":{"footnotes":""},"categories":[1013,1010,1009],"tags":[],"yoast_head":"<!-- This site is optimized with the Yoast SEO plugin v22.1 - https:\/\/yoast.com\/wordpress\/plugins\/seo\/ -->\n<title>Najkraj\u0161ie dreven\u00e9 kuchyne roku 2021 &#187; iKuchyne iSHOP s n\u00e1bytkom<\/title>\n<meta name=\"description\" content=\"Odhodlali ste sa v \u010dase pand\u00e9mie k prer\u00e1bke alebo ste sa rovno pres\u0165ahovali do nov\u00e9ho? Aj tento rok s\u00fa dreven\u00e9 kuchyne \u010d\u00edslo jeden.\" \/>\n<meta name=\"robots\" content=\"index, follow, max-snippet:-1, max-image-preview:large, max-video-preview:-1\" \/>\n<link rel=\"canonical\" href=\"https:\/\/www.ikuchyne.sk\/eshop\/najkrajsie-drevene-kuchyne-roku-2021\/\" \/>\n<meta property=\"og:locale\" content=\"sk_SK\" \/>\n<meta property=\"og:type\" content=\"article\" \/>\n<meta property=\"og:title\" content=\"Najkraj\u0161ie dreven\u00e9 kuchyne roku 2021 &#187; iKuchyne iSHOP s n\u00e1bytkom\" \/>\n<meta property=\"og:description\" content=\"Odhodlali ste sa v \u010dase pand\u00e9mie k prer\u00e1bke alebo ste sa rovno pres\u0165ahovali do nov\u00e9ho? Aj tento rok s\u00fa dreven\u00e9 kuchyne \u010d\u00edslo jeden.\" \/>\n<meta property=\"og:url\" content=\"https:\/\/www.ikuchyne.sk\/eshop\/najkrajsie-drevene-kuchyne-roku-2021\/\" \/>\n<meta property=\"og:site_name\" content=\"iKuchyne iSHOP s n\u00e1bytkom\" \/>\n<meta property=\"article:publisher\" content=\"https:\/\/www.facebook.com\/ikuchyne\/\" \/>\n<meta property=\"article:published_time\" content=\"2021-06-18T03:57:17+00:00\" \/>\n<meta property=\"og:image\" content=\"https:\/\/www.ikuchyne.sk\/eshop\/wp-content\/uploads\/2021\/06\/1-17.jpg\" \/>\n\t<meta property=\"og:image:width\" content=\"1280\" \/>\n\t<meta property=\"og:image:height\" content=\"1221\" \/>\n\t<meta property=\"og:image:type\" content=\"image\/jpeg\" \/>\n<meta name=\"author\" content=\"Juraj Pavlik\" \/>\n<meta name=\"twitter:card\" content=\"summary_large_image\" \/>\n<meta name=\"twitter:label1\" content=\"Autor\" \/>\n\t<meta name=\"twitter:data1\" content=\"Juraj Pavlik\" \/>\n\t<meta name=\"twitter:label2\" content=\"Predpokladan\u00fd \u010das \u010d\u00edtania\" \/>\n\t<meta name=\"twitter:data2\" content=\"3 min\u00faty\" \/>\n<script type=\"application\/ld+json\" class=\"yoast-schema-graph\">{\"@context\":\"https:\/\/schema.org\",\"@graph\":[{\"@type\":\"Article\",\"@id\":\"https:\/\/www.ikuchyne.sk\/eshop\/najkrajsie-drevene-kuchyne-roku-2021\/#article\",\"isPartOf\":{\"@id\":\"https:\/\/www.ikuchyne.sk\/eshop\/najkrajsie-drevene-kuchyne-roku-2021\/\"},\"author\":{\"name\":\"Juraj Pavlik\",\"@id\":\"https:\/\/www.ikuchyne.sk\/eshop\/#\/schema\/person\/4d8ce08d014894018d3709d7d3cbbe1d\"},\"headline\":\"Najkraj\u0161ie dreven\u00e9 kuchyne roku 2021\",\"datePublished\":\"2021-06-18T03:57:17+00:00\",\"dateModified\":\"2021-06-18T03:57:17+00:00\",\"mainEntityOfPage\":{\"@id\":\"https:\/\/www.ikuchyne.sk\/eshop\/najkrajsie-drevene-kuchyne-roku-2021\/\"},\"wordCount\":919,\"publisher\":{\"@id\":\"https:\/\/www.ikuchyne.sk\/eshop\/#organization\"},\"articleSection\":[\"Jed\u00e1le\u0148 a kuchy\u0148a\",\"N\u00c1BYTOK\",\"PORAD\u0147A\"],\"inLanguage\":\"sk-SK\"},{\"@type\":\"WebPage\",\"@id\":\"https:\/\/www.ikuchyne.sk\/eshop\/najkrajsie-drevene-kuchyne-roku-2021\/\",\"url\":\"https:\/\/www.ikuchyne.sk\/eshop\/najkrajsie-drevene-kuchyne-roku-2021\/\",\"name\":\"Najkraj\u0161ie dreven\u00e9 kuchyne roku 2021 &#187; iKuchyne iSHOP s n\u00e1bytkom\",\"isPartOf\":{\"@id\":\"https:\/\/www.ikuchyne.sk\/eshop\/#website\"},\"datePublished\":\"2021-06-18T03:57:17+00:00\",\"dateModified\":\"2021-06-18T03:57:17+00:00\",\"description\":\"Odhodlali ste sa v \u010dase pand\u00e9mie k prer\u00e1bke alebo ste sa rovno pres\u0165ahovali do nov\u00e9ho? Aj tento rok s\u00fa dreven\u00e9 kuchyne \u010d\u00edslo jeden.\",\"breadcrumb\":{\"@id\":\"https:\/\/www.ikuchyne.sk\/eshop\/najkrajsie-drevene-kuchyne-roku-2021\/#breadcrumb\"},\"inLanguage\":\"sk-SK\",\"potentialAction\":[{\"@type\":\"ReadAction\",\"target\":[\"https:\/\/www.ikuchyne.sk\/eshop\/najkrajsie-drevene-kuchyne-roku-2021\/\"]}]},{\"@type\":\"BreadcrumbList\",\"@id\":\"https:\/\/www.ikuchyne.sk\/eshop\/najkrajsie-drevene-kuchyne-roku-2021\/#breadcrumb\",\"itemListElement\":[{\"@type\":\"ListItem\",\"position\":1,\"name\":\"Home\",\"item\":\"https:\/\/www.ikuchyne.sk\/eshop\/\"},{\"@type\":\"ListItem\",\"position\":2,\"name\":\"Najkraj\u0161ie dreven\u00e9 kuchyne roku 2021\"}]},{\"@type\":\"WebSite\",\"@id\":\"https:\/\/www.ikuchyne.sk\/eshop\/#website\",\"url\":\"https:\/\/www.ikuchyne.sk\/eshop\/\",\"name\":\"iKuchyne iSHOP s n\u00e1bytkom\",\"description\":\"Jed\u00e1lensk\u00e9 stoly, stoli\u010dky, n\u00e1bytok, svietidl\u00e1...\",\"publisher\":{\"@id\":\"https:\/\/www.ikuchyne.sk\/eshop\/#organization\"},\"potentialAction\":[{\"@type\":\"SearchAction\",\"target\":{\"@type\":\"EntryPoint\",\"urlTemplate\":\"https:\/\/www.ikuchyne.sk\/eshop\/?s={search_term_string}\"},\"query-input\":\"required name=search_term_string\"}],\"inLanguage\":\"sk-SK\"},{\"@type\":\"Organization\",\"@id\":\"https:\/\/www.ikuchyne.sk\/eshop\/#organization\",\"name\":\"ikuchyne!\",\"url\":\"https:\/\/www.ikuchyne.sk\/eshop\/\",\"logo\":{\"@type\":\"ImageObject\",\"inLanguage\":\"sk-SK\",\"@id\":\"https:\/\/www.ikuchyne.sk\/eshop\/#\/schema\/logo\/image\/\",\"url\":\"https:\/\/www.ikuchyne.sk\/eshop\/wp-content\/uploads\/2017\/04\/ikuchyne-logo.jpg\",\"contentUrl\":\"https:\/\/www.ikuchyne.sk\/eshop\/wp-content\/uploads\/2017\/04\/ikuchyne-logo.jpg\",\"width\":200,\"height\":48,\"caption\":\"ikuchyne!\"},\"image\":{\"@id\":\"https:\/\/www.ikuchyne.sk\/eshop\/#\/schema\/logo\/image\/\"},\"sameAs\":[\"https:\/\/www.facebook.com\/ikuchyne\/\",\"https:\/\/www.instagram.com\/ikuchyne.sk\/\",\"https:\/\/sk.pinterest.com\/ikuchynesk\/\"]},{\"@type\":\"Person\",\"@id\":\"https:\/\/www.ikuchyne.sk\/eshop\/#\/schema\/person\/4d8ce08d014894018d3709d7d3cbbe1d\",\"name\":\"Juraj Pavlik\",\"image\":{\"@type\":\"ImageObject\",\"inLanguage\":\"sk-SK\",\"@id\":\"https:\/\/www.ikuchyne.sk\/eshop\/#\/schema\/person\/image\/\",\"url\":\"https:\/\/secure.gravatar.com\/avatar\/dc257f408fb2c77b5ea45435006a5bae?s=96&d=wp_user_avatar&r=g\",\"contentUrl\":\"https:\/\/secure.gravatar.com\/avatar\/dc257f408fb2c77b5ea45435006a5bae?s=96&d=wp_user_avatar&r=g\",\"caption\":\"Juraj Pavlik\"},\"description\":\"Juraj sa popri \u0161t\u00fadiu psychol\u00f3gie naplno venuje p\u00edsaniu rozmanit\u00fdch \u010dl\u00e1nkov. Okrem p\u00edsania s\u00fa jeho v\u00e1\u0161\u0148ou knihy a digit\u00e1lna ma\u013eba. Vo\u013en\u00fd \u010das tr\u00e1vi vlastnou liter\u00e1rnou tvorbou, \u0161portom a po\u010d\u00favan\u00edm dobrej hudby.\",\"url\":\"https:\/\/www.ikuchyne.sk\/eshop\/author\/juraj-pavlik\/\"}]}<\/script>\n<!-- \/ Yoast SEO plugin. -->","yoast_head_json":{"title":"Najkraj\u0161ie dreven\u00e9 kuchyne roku 2021 &#187; iKuchyne iSHOP s n\u00e1bytkom","description":"Odhodlali ste sa v \u010dase pand\u00e9mie k prer\u00e1bke alebo ste sa rovno pres\u0165ahovali do nov\u00e9ho? Aj tento rok s\u00fa dreven\u00e9 kuchyne \u010d\u00edslo jeden.","robots":{"index":"index","follow":"follow","max-snippet":"max-snippet:-1","max-image-preview":"max-image-preview:large","max-video-preview":"max-video-preview:-1"},"canonical":"https:\/\/www.ikuchyne.sk\/eshop\/najkrajsie-drevene-kuchyne-roku-2021\/","og_locale":"sk_SK","og_type":"article","og_title":"Najkraj\u0161ie dreven\u00e9 kuchyne roku 2021 &#187; iKuchyne iSHOP s n\u00e1bytkom","og_description":"Odhodlali ste sa v \u010dase pand\u00e9mie k prer\u00e1bke alebo ste sa rovno pres\u0165ahovali do nov\u00e9ho? Aj tento rok s\u00fa dreven\u00e9 kuchyne \u010d\u00edslo jeden.","og_url":"https:\/\/www.ikuchyne.sk\/eshop\/najkrajsie-drevene-kuchyne-roku-2021\/","og_site_name":"iKuchyne iSHOP s n\u00e1bytkom","article_publisher":"https:\/\/www.facebook.com\/ikuchyne\/","article_published_time":"2021-06-18T03:57:17+00:00","og_image":[{"width":1280,"height":1221,"url":"https:\/\/www.ikuchyne.sk\/eshop\/wp-content\/uploads\/2021\/06\/1-17.jpg","type":"image\/jpeg"}],"author":"Juraj Pavlik","twitter_card":"summary_large_image","twitter_misc":{"Autor":"Juraj Pavlik","Predpokladan\u00fd \u010das \u010d\u00edtania":"3 min\u00faty"},"schema":{"@context":"https:\/\/schema.org","@graph":[{"@type":"Article","@id":"https:\/\/www.ikuchyne.sk\/eshop\/najkrajsie-drevene-kuchyne-roku-2021\/#article","isPartOf":{"@id":"https:\/\/www.ikuchyne.sk\/eshop\/najkrajsie-drevene-kuchyne-roku-2021\/"},"author":{"name":"Juraj Pavlik","@id":"https:\/\/www.ikuchyne.sk\/eshop\/#\/schema\/person\/4d8ce08d014894018d3709d7d3cbbe1d"},"headline":"Najkraj\u0161ie dreven\u00e9 kuchyne roku 2021","datePublished":"2021-06-18T03:57:17+00:00","dateModified":"2021-06-18T03:57:17+00:00","mainEntityOfPage":{"@id":"https:\/\/www.ikuchyne.sk\/eshop\/najkrajsie-drevene-kuchyne-roku-2021\/"},"wordCount":919,"publisher":{"@id":"https:\/\/www.ikuchyne.sk\/eshop\/#organization"},"articleSection":["Jed\u00e1le\u0148 a kuchy\u0148a","N\u00c1BYTOK","PORAD\u0147A"],"inLanguage":"sk-SK"},{"@type":"WebPage","@id":"https:\/\/www.ikuchyne.sk\/eshop\/najkrajsie-drevene-kuchyne-roku-2021\/","url":"https:\/\/www.ikuchyne.sk\/eshop\/najkrajsie-drevene-kuchyne-roku-2021\/","name":"Najkraj\u0161ie dreven\u00e9 kuchyne roku 2021 &#187; iKuchyne iSHOP s n\u00e1bytkom","isPartOf":{"@id":"https:\/\/www.ikuchyne.sk\/eshop\/#website"},"datePublished":"2021-06-18T03:57:17+00:00","dateModified":"2021-06-18T03:57:17+00:00","description":"Odhodlali ste sa v \u010dase pand\u00e9mie k prer\u00e1bke alebo ste sa rovno pres\u0165ahovali do nov\u00e9ho? Aj tento rok s\u00fa dreven\u00e9 kuchyne \u010d\u00edslo jeden.","breadcrumb":{"@id":"https:\/\/www.ikuchyne.sk\/eshop\/najkrajsie-drevene-kuchyne-roku-2021\/#breadcrumb"},"inLanguage":"sk-SK","potentialAction":[{"@type":"ReadAction","target":["https:\/\/www.ikuchyne.sk\/eshop\/najkrajsie-drevene-kuchyne-roku-2021\/"]}]},{"@type":"BreadcrumbList","@id":"https:\/\/www.ikuchyne.sk\/eshop\/najkrajsie-drevene-kuchyne-roku-2021\/#breadcrumb","itemListElement":[{"@type":"ListItem","position":1,"name":"Home","item":"https:\/\/www.ikuchyne.sk\/eshop\/"},{"@type":"ListItem","position":2,"name":"Najkraj\u0161ie dreven\u00e9 kuchyne roku 2021"}]},{"@type":"WebSite","@id":"https:\/\/www.ikuchyne.sk\/eshop\/#website","url":"https:\/\/www.ikuchyne.sk\/eshop\/","name":"iKuchyne iSHOP s n\u00e1bytkom","description":"Jed\u00e1lensk\u00e9 stoly, stoli\u010dky, n\u00e1bytok, svietidl\u00e1...","publisher":{"@id":"https:\/\/www.ikuchyne.sk\/eshop\/#organization"},"potentialAction":[{"@type":"SearchAction","target":{"@type":"EntryPoint","urlTemplate":"https:\/\/www.ikuchyne.sk\/eshop\/?s={search_term_string}"},"query-input":"required name=search_term_string"}],"inLanguage":"sk-SK"},{"@type":"Organization","@id":"https:\/\/www.ikuchyne.sk\/eshop\/#organization","name":"ikuchyne!","url":"https:\/\/www.ikuchyne.sk\/eshop\/","logo":{"@type":"ImageObject","inLanguage":"sk-SK","@id":"https:\/\/www.ikuchyne.sk\/eshop\/#\/schema\/logo\/image\/","url":"https:\/\/www.ikuchyne.sk\/eshop\/wp-content\/uploads\/2017\/04\/ikuchyne-logo.jpg","contentUrl":"https:\/\/www.ikuchyne.sk\/eshop\/wp-content\/uploads\/2017\/04\/ikuchyne-logo.jpg","width":200,"height":48,"caption":"ikuchyne!"},"image":{"@id":"https:\/\/www.ikuchyne.sk\/eshop\/#\/schema\/logo\/image\/"},"sameAs":["https:\/\/www.facebook.com\/ikuchyne\/","https:\/\/www.instagram.com\/ikuchyne.sk\/","https:\/\/sk.pinterest.com\/ikuchynesk\/"]},{"@type":"Person","@id":"https:\/\/www.ikuchyne.sk\/eshop\/#\/schema\/person\/4d8ce08d014894018d3709d7d3cbbe1d","name":"Juraj Pavlik","image":{"@type":"ImageObject","inLanguage":"sk-SK","@id":"https:\/\/www.ikuchyne.sk\/eshop\/#\/schema\/person\/image\/","url":"https:\/\/secure.gravatar.com\/avatar\/dc257f408fb2c77b5ea45435006a5bae?s=96&d=wp_user_avatar&r=g","contentUrl":"https:\/\/secure.gravatar.com\/avatar\/dc257f408fb2c77b5ea45435006a5bae?s=96&d=wp_user_avatar&r=g","caption":"Juraj Pavlik"},"description":"Juraj sa popri \u0161t\u00fadiu psychol\u00f3gie naplno venuje p\u00edsaniu rozmanit\u00fdch \u010dl\u00e1nkov. Okrem p\u00edsania s\u00fa jeho v\u00e1\u0161\u0148ou knihy a digit\u00e1lna ma\u013eba. Vo\u013en\u00fd \u010das tr\u00e1vi vlastnou liter\u00e1rnou tvorbou, \u0161portom a po\u010d\u00favan\u00edm dobrej hudby.","url":"https:\/\/www.ikuchyne.sk\/eshop\/author\/juraj-pavlik\/"}]}},"_links":{"self":[{"href":"https:\/\/www.ikuchyne.sk\/eshop\/wp-json\/wp\/v2\/posts\/153410"}],"collection":[{"href":"https:\/\/www.ikuchyne.sk\/eshop\/wp-json\/wp\/v2\/posts"}],"about":[{"href":"https:\/\/www.ikuchyne.sk\/eshop\/wp-json\/wp\/v2\/types\/post"}],"author":[{"embeddable":true,"href":"https:\/\/www.ikuchyne.sk\/eshop\/wp-json\/wp\/v2\/users\/1177"}],"replies":[{"embeddable":true,"href":"https:\/\/www.ikuchyne.sk\/eshop\/wp-json\/wp\/v2\/comments?post=153410"}],"version-history":[{"count":1,"href":"https:\/\/www.ikuchyne.sk\/eshop\/wp-json\/wp\/v2\/posts\/153410\/revisions"}],"predecessor-version":[{"id":153418,"href":"https:\/\/www.ikuchyne.sk\/eshop\/wp-json\/wp\/v2\/posts\/153410\/revisions\/153418"}],"wp:featuredmedia":[{"embeddable":true,"href":"https:\/\/www.ikuchyne.sk\/eshop\/wp-json\/wp\/v2\/media\/153411"}],"wp:attachment":[{"href":"https:\/\/www.ikuchyne.sk\/eshop\/wp-json\/wp\/v2\/media?parent=153410"}],"wp:term":[{"taxonomy":"category","embeddable":true,"href":"https:\/\/www.ikuchyne.sk\/eshop\/wp-json\/wp\/v2\/categories?post=153410"},{"taxonomy":"post_tag","embeddable":true,"href":"https:\/\/www.ikuchyne.sk\/eshop\/wp-json\/wp\/v2\/tags?post=153410"}],"curies":[{"name":"wp","href":"https:\/\/api.w.org\/{rel}","templated":true}]}}