{"id":153500,"date":"2021-06-24T06:37:42","date_gmt":"2021-06-24T04:37:42","guid":{"rendered":"https:\/\/www.ikuchyne.sk\/eshop\/?p=153500"},"modified":"2021-06-24T06:37:42","modified_gmt":"2021-06-24T04:37:42","slug":"manzelska-postel-v-malom-byte","status":"publish","type":"post","link":"https:\/\/www.ikuchyne.sk\/eshop\/manzelska-postel-v-malom-byte\/","title":{"rendered":"Man\u017eelsk\u00e1 poste\u013e v malom byte"},"content":{"rendered":"<p>[vc_row][vc_column][vc_column_text]<strong>Kvalitn\u00fd sp\u00e1nok je predpokladom produkt\u00edvneho d\u0148a. Rodi\u010dia ho potrebuj\u00fa ako so\u013e. Av\u0161ak t\u00ed, \u010do \u017eij\u00fa v men\u0161\u00edch mestsk\u00fdch bytoch, m\u00f4\u017eu ma\u0165 s v\u00fdberom vhodnej man\u017eelskej postele probl\u00e9m. Ako sa popasova\u0165 s nedostatkom vo\u013en\u00e9ho miesta?<\/strong>[\/vc_column_text][\/vc_column][\/vc_row][vc_row][vc_column][vc_column_text]<\/p>\n<h2><span style=\"color: #e3245e;\"><b>Prisp\u00f4sobte rozmer postele rozmeru miestnosti<br \/>\n<\/b><\/span><\/h2>\n<p>Man\u017eelsk\u00e1 poste\u013e je dominantou sp\u00e1lne, preto\u017ee zaber\u00e1 najviac miesta. Zbavi\u0165 sa jej v\u0161ak nem\u00f4\u017eete. Je nutn\u00e9 zmieri\u0165 sa s t\u00fdm, \u017ee minim\u00e1lne <a href=\"https:\/\/www.ikuchyne.sk\/eshop\/produkt\/postel-la-beaute-160x200cm-antracit\/\" class=\"broken_link\"><span style=\"color: #e3245e;\">160 x 200 centimetrov<\/span><\/a> miesta pripadne posteli.<\/p>\n<p>V pr\u00edpade, \u017ee sa radi prehadzujete a neznesiete pri sp\u00e1nku dotyk druhej osoby, odpor\u00fa\u010dame v\u00e1m man\u017eelsk\u00fa poste\u013e s rozmermi <a href=\"https:\/\/www.ikuchyne.sk\/eshop\/produkt\/siva-postel-paris-180x200cm-2\/\"><span style=\"color: #e3245e;\">180 x 200 centimetrov<\/span><\/a>. Tak \u010di onak, zna\u010dn\u00e1 \u010das\u0165 sp\u00e1lne, v pr\u00edpade malej izby s preh\u013eadom aj polovica, zostane <em>\u201enevyu\u017eit\u00e1\u201d.<\/em>[\/vc_column_text][\/vc_column][\/vc_row][vc_row][vc_column][vc_single_image image=&#8221;153501&#8243; img_size=&#8221;large&#8221; add_caption=&#8221;yes&#8221; alignment=&#8221;center&#8221; style=&#8221;vc_box_rounded&#8221; onclick=&#8221;custom_link&#8221; img_link_target=&#8221;_blank&#8221; link=&#8221;https:\/\/www.ikuchyne.sk\/eshop\/produkt\/postel-la-beaute-160x200cm-antracit\/&#8221;][vc_column_text]Mnohokr\u00e1t sa ved\u013ea postele nezmestia ani no\u010dn\u00e9 stol\u00edky a jedin\u00e9 \u00falo\u017eisko poskytuje komoda alebo \u0161atn\u00edk. E\u0161te ale nejasajte. <strong>\u0160atn\u00edk je toti\u017e prisp\u00f4soben\u00fd na oble\u010denie<\/strong> a \u0161perky \u010di mejkap do\u0148 neskryjete. To ist\u00e9 plat\u00ed o knihe pred span\u00edm a lampi\u010dke na \u010d\u00edtanie.[\/vc_column_text][vc_single_image image=&#8221;153503&#8243; img_size=&#8221;large&#8221; add_caption=&#8221;yes&#8221; alignment=&#8221;center&#8221; style=&#8221;vc_box_rounded&#8221; onclick=&#8221;custom_link&#8221; img_link_target=&#8221;_blank&#8221; link=&#8221;https:\/\/www.ikuchyne.sk\/eshop\/produkt\/striebornosiva-zamatova-lavica-extravagancia-140cm\/&#8221;][vc_column_text]V\u0161etky drobnosti si pohodlne ulo\u017e\u00edte na <strong>zv\u00fd\u0161enom \u010dele postele<\/strong>, ktor\u00e9 je \u010dlenen\u00e9 na viacero poli\u010diek. A\u017e teraz m\u00f4\u017eete kri\u010da\u0165 heur\u00e9ka. Tak\u00fdmto sp\u00f4sobom efekt\u00edvne vyu\u017e\u00edvate vo\u013en\u00fd priestor nad poste\u013eou, ktor\u00fd by inak zostal le\u017ea\u0165 \u00fahorom. Na poli\u010dky si m\u00f4\u017eete odlo\u017ei\u0165 poh\u00e1r s vodou, bud\u00edk, knihu, lampi\u010dku na \u010d\u00edtanie, \u0161perkovnicu \u010di mejkapov\u00fa sadu. Je to u\u017e na v\u00e1s.[\/vc_column_text][vc_single_image image=&#8221;153504&#8243; img_size=&#8221;large&#8221; add_caption=&#8221;yes&#8221; alignment=&#8221;center&#8221; style=&#8221;vc_box_rounded&#8221; onclick=&#8221;custom_link&#8221; img_link_target=&#8221;_blank&#8221; link=&#8221;https:\/\/www.ikuchyne.sk\/eshop\/produkt\/strieborna-postel-extravagancia-180x200cm\/&#8221;][vc_column_text]<\/p>\n<h2><span style=\"color: #e3245e;\"><b>Man\u017eelsk\u00e1 poste\u013e s \u00falo\u017en\u00fdm priestorom<br \/>\n<\/b><\/span><\/h2>\n<p>Nikto sa r\u00e1d nepozer\u00e1 pod poste\u013e. Deti sa boja, \u017ee v tme zasvietia o\u010di a tes\u00e1ky pr\u00ed\u0161ery. My dospel\u00ed sa zas boj\u00edme, \u017ee sa na n\u00e1s vyr\u00fati prachov\u00fd fant\u00f3m. Pritom sta\u010d\u00ed trochu pohn\u00fa\u0165 hlavou a prach aj strach bud\u00fa nav\u017edy pre\u010d.[\/vc_column_text][vc_single_image image=&#8221;153505&#8243; img_size=&#8221;large&#8221; add_caption=&#8221;yes&#8221; alignment=&#8221;center&#8221; style=&#8221;vc_box_rounded&#8221; onclick=&#8221;custom_link&#8221; img_link_target=&#8221;_blank&#8221; link=&#8221;https:\/\/www.ikuchyne.sk\/eshop\/produkt\/smaragdovozelena-zamatova-postel-famous-140x200cm\/&#8221;][vc_column_text]Man\u017eelsk\u00e1 poste\u013e pod svojou kon\u0161trukciou ukr\u00fdva prekvapivo ve\u013ea priestoru, zv\u00e4\u010d\u0161a nevyu\u017eit\u00e9ho. Pod poste\u013e toti\u017e nesta\u010d\u00ed vopcha\u0165 p\u00e1r nepotrebn\u00fdch vec\u00ed a u\u017e nikdy ich spod nej nevytiahnu\u0165. Priestor treba zu\u017eitkova\u0165 do posledn\u00e9ho miesta a<strong> premeni\u0165 ho na \u00falo\u017eisko<\/strong>. Do bodky a do p\u00edsmena.[\/vc_column_text][vc_single_image image=&#8221;153506&#8243; img_size=&#8221;large&#8221; add_caption=&#8221;yes&#8221; alignment=&#8221;center&#8221; style=&#8221;vc_box_rounded&#8221; onclick=&#8221;custom_link&#8221; img_link_target=&#8221;_blank&#8221; link=&#8221;https:\/\/www.ikuchyne.sk\/eshop\/produkt\/postel-mammut-180x200cm-agat-prirodna\/&#8221;][vc_column_text]Ako stvoren\u00e9 na tak\u00fato premenu s\u00fa<strong> z\u00e1suvky na kolieskach<\/strong>. Nemus\u00ed by\u0165 iba jedna. M\u00f4\u017ee ich by\u0165 to\u013eko, ko\u013eko potrebujete. Jedna na knihy, \u010fal\u0161ia na spodn\u00fa bielize\u0148, a tak \u010falej. Nie je probl\u00e9m k\u00fapi\u0165 poste\u013en\u00fa sadu so z\u00e1suvkami.<\/p>\n<p>Ak v\u0161ak m\u00e1te vyhliadnut\u00fa poste\u013e bez z\u00e1suviek, m\u00f4\u017eete si ich k\u00fapi\u0165 dodato\u010dne. To ist\u00e9 plat\u00ed o<strong> l\u00e1tkov\u00fdch boxoch s kovovou kon\u0161trukciou<\/strong>, ktor\u00e9 s\u00fa lacnej\u0161ou alternat\u00edvou dreven\u00fdch z\u00e1suviek. Nie s\u00fa na kolieskach, \u0161\u00fachate ich po dl\u00e1\u017eke. Podlahe to nevad\u00ed, s\u00fa jemn\u00e9 a ve\u013emi \u013eahk\u00e9.[\/vc_column_text][vc_single_image image=&#8221;153507&#8243; img_size=&#8221;large&#8221; add_caption=&#8221;yes&#8221; alignment=&#8221;center&#8221; style=&#8221;vc_box_rounded&#8221; onclick=&#8221;custom_link&#8221; img_link_target=&#8221;_blank&#8221; link=&#8221;https:\/\/www.ikuchyne.sk\/eshop\/produkt\/biela-postel-extravagancia-180x200cm\/&#8221;][vc_column_text]<\/p>\n<h2><span style=\"color: #e3245e;\"><b>Man\u017eelsk\u00e1 poste\u013e patr\u00ed do ka\u017ed\u00e9ho domova<br \/>\n<\/b><\/span><\/h2>\n<p>Mal\u00fd priestor e\u0161te nemus\u00ed by\u0165 hne\u010f m\u00e1rny. <strong>Prem\u00fd\u0161\u013eajte \u00fasporne<\/strong>. Ver\u00edme, \u017ee sa n\u00e1m t\u00fdmto \u010dl\u00e1nkom podarilo prebudi\u0165 vo v\u00e1s interi\u00e9rov\u00e9ho dizajn\u00e9ra. Neve\u0161ajte hlavu, ke\u010f v\u0161etko nep\u00f4jde pod\u013ea va\u0161ich predst\u00e1v. S rozmermi sp\u00e1lne nepohnete. Treba na to \u00eds\u0165 inak.<\/p>\n<p>Zu\u017eitkujte ka\u017ed\u00fd centimeter miesta. V\u00e4\u010d\u0161inu oble\u010denia pohodlne ulo\u017e\u00edte do z\u00e1suvky pod poste\u013eou. <a href=\"https:\/\/www.ikuchyne.sk\/eshop\/produkt\/striebornosiva-zamatova-lavica-extravagancia-140cm\/\" class=\"broken_link\"><span style=\"color: #e3245e;\">Komodu<\/span><\/a> v kone\u010dnom d\u00f4sledku v\u00f4bec nepotrebujete. Zostane v\u00e1m viac vo\u013en\u00e9ho miesta na pohyb.[\/vc_column_text][vc_single_image image=&#8221;153510&#8243; img_size=&#8221;large&#8221; add_caption=&#8221;yes&#8221; alignment=&#8221;center&#8221; style=&#8221;vc_box_rounded&#8221; onclick=&#8221;custom_link&#8221; img_link_target=&#8221;_blank&#8221; link=&#8221;https:\/\/www.ikuchyne.sk\/eshop\/produkt\/postel-mammut-180x200cm-agat-vinegar\/&#8221;][\/vc_column][\/vc_row][vc_row][vc_column][vc_message message_box_color=&#8221;alert-success&#8221; icon_fontawesome=&#8221;fa fa-lightbulb-o&#8221;]<b>VEDELI STE, \u017dE: <\/b>pri v\u00fdbere farieb v hos\u0165ovskej izbe s\u00fa ide\u00e1lnou vo\u013ebou neutr\u00e1lne farby? Nezab\u00fadajte toti\u017e na to, \u017ee to, \u010do sa m\u00f4\u017ee p\u00e1\u010di\u0165 v\u00e1m, sa zas nemus\u00ed p\u00e1\u010di\u0165 va\u0161im hos\u0165om. Siahnite preto sk\u00f4r po bielej, hnedej \u010di sivej a pred\u00eddete tak pr\u00edpadn\u00fdm nepr\u00edjemnostiam.[\/vc_message][\/vc_column][\/vc_row][vc_row][vc_column][vc_message icon_fontawesome=&#8221;&#8221;]<b>TIP NA Z\u00c1VER:\u00a0<\/b>No\u010dn\u00e9 stol\u00edky sa v\u017edy z\u00eddu. Ak v\u00e1m to v\u0161ak situ\u00e1cia nedovo\u013euje, vyn\u00e1jdite sa a <strong>umiestnite ich nad poste\u013e<\/strong>.[\/vc_message][\/vc_column][\/vc_row]<\/p>\n","protected":false},"excerpt":{"rendered":"<p>[vc_row][vc_column][vc_column_text]Kvalitn\u00fd sp\u00e1nok je predpokladom produkt\u00edvneho d\u0148a. Rodi\u010dia ho potrebuj\u00fa ako so\u013e. Av\u0161ak t\u00ed, \u010do \u017eij\u00fa v men\u0161\u00edch mestsk\u00fdch bytoch, m\u00f4\u017eu ma\u0165 s v\u00fdberom vhodnej man\u017eelskej postele probl\u00e9m. Ako sa popasova\u0165<\/p>\n","protected":false},"author":1177,"featured_media":153511,"comment_status":"closed","ping_status":"open","sticky":false,"template":"","format":"standard","meta":{"footnotes":""},"categories":[1008,1129],"tags":[],"yoast_head":"<!-- This site is optimized with the Yoast SEO plugin v22.1 - https:\/\/yoast.com\/wordpress\/plugins\/seo\/ -->\n<title>Man\u017eelsk\u00e1 poste\u013e v malom byte &#187; iKuchyne iSHOP s n\u00e1bytkom<\/title>\n<meta name=\"description\" content=\"Man\u017eelsk\u00e1 poste\u013e je kus n\u00e1bytku, ktor\u00fd nem\u00f4\u017eete vynecha\u0165 pri zaria\u010fovan\u00ed bytu. \u010co robi\u0165, ak va\u0161a sp\u00e1l\u0148a nedisponuje ve\u013ek\u00fdm priestorom?\" \/>\n<meta name=\"robots\" content=\"index, follow, max-snippet:-1, max-image-preview:large, max-video-preview:-1\" \/>\n<link rel=\"canonical\" href=\"https:\/\/www.ikuchyne.sk\/eshop\/manzelska-postel-v-malom-byte\/\" \/>\n<meta property=\"og:locale\" content=\"sk_SK\" \/>\n<meta property=\"og:type\" content=\"article\" \/>\n<meta property=\"og:title\" content=\"Man\u017eelsk\u00e1 poste\u013e v malom byte &#187; iKuchyne iSHOP s n\u00e1bytkom\" \/>\n<meta property=\"og:description\" content=\"Man\u017eelsk\u00e1 poste\u013e je kus n\u00e1bytku, ktor\u00fd nem\u00f4\u017eete vynecha\u0165 pri zaria\u010fovan\u00ed bytu. \u010co robi\u0165, ak va\u0161a sp\u00e1l\u0148a nedisponuje ve\u013ek\u00fdm priestorom?\" \/>\n<meta property=\"og:url\" content=\"https:\/\/www.ikuchyne.sk\/eshop\/manzelska-postel-v-malom-byte\/\" \/>\n<meta property=\"og:site_name\" content=\"iKuchyne iSHOP s n\u00e1bytkom\" \/>\n<meta property=\"article:publisher\" content=\"https:\/\/www.facebook.com\/ikuchyne\/\" \/>\n<meta property=\"article:published_time\" content=\"2021-06-24T04:37:42+00:00\" \/>\n<meta property=\"og:image\" content=\"https:\/\/www.ikuchyne.sk\/eshop\/wp-content\/uploads\/2021\/06\/2-18.jpg\" \/>\n\t<meta property=\"og:image:width\" content=\"800\" \/>\n\t<meta property=\"og:image:height\" content=\"533\" \/>\n\t<meta property=\"og:image:type\" content=\"image\/jpeg\" \/>\n<meta name=\"author\" content=\"Juraj Pavlik\" \/>\n<meta name=\"twitter:card\" content=\"summary_large_image\" \/>\n<meta name=\"twitter:label1\" content=\"Autor\" \/>\n\t<meta name=\"twitter:data1\" content=\"Juraj Pavlik\" \/>\n\t<meta name=\"twitter:label2\" content=\"Predpokladan\u00fd \u010das \u010d\u00edtania\" \/>\n\t<meta name=\"twitter:data2\" content=\"3 min\u00faty\" \/>\n<script type=\"application\/ld+json\" class=\"yoast-schema-graph\">{\"@context\":\"https:\/\/schema.org\",\"@graph\":[{\"@type\":\"Article\",\"@id\":\"https:\/\/www.ikuchyne.sk\/eshop\/manzelska-postel-v-malom-byte\/#article\",\"isPartOf\":{\"@id\":\"https:\/\/www.ikuchyne.sk\/eshop\/manzelska-postel-v-malom-byte\/\"},\"author\":{\"name\":\"Juraj Pavlik\",\"@id\":\"https:\/\/www.ikuchyne.sk\/eshop\/#\/schema\/person\/4d8ce08d014894018d3709d7d3cbbe1d\"},\"headline\":\"Man\u017eelsk\u00e1 poste\u013e v malom byte\",\"datePublished\":\"2021-06-24T04:37:42+00:00\",\"dateModified\":\"2021-06-24T04:37:42+00:00\",\"mainEntityOfPage\":{\"@id\":\"https:\/\/www.ikuchyne.sk\/eshop\/manzelska-postel-v-malom-byte\/\"},\"wordCount\":1019,\"publisher\":{\"@id\":\"https:\/\/www.ikuchyne.sk\/eshop\/#organization\"},\"articleSection\":[\"IN\u0160PIR\u00c1CIE\",\"Produkty v realiz\u00e1ciach\"],\"inLanguage\":\"sk-SK\"},{\"@type\":\"WebPage\",\"@id\":\"https:\/\/www.ikuchyne.sk\/eshop\/manzelska-postel-v-malom-byte\/\",\"url\":\"https:\/\/www.ikuchyne.sk\/eshop\/manzelska-postel-v-malom-byte\/\",\"name\":\"Man\u017eelsk\u00e1 poste\u013e v malom byte &#187; iKuchyne iSHOP s n\u00e1bytkom\",\"isPartOf\":{\"@id\":\"https:\/\/www.ikuchyne.sk\/eshop\/#website\"},\"datePublished\":\"2021-06-24T04:37:42+00:00\",\"dateModified\":\"2021-06-24T04:37:42+00:00\",\"description\":\"Man\u017eelsk\u00e1 poste\u013e je kus n\u00e1bytku, ktor\u00fd nem\u00f4\u017eete vynecha\u0165 pri zaria\u010fovan\u00ed bytu. \u010co robi\u0165, ak va\u0161a sp\u00e1l\u0148a nedisponuje ve\u013ek\u00fdm priestorom?\",\"breadcrumb\":{\"@id\":\"https:\/\/www.ikuchyne.sk\/eshop\/manzelska-postel-v-malom-byte\/#breadcrumb\"},\"inLanguage\":\"sk-SK\",\"potentialAction\":[{\"@type\":\"ReadAction\",\"target\":[\"https:\/\/www.ikuchyne.sk\/eshop\/manzelska-postel-v-malom-byte\/\"]}]},{\"@type\":\"BreadcrumbList\",\"@id\":\"https:\/\/www.ikuchyne.sk\/eshop\/manzelska-postel-v-malom-byte\/#breadcrumb\",\"itemListElement\":[{\"@type\":\"ListItem\",\"position\":1,\"name\":\"Home\",\"item\":\"https:\/\/www.ikuchyne.sk\/eshop\/\"},{\"@type\":\"ListItem\",\"position\":2,\"name\":\"Man\u017eelsk\u00e1 poste\u013e v malom byte\"}]},{\"@type\":\"WebSite\",\"@id\":\"https:\/\/www.ikuchyne.sk\/eshop\/#website\",\"url\":\"https:\/\/www.ikuchyne.sk\/eshop\/\",\"name\":\"iKuchyne iSHOP s n\u00e1bytkom\",\"description\":\"Jed\u00e1lensk\u00e9 stoly, stoli\u010dky, n\u00e1bytok, svietidl\u00e1...\",\"publisher\":{\"@id\":\"https:\/\/www.ikuchyne.sk\/eshop\/#organization\"},\"potentialAction\":[{\"@type\":\"SearchAction\",\"target\":{\"@type\":\"EntryPoint\",\"urlTemplate\":\"https:\/\/www.ikuchyne.sk\/eshop\/?s={search_term_string}\"},\"query-input\":\"required name=search_term_string\"}],\"inLanguage\":\"sk-SK\"},{\"@type\":\"Organization\",\"@id\":\"https:\/\/www.ikuchyne.sk\/eshop\/#organization\",\"name\":\"ikuchyne!\",\"url\":\"https:\/\/www.ikuchyne.sk\/eshop\/\",\"logo\":{\"@type\":\"ImageObject\",\"inLanguage\":\"sk-SK\",\"@id\":\"https:\/\/www.ikuchyne.sk\/eshop\/#\/schema\/logo\/image\/\",\"url\":\"https:\/\/www.ikuchyne.sk\/eshop\/wp-content\/uploads\/2017\/04\/ikuchyne-logo.jpg\",\"contentUrl\":\"https:\/\/www.ikuchyne.sk\/eshop\/wp-content\/uploads\/2017\/04\/ikuchyne-logo.jpg\",\"width\":200,\"height\":48,\"caption\":\"ikuchyne!\"},\"image\":{\"@id\":\"https:\/\/www.ikuchyne.sk\/eshop\/#\/schema\/logo\/image\/\"},\"sameAs\":[\"https:\/\/www.facebook.com\/ikuchyne\/\",\"https:\/\/www.instagram.com\/ikuchyne.sk\/\",\"https:\/\/sk.pinterest.com\/ikuchynesk\/\"]},{\"@type\":\"Person\",\"@id\":\"https:\/\/www.ikuchyne.sk\/eshop\/#\/schema\/person\/4d8ce08d014894018d3709d7d3cbbe1d\",\"name\":\"Juraj Pavlik\",\"image\":{\"@type\":\"ImageObject\",\"inLanguage\":\"sk-SK\",\"@id\":\"https:\/\/www.ikuchyne.sk\/eshop\/#\/schema\/person\/image\/\",\"url\":\"https:\/\/secure.gravatar.com\/avatar\/dc257f408fb2c77b5ea45435006a5bae?s=96&d=wp_user_avatar&r=g\",\"contentUrl\":\"https:\/\/secure.gravatar.com\/avatar\/dc257f408fb2c77b5ea45435006a5bae?s=96&d=wp_user_avatar&r=g\",\"caption\":\"Juraj Pavlik\"},\"description\":\"Juraj sa popri \u0161t\u00fadiu psychol\u00f3gie naplno venuje p\u00edsaniu rozmanit\u00fdch \u010dl\u00e1nkov. Okrem p\u00edsania s\u00fa jeho v\u00e1\u0161\u0148ou knihy a digit\u00e1lna ma\u013eba. Vo\u013en\u00fd \u010das tr\u00e1vi vlastnou liter\u00e1rnou tvorbou, \u0161portom a po\u010d\u00favan\u00edm dobrej hudby.\",\"url\":\"https:\/\/www.ikuchyne.sk\/eshop\/author\/juraj-pavlik\/\"}]}<\/script>\n<!-- \/ Yoast SEO plugin. -->","yoast_head_json":{"title":"Man\u017eelsk\u00e1 poste\u013e v malom byte &#187; iKuchyne iSHOP s n\u00e1bytkom","description":"Man\u017eelsk\u00e1 poste\u013e je kus n\u00e1bytku, ktor\u00fd nem\u00f4\u017eete vynecha\u0165 pri zaria\u010fovan\u00ed bytu. \u010co robi\u0165, ak va\u0161a sp\u00e1l\u0148a nedisponuje ve\u013ek\u00fdm priestorom?","robots":{"index":"index","follow":"follow","max-snippet":"max-snippet:-1","max-image-preview":"max-image-preview:large","max-video-preview":"max-video-preview:-1"},"canonical":"https:\/\/www.ikuchyne.sk\/eshop\/manzelska-postel-v-malom-byte\/","og_locale":"sk_SK","og_type":"article","og_title":"Man\u017eelsk\u00e1 poste\u013e v malom byte &#187; iKuchyne iSHOP s n\u00e1bytkom","og_description":"Man\u017eelsk\u00e1 poste\u013e je kus n\u00e1bytku, ktor\u00fd nem\u00f4\u017eete vynecha\u0165 pri zaria\u010fovan\u00ed bytu. \u010co robi\u0165, ak va\u0161a sp\u00e1l\u0148a nedisponuje ve\u013ek\u00fdm priestorom?","og_url":"https:\/\/www.ikuchyne.sk\/eshop\/manzelska-postel-v-malom-byte\/","og_site_name":"iKuchyne iSHOP s n\u00e1bytkom","article_publisher":"https:\/\/www.facebook.com\/ikuchyne\/","article_published_time":"2021-06-24T04:37:42+00:00","og_image":[{"width":800,"height":533,"url":"https:\/\/www.ikuchyne.sk\/eshop\/wp-content\/uploads\/2021\/06\/2-18.jpg","type":"image\/jpeg"}],"author":"Juraj Pavlik","twitter_card":"summary_large_image","twitter_misc":{"Autor":"Juraj Pavlik","Predpokladan\u00fd \u010das \u010d\u00edtania":"3 min\u00faty"},"schema":{"@context":"https:\/\/schema.org","@graph":[{"@type":"Article","@id":"https:\/\/www.ikuchyne.sk\/eshop\/manzelska-postel-v-malom-byte\/#article","isPartOf":{"@id":"https:\/\/www.ikuchyne.sk\/eshop\/manzelska-postel-v-malom-byte\/"},"author":{"name":"Juraj Pavlik","@id":"https:\/\/www.ikuchyne.sk\/eshop\/#\/schema\/person\/4d8ce08d014894018d3709d7d3cbbe1d"},"headline":"Man\u017eelsk\u00e1 poste\u013e v malom byte","datePublished":"2021-06-24T04:37:42+00:00","dateModified":"2021-06-24T04:37:42+00:00","mainEntityOfPage":{"@id":"https:\/\/www.ikuchyne.sk\/eshop\/manzelska-postel-v-malom-byte\/"},"wordCount":1019,"publisher":{"@id":"https:\/\/www.ikuchyne.sk\/eshop\/#organization"},"articleSection":["IN\u0160PIR\u00c1CIE","Produkty v realiz\u00e1ciach"],"inLanguage":"sk-SK"},{"@type":"WebPage","@id":"https:\/\/www.ikuchyne.sk\/eshop\/manzelska-postel-v-malom-byte\/","url":"https:\/\/www.ikuchyne.sk\/eshop\/manzelska-postel-v-malom-byte\/","name":"Man\u017eelsk\u00e1 poste\u013e v malom byte &#187; iKuchyne iSHOP s n\u00e1bytkom","isPartOf":{"@id":"https:\/\/www.ikuchyne.sk\/eshop\/#website"},"datePublished":"2021-06-24T04:37:42+00:00","dateModified":"2021-06-24T04:37:42+00:00","description":"Man\u017eelsk\u00e1 poste\u013e je kus n\u00e1bytku, ktor\u00fd nem\u00f4\u017eete vynecha\u0165 pri zaria\u010fovan\u00ed bytu. \u010co robi\u0165, ak va\u0161a sp\u00e1l\u0148a nedisponuje ve\u013ek\u00fdm priestorom?","breadcrumb":{"@id":"https:\/\/www.ikuchyne.sk\/eshop\/manzelska-postel-v-malom-byte\/#breadcrumb"},"inLanguage":"sk-SK","potentialAction":[{"@type":"ReadAction","target":["https:\/\/www.ikuchyne.sk\/eshop\/manzelska-postel-v-malom-byte\/"]}]},{"@type":"BreadcrumbList","@id":"https:\/\/www.ikuchyne.sk\/eshop\/manzelska-postel-v-malom-byte\/#breadcrumb","itemListElement":[{"@type":"ListItem","position":1,"name":"Home","item":"https:\/\/www.ikuchyne.sk\/eshop\/"},{"@type":"ListItem","position":2,"name":"Man\u017eelsk\u00e1 poste\u013e v malom byte"}]},{"@type":"WebSite","@id":"https:\/\/www.ikuchyne.sk\/eshop\/#website","url":"https:\/\/www.ikuchyne.sk\/eshop\/","name":"iKuchyne iSHOP s n\u00e1bytkom","description":"Jed\u00e1lensk\u00e9 stoly, stoli\u010dky, n\u00e1bytok, svietidl\u00e1...","publisher":{"@id":"https:\/\/www.ikuchyne.sk\/eshop\/#organization"},"potentialAction":[{"@type":"SearchAction","target":{"@type":"EntryPoint","urlTemplate":"https:\/\/www.ikuchyne.sk\/eshop\/?s={search_term_string}"},"query-input":"required name=search_term_string"}],"inLanguage":"sk-SK"},{"@type":"Organization","@id":"https:\/\/www.ikuchyne.sk\/eshop\/#organization","name":"ikuchyne!","url":"https:\/\/www.ikuchyne.sk\/eshop\/","logo":{"@type":"ImageObject","inLanguage":"sk-SK","@id":"https:\/\/www.ikuchyne.sk\/eshop\/#\/schema\/logo\/image\/","url":"https:\/\/www.ikuchyne.sk\/eshop\/wp-content\/uploads\/2017\/04\/ikuchyne-logo.jpg","contentUrl":"https:\/\/www.ikuchyne.sk\/eshop\/wp-content\/uploads\/2017\/04\/ikuchyne-logo.jpg","width":200,"height":48,"caption":"ikuchyne!"},"image":{"@id":"https:\/\/www.ikuchyne.sk\/eshop\/#\/schema\/logo\/image\/"},"sameAs":["https:\/\/www.facebook.com\/ikuchyne\/","https:\/\/www.instagram.com\/ikuchyne.sk\/","https:\/\/sk.pinterest.com\/ikuchynesk\/"]},{"@type":"Person","@id":"https:\/\/www.ikuchyne.sk\/eshop\/#\/schema\/person\/4d8ce08d014894018d3709d7d3cbbe1d","name":"Juraj Pavlik","image":{"@type":"ImageObject","inLanguage":"sk-SK","@id":"https:\/\/www.ikuchyne.sk\/eshop\/#\/schema\/person\/image\/","url":"https:\/\/secure.gravatar.com\/avatar\/dc257f408fb2c77b5ea45435006a5bae?s=96&d=wp_user_avatar&r=g","contentUrl":"https:\/\/secure.gravatar.com\/avatar\/dc257f408fb2c77b5ea45435006a5bae?s=96&d=wp_user_avatar&r=g","caption":"Juraj Pavlik"},"description":"Juraj sa popri \u0161t\u00fadiu psychol\u00f3gie naplno venuje p\u00edsaniu rozmanit\u00fdch \u010dl\u00e1nkov. Okrem p\u00edsania s\u00fa jeho v\u00e1\u0161\u0148ou knihy a digit\u00e1lna ma\u013eba. Vo\u013en\u00fd \u010das tr\u00e1vi vlastnou liter\u00e1rnou tvorbou, \u0161portom a po\u010d\u00favan\u00edm dobrej hudby.","url":"https:\/\/www.ikuchyne.sk\/eshop\/author\/juraj-pavlik\/"}]}},"_links":{"self":[{"href":"https:\/\/www.ikuchyne.sk\/eshop\/wp-json\/wp\/v2\/posts\/153500"}],"collection":[{"href":"https:\/\/www.ikuchyne.sk\/eshop\/wp-json\/wp\/v2\/posts"}],"about":[{"href":"https:\/\/www.ikuchyne.sk\/eshop\/wp-json\/wp\/v2\/types\/post"}],"author":[{"embeddable":true,"href":"https:\/\/www.ikuchyne.sk\/eshop\/wp-json\/wp\/v2\/users\/1177"}],"replies":[{"embeddable":true,"href":"https:\/\/www.ikuchyne.sk\/eshop\/wp-json\/wp\/v2\/comments?post=153500"}],"version-history":[{"count":1,"href":"https:\/\/www.ikuchyne.sk\/eshop\/wp-json\/wp\/v2\/posts\/153500\/revisions"}],"predecessor-version":[{"id":153512,"href":"https:\/\/www.ikuchyne.sk\/eshop\/wp-json\/wp\/v2\/posts\/153500\/revisions\/153512"}],"wp:featuredmedia":[{"embeddable":true,"href":"https:\/\/www.ikuchyne.sk\/eshop\/wp-json\/wp\/v2\/media\/153511"}],"wp:attachment":[{"href":"https:\/\/www.ikuchyne.sk\/eshop\/wp-json\/wp\/v2\/media?parent=153500"}],"wp:term":[{"taxonomy":"category","embeddable":true,"href":"https:\/\/www.ikuchyne.sk\/eshop\/wp-json\/wp\/v2\/categories?post=153500"},{"taxonomy":"post_tag","embeddable":true,"href":"https:\/\/www.ikuchyne.sk\/eshop\/wp-json\/wp\/v2\/tags?post=153500"}],"curies":[{"name":"wp","href":"https:\/\/api.w.org\/{rel}","templated":true}]}}