{"id":153613,"date":"2021-07-01T23:47:19","date_gmt":"2021-07-01T21:47:19","guid":{"rendered":"https:\/\/www.ikuchyne.sk\/eshop\/?p=153613"},"modified":"2021-07-03T00:30:25","modified_gmt":"2021-07-02T22:30:25","slug":"kuchynske-spotrebice-v-retro-style-dodaju-vasej-kuchyni-unikatnu-charizmu","status":"publish","type":"post","link":"https:\/\/www.ikuchyne.sk\/eshop\/kuchynske-spotrebice-v-retro-style-dodaju-vasej-kuchyni-unikatnu-charizmu\/","title":{"rendered":"Kuchynsk\u00e9 spotrebi\u010de v retro \u0161t\u00fdle dodaj\u00fa va\u0161ej kuchyni unik\u00e1tnu charizmu"},"content":{"rendered":"<p>[vc_row][vc_column][vc_column_text]<strong>Aj v\u00e1s u\u017e ob\u010das unavuje dne\u0161n\u00e1 super-modern\u00e1 doba pln\u00e1 digitaliz\u00e1cie a technol\u00f3gi\u00ed? V takom pr\u00edpade by v\u00e1s mohol zauja\u0165 nostalgick\u00fd a z\u00e1rove\u0148 nestarn\u00faci retro \u0161t\u00fdl. Ten o\u017eiv\u00ed spomienky na detstvo a dod\u00e1 kuchyni v\u00fdnimo\u010dn\u00fa charizmu. A najlep\u0161ie na \u0148om je, \u017ee napriek vintage prvkom v\u00e1s nepriprav\u00ed o v\u0161etky vymo\u017eenosti, ktor\u00e9 modern\u00e1 kuchy\u0148a pon\u00faka.<\/strong><\/p>\n<p>Ve\u013ea v\u00fdrobcov kuchynsk\u00fdch spotrebi\u010dov za\u010d\u00edna do svojho portf\u00f3lia radi\u0165 k\u00fasky, ktor\u00e9 <strong>dizajnom odkazuj\u00fa na hist\u00f3riu<\/strong>. Tie v\u0161ak tak trochu klam\u00fa \u201etelom\u201c. K\u00fdm ich zov\u0148aj\u0161ok patr\u00ed do 50. a\u017e 60. rokov minul\u00e9ho storo\u010dia, <strong>v ich \u00fatrob\u00e1ch sa ukr\u00fdvaj\u00fa \u0161pi\u010dkov\u00e9 modern\u00e9 technol\u00f3gie<\/strong>. Ak sa rozhodujete pre k\u00fapu retro spotrebi\u010dov, je vhodn\u00e9 prisp\u00f4sobi\u0165 im aj samotn\u00fa kuchynsk\u00fa linku.[\/vc_column_text][vc_single_image image=&#8221;153653&#8243; img_size=&#8221;large&#8221; add_caption=&#8221;yes&#8221; alignment=&#8221;center&#8221; style=&#8221;vc_box_rounded&#8221; onclick=&#8221;custom_link&#8221; img_link_target=&#8221;_blank&#8221; link=&#8221;https:\/\/www.ikuchyne.sk\/&#8221;][\/vc_column][\/vc_row][vc_row][vc_column][vc_column_text]<\/p>\n<h2><span style=\"color: #e3245e;\"><b>Kuchynsk\u00e9 spotrebi\u010de a retro \u0161t\u00fdl<\/b><\/span><\/h2>\n<p>Aj luxusn\u00e9 kuchyne m\u00f4\u017eu ma\u0165 retro charakter. Vo v\u0161eobecnosti plat\u00ed, \u017ee najpresved\u010divej\u0161\u00ed pocit nostalgie prin\u00e1\u0161aj\u00fa <a href=\"https:\/\/www.ikuchyne.sk\/drevene-kuchyne\/\"><span style=\"color: #e3245e;\">dreven\u00e9 kuchyne<\/span><\/a>. Kombin\u00e1cia r\u00f4znych povrchov\u00fdch \u00faprav a farebn\u00fdch odtie\u0148ov dreva poskytuje <strong>perfektn\u00fd z\u00e1klad pre in\u0161tal\u00e1ciu retro skriniek a spotrebi\u010dov<\/strong>.<\/p>\n<p>Trendom sa st\u00e1va prel\u00ednanie modern\u00fdch a historick\u00fdch prvkov. Pri zaria\u010fovan\u00ed kuchyne sa tak nemus\u00edte vyh\u00fdba\u0165 ani vyu\u017eitiu lesklej\u0161\u00edch materi\u00e1lov. Dbajte v\u0161ak na to, aby <strong>dizajnov\u00e9 a farebn\u00e9 \u0161t\u00fdly na seba dobre nadv\u00e4zovali<\/strong>. V opa\u010dnom pr\u00edpade m\u00f4\u017eu jednotliv\u00e9 prvky p\u00f4sobi\u0165 ru\u0161ivo.[\/vc_column_text][\/vc_column][\/vc_row][vc_row][vc_column][vc_message icon_fontawesome=&#8221;&#8221;]<b>Rada odborn\u00edka:\u00a0<\/b>Jedn\u00fdm z charakteristick\u00fdch znakov retro \u0161t\u00fdlu s\u00fa <a href=\"https:\/\/www.ikuchyne.sk\/materialy\/\"><span style=\"color: #e3245e;\">pastelov\u00e9 dekory<\/span><\/a>. Pri navrhovan\u00ed kuchynskej linky ich m\u00f4\u017eete vyu\u017ei\u0165 nielen v r\u00e1mci farby skriniek, ale dokonca aj pri podlah\u00e1ch.[\/vc_message][vc_single_image image=&#8221;153652&#8243; img_size=&#8221;large&#8221; add_caption=&#8221;yes&#8221; alignment=&#8221;center&#8221; style=&#8221;vc_box_rounded&#8221; onclick=&#8221;custom_link&#8221; img_link_target=&#8221;_blank&#8221; link=&#8221;https:\/\/www.pixabay.com&#8221;][vc_column_text]<\/p>\n<h2><span style=\"color: #e3245e;\"><b>Menej je niekedy viac<br \/>\n<\/b><\/span><\/h2>\n<p>V snahe zariadi\u0165 kuchy\u0148u origin\u00e1lnym \u0161t\u00fdlom sa mnoh\u00ed nechaj\u00fa unies\u0165 a zakomponuj\u00fa do nej mno\u017estvo prvkov, ktor\u00e9 v kone\u010dnom d\u00f4sledku <strong>vytv\u00e1raj\u00fa neusporiadan\u00fd celok<\/strong>. V\u017edy si vopred premyslite, ako chcete <strong>jednotliv\u00e9 farby a materi\u00e1ly kuchynskej linky vz\u00e1jomne kombinova\u0165<\/strong>. Ove\u013ea jednoduch\u0161ie sa v\u00e1m n\u00e1sledne bud\u00fa vybera\u0165 retro spotrebi\u010de, ktor\u00e9 do celkov\u00e9ho dizajnu perfektne zapadn\u00fa.[\/vc_column_text][vc_column_text]<\/p>\n<h2><span style=\"color: #e3245e;\"><b>Kuchynsk\u00e9 spotrebi\u010de, ktor\u00fdm retro \u0161t\u00fdl jednoducho pristane<br \/>\n<\/b><\/span><\/h2>\n<p>Pravdou je, \u017ee nie ka\u017ed\u00e9mu spotrebi\u010du <strong>retro \u0161t\u00fdl<\/strong> pristane. Tieto 4 v\u0161ak m\u00f4\u017eu s vintage \u010drtami vyzera\u0165 jednoducho TOP.[\/vc_column_text][vc_column_text]<\/p>\n<h4><span style=\"color: #e3245e;\"><b>Retro chladni\u010dka<br \/>\n<\/b><\/span><\/h4>\n<p>Chladni\u010dka je jedn\u00fdm z <strong>najdominantnej\u0161\u00edch kuchynsk\u00fdch spotrebi\u010dov<\/strong>. V modern\u00fdch link\u00e1ch je \u010dasto zabudovan\u00e1 medzi in\u00fdmi skrinkami a nedok\u00e1\u017ee tak patri\u010dne vynikn\u00fa\u0165. <strong>K\u00fapou retro chladni\u010dky pozdvihnete dizajn kuchyne na nov\u00fa \u00farove\u0148<\/strong>.<\/p>\n<p>V polovici minul\u00e9ho storo\u010dia boli trendom najm\u00e4 \u017eiarivej\u0161ie farby, \u010domu zodpovedaj\u00fa aj odtiene dobov\u00fdch chladni\u010diek. Dok\u00e1\u017eu tak ve\u013emi dobre roz\u017eiari\u0165 cel\u00fa miestnos\u0165. Navy\u0161e, z\u00e1rove\u0148 <strong>pote\u0161ia n\u00edzkou spotrebou energie<\/strong> a funk\u010dnos\u0165ou porovnate\u013enou s moderne vyzeraj\u00facimi modelmi.[\/vc_column_text][vc_single_image image=&#8221;153651&#8243; img_size=&#8221;large&#8221; add_caption=&#8221;yes&#8221; alignment=&#8221;center&#8221; style=&#8221;vc_box_rounded&#8221; onclick=&#8221;custom_link&#8221; img_link_target=&#8221;_blank&#8221; link=&#8221;https:\/\/www.ikuchyne.sk\/&#8221;][vc_column_text]<\/p>\n<h4><span style=\"color: #e3245e;\"><b>Retro plynov\u00fd spor\u00e1k<br \/>\n<\/b><\/span><\/h4>\n<p>Ak to s retro dizajnom kuchyne mysl\u00edte v\u00e1\u017ene, zauj\u00edmav\u00fdm spotrebi\u010dom do va\u0161ej zbierky m\u00f4\u017ee by\u0165 aj <strong>historicky p\u00f4sobiaci plynov\u00fd spor\u00e1k<\/strong> \u2013 ide\u00e1lne v tradi\u010dnej cukr\u00edkovo modrej farbe s bielymi detailmi.<\/p>\n<p>Dokonca, niektor\u00ed v\u00fdrobcovia pon\u00fakaj\u00fa aj <strong>elektrick\u00e9 retro spor\u00e1ky<\/strong>, ktor\u00e9 s\u00fa dokonal\u00fdm spojen\u00edm modernej funk\u010dnosti, technol\u00f3gi\u00ed a unik\u00e1tneho reto dizajnu. Pr\u00e1ve v\u010faka nemu sa m\u00f4\u017eete pri ka\u017edom varen\u00ed vraca\u0165 do \u010dias minul\u00fdch.[\/vc_column_text][vc_single_image image=&#8221;153650&#8243; img_size=&#8221;large&#8221; add_caption=&#8221;yes&#8221; alignment=&#8221;center&#8221; style=&#8221;vc_box_rounded&#8221; onclick=&#8221;custom_link&#8221; img_link_target=&#8221;_blank&#8221; link=&#8221;https:\/\/www.pixabay.com&#8221;][vc_column_text]<\/p>\n<h4><span style=\"color: #e3245e;\"><b>Retro hriankova\u010d<br \/>\n<\/b><\/span><\/h4>\n<p>Kultov\u00fd dizajn hriankova\u010dov dodnes vyu\u017e\u00edva v\u00e4\u010d\u0161ina v\u00fdrobcov. Dostupn\u00e9 s\u00fa v r\u00f4znych farb\u00e1ch, pri\u010dom nech\u00fdbaj\u00fa ani \u017eiarivej\u0161ie odtiene<strong>. Retro hriankova\u010d viete jednoducho zladi\u0165 s ostatn\u00fdmi spotrebi\u010dmi<\/strong>. Okrem toho, \u017ee v\u00e1m priprav\u00ed chutn\u00e9 chrumkav\u00e9 hrianky, dod\u00e1 va\u0161ej kuchyni jemn\u00fd retro n\u00e1dych.[\/vc_column_text][vc_message icon_fontawesome=&#8221;&#8221;]<b>Rada odborn\u00edka:\u00a0<\/b>Kvalitn\u00fd vintage spotrebi\u010d by nemal zauja\u0165 len svoj\u00edm retro \u0161t\u00fdlom, ale aj technick\u00fdmi parametrami. Pri k\u00fape sa nebojte porovn\u00e1va\u0165 \u00fadaje a funkcie retro zariaden\u00ed s ich modernej\u0161ie vyzeraj\u00facimi konkurentmi. Dizajn in\u0161pirovan\u00fd hist\u00f3riou nie je d\u00f4vodom pre obmedzen\u00fa funkcionalitu.[\/vc_message][vc_column_text]<\/p>\n<h4><span style=\"color: #e3245e;\"><b>Retro mikrovlnka<br \/>\n<\/b><\/span><\/h4>\n<p>K\u00fdm mnoh\u00ed v\u00fdrobcovia id\u00fa cestou mikrovlniek s leskl\u00fdmi farbami a ve\u013ek\u00fdmi displejmi, in\u00ed volia retro \u0161t\u00fdl. Jeho charakteristick\u00fdmi znakmi s\u00fa origin\u00e1lne tvary, <strong>\u017eiariv\u00e9 farebn\u00e9 kombin\u00e1cie a tradi\u010dn\u00e9 anal\u00f3gov\u00e9 ovl\u00e1da\u010de<\/strong>. Retro mikrovlnka pritom pon\u00faka v\u0161etky novodob\u00e9 funkcie, ktor\u00e9 radi vyu\u017e\u00edvate.[\/vc_column_text][\/vc_column][\/vc_row][vc_row][vc_column][vc_message icon_fontawesome=&#8221;&#8221;]<b>TIP NA Z\u00c1VER:\u00a0<\/b>Zaujala v\u00e1s my\u0161lienka kuch\u00fd\u0148 v <strong>retro \u0161t\u00fdle<\/strong>? Pozrite si na\u0161u <a href=\"https:\/\/www.ikuchyne.sk\/kuchynske-linky\"><span style=\"color: #e3245e;\">ponuku kuchynsk\u00fdch liniek<\/span><\/a>, ktorou m\u00f4\u017eete na\u010derpa\u0165 in\u0161pir\u00e1ciu aj na r\u00f4zne vintage dizajnov\u00e9 rie\u0161enia v origin\u00e1lnych farebn\u00fdch prevedeniach.[\/vc_message][\/vc_column][\/vc_row]<\/p>\n","protected":false},"excerpt":{"rendered":"<p>[vc_row][vc_column][vc_column_text]Aj v\u00e1s u\u017e ob\u010das unavuje dne\u0161n\u00e1 super-modern\u00e1 doba pln\u00e1 digitaliz\u00e1cie a technol\u00f3gi\u00ed? V takom pr\u00edpade by v\u00e1s mohol zauja\u0165 nostalgick\u00fd a z\u00e1rove\u0148 nestarn\u00faci retro \u0161t\u00fdl. Ten o\u017eiv\u00ed spomienky na detstvo<\/p>\n","protected":false},"author":2147,"featured_media":153654,"comment_status":"closed","ping_status":"open","sticky":false,"template":"","format":"standard","meta":{"footnotes":""},"categories":[1008,1010,1009],"tags":[],"yoast_head":"<!-- This site is optimized with the Yoast SEO plugin v22.1 - https:\/\/yoast.com\/wordpress\/plugins\/seo\/ -->\n<title>Kuchynsk\u00e9 spotrebi\u010de v retro \u0161t\u00fdle dodaj\u00fa va\u0161ej kuchyni unik\u00e1tnu charizmu &#187; iKuchyne iSHOP s n\u00e1bytkom<\/title>\n<meta name=\"description\" content=\"Kuchynsk\u00e9 spotrebi\u010de v retro \u0161t\u00fdle o\u017eivia spomienky na detstvo a dodaj\u00fa kuchyni v\u00fdnimo\u010dn\u00fa charizmu a zachov\u00e1 v\u0161etky modern\u00e9 vymo\u017eenosti.\" \/>\n<meta name=\"robots\" content=\"index, follow, max-snippet:-1, max-image-preview:large, max-video-preview:-1\" \/>\n<link rel=\"canonical\" href=\"https:\/\/www.ikuchyne.sk\/eshop\/kuchynske-spotrebice-v-retro-style-dodaju-vasej-kuchyni-unikatnu-charizmu\/\" \/>\n<meta property=\"og:locale\" content=\"sk_SK\" \/>\n<meta property=\"og:type\" content=\"article\" \/>\n<meta property=\"og:title\" content=\"Kuchynsk\u00e9 spotrebi\u010de v retro \u0161t\u00fdle dodaj\u00fa va\u0161ej kuchyni unik\u00e1tnu charizmu &#187; iKuchyne iSHOP s n\u00e1bytkom\" \/>\n<meta property=\"og:description\" content=\"Kuchynsk\u00e9 spotrebi\u010de v retro \u0161t\u00fdle o\u017eivia spomienky na detstvo a dodaj\u00fa kuchyni v\u00fdnimo\u010dn\u00fa charizmu a zachov\u00e1 v\u0161etky modern\u00e9 vymo\u017eenosti.\" \/>\n<meta property=\"og:url\" content=\"https:\/\/www.ikuchyne.sk\/eshop\/kuchynske-spotrebice-v-retro-style-dodaju-vasej-kuchyni-unikatnu-charizmu\/\" \/>\n<meta property=\"og:site_name\" content=\"iKuchyne iSHOP s n\u00e1bytkom\" \/>\n<meta property=\"article:publisher\" content=\"https:\/\/www.facebook.com\/ikuchyne\/\" \/>\n<meta property=\"article:published_time\" content=\"2021-07-01T21:47:19+00:00\" \/>\n<meta property=\"article:modified_time\" content=\"2021-07-02T22:30:25+00:00\" \/>\n<meta property=\"og:image\" content=\"https:\/\/www.ikuchyne.sk\/eshop\/wp-content\/uploads\/2021\/07\/titulka.jpg\" \/>\n\t<meta property=\"og:image:width\" content=\"564\" \/>\n\t<meta property=\"og:image:height\" content=\"644\" \/>\n\t<meta property=\"og:image:type\" content=\"image\/jpeg\" \/>\n<meta name=\"author\" content=\"Dominik Parajka\" \/>\n<meta name=\"twitter:card\" content=\"summary_large_image\" \/>\n<meta name=\"twitter:label1\" content=\"Autor\" \/>\n\t<meta name=\"twitter:data1\" content=\"Dominik Parajka\" \/>\n\t<meta name=\"twitter:label2\" content=\"Predpokladan\u00fd \u010das \u010d\u00edtania\" \/>\n\t<meta name=\"twitter:data2\" content=\"3 min\u00faty\" \/>\n<script type=\"application\/ld+json\" class=\"yoast-schema-graph\">{\"@context\":\"https:\/\/schema.org\",\"@graph\":[{\"@type\":\"Article\",\"@id\":\"https:\/\/www.ikuchyne.sk\/eshop\/kuchynske-spotrebice-v-retro-style-dodaju-vasej-kuchyni-unikatnu-charizmu\/#article\",\"isPartOf\":{\"@id\":\"https:\/\/www.ikuchyne.sk\/eshop\/kuchynske-spotrebice-v-retro-style-dodaju-vasej-kuchyni-unikatnu-charizmu\/\"},\"author\":{\"name\":\"Dominik Parajka\",\"@id\":\"https:\/\/www.ikuchyne.sk\/eshop\/#\/schema\/person\/b1690e5d30dff94c1c5b4edc8c5a8657\"},\"headline\":\"Kuchynsk\u00e9 spotrebi\u010de v retro \u0161t\u00fdle dodaj\u00fa va\u0161ej kuchyni unik\u00e1tnu charizmu\",\"datePublished\":\"2021-07-01T21:47:19+00:00\",\"dateModified\":\"2021-07-02T22:30:25+00:00\",\"mainEntityOfPage\":{\"@id\":\"https:\/\/www.ikuchyne.sk\/eshop\/kuchynske-spotrebice-v-retro-style-dodaju-vasej-kuchyni-unikatnu-charizmu\/\"},\"wordCount\":1016,\"publisher\":{\"@id\":\"https:\/\/www.ikuchyne.sk\/eshop\/#organization\"},\"articleSection\":[\"IN\u0160PIR\u00c1CIE\",\"N\u00c1BYTOK\",\"PORAD\u0147A\"],\"inLanguage\":\"sk-SK\"},{\"@type\":\"WebPage\",\"@id\":\"https:\/\/www.ikuchyne.sk\/eshop\/kuchynske-spotrebice-v-retro-style-dodaju-vasej-kuchyni-unikatnu-charizmu\/\",\"url\":\"https:\/\/www.ikuchyne.sk\/eshop\/kuchynske-spotrebice-v-retro-style-dodaju-vasej-kuchyni-unikatnu-charizmu\/\",\"name\":\"Kuchynsk\u00e9 spotrebi\u010de v retro \u0161t\u00fdle dodaj\u00fa va\u0161ej kuchyni unik\u00e1tnu charizmu &#187; iKuchyne iSHOP s n\u00e1bytkom\",\"isPartOf\":{\"@id\":\"https:\/\/www.ikuchyne.sk\/eshop\/#website\"},\"datePublished\":\"2021-07-01T21:47:19+00:00\",\"dateModified\":\"2021-07-02T22:30:25+00:00\",\"description\":\"Kuchynsk\u00e9 spotrebi\u010de v retro \u0161t\u00fdle o\u017eivia spomienky na detstvo a dodaj\u00fa kuchyni v\u00fdnimo\u010dn\u00fa charizmu a zachov\u00e1 v\u0161etky modern\u00e9 vymo\u017eenosti.\",\"breadcrumb\":{\"@id\":\"https:\/\/www.ikuchyne.sk\/eshop\/kuchynske-spotrebice-v-retro-style-dodaju-vasej-kuchyni-unikatnu-charizmu\/#breadcrumb\"},\"inLanguage\":\"sk-SK\",\"potentialAction\":[{\"@type\":\"ReadAction\",\"target\":[\"https:\/\/www.ikuchyne.sk\/eshop\/kuchynske-spotrebice-v-retro-style-dodaju-vasej-kuchyni-unikatnu-charizmu\/\"]}]},{\"@type\":\"BreadcrumbList\",\"@id\":\"https:\/\/www.ikuchyne.sk\/eshop\/kuchynske-spotrebice-v-retro-style-dodaju-vasej-kuchyni-unikatnu-charizmu\/#breadcrumb\",\"itemListElement\":[{\"@type\":\"ListItem\",\"position\":1,\"name\":\"Home\",\"item\":\"https:\/\/www.ikuchyne.sk\/eshop\/\"},{\"@type\":\"ListItem\",\"position\":2,\"name\":\"Kuchynsk\u00e9 spotrebi\u010de v retro \u0161t\u00fdle dodaj\u00fa va\u0161ej kuchyni unik\u00e1tnu charizmu\"}]},{\"@type\":\"WebSite\",\"@id\":\"https:\/\/www.ikuchyne.sk\/eshop\/#website\",\"url\":\"https:\/\/www.ikuchyne.sk\/eshop\/\",\"name\":\"iKuchyne iSHOP s n\u00e1bytkom\",\"description\":\"Jed\u00e1lensk\u00e9 stoly, stoli\u010dky, n\u00e1bytok, svietidl\u00e1...\",\"publisher\":{\"@id\":\"https:\/\/www.ikuchyne.sk\/eshop\/#organization\"},\"potentialAction\":[{\"@type\":\"SearchAction\",\"target\":{\"@type\":\"EntryPoint\",\"urlTemplate\":\"https:\/\/www.ikuchyne.sk\/eshop\/?s={search_term_string}\"},\"query-input\":\"required name=search_term_string\"}],\"inLanguage\":\"sk-SK\"},{\"@type\":\"Organization\",\"@id\":\"https:\/\/www.ikuchyne.sk\/eshop\/#organization\",\"name\":\"ikuchyne!\",\"url\":\"https:\/\/www.ikuchyne.sk\/eshop\/\",\"logo\":{\"@type\":\"ImageObject\",\"inLanguage\":\"sk-SK\",\"@id\":\"https:\/\/www.ikuchyne.sk\/eshop\/#\/schema\/logo\/image\/\",\"url\":\"https:\/\/www.ikuchyne.sk\/eshop\/wp-content\/uploads\/2017\/04\/ikuchyne-logo.jpg\",\"contentUrl\":\"https:\/\/www.ikuchyne.sk\/eshop\/wp-content\/uploads\/2017\/04\/ikuchyne-logo.jpg\",\"width\":200,\"height\":48,\"caption\":\"ikuchyne!\"},\"image\":{\"@id\":\"https:\/\/www.ikuchyne.sk\/eshop\/#\/schema\/logo\/image\/\"},\"sameAs\":[\"https:\/\/www.facebook.com\/ikuchyne\/\",\"https:\/\/www.instagram.com\/ikuchyne.sk\/\",\"https:\/\/sk.pinterest.com\/ikuchynesk\/\"]},{\"@type\":\"Person\",\"@id\":\"https:\/\/www.ikuchyne.sk\/eshop\/#\/schema\/person\/b1690e5d30dff94c1c5b4edc8c5a8657\",\"name\":\"Dominik Parajka\",\"image\":{\"@type\":\"ImageObject\",\"inLanguage\":\"sk-SK\",\"@id\":\"https:\/\/www.ikuchyne.sk\/eshop\/#\/schema\/person\/image\/\",\"url\":\"https:\/\/www.ikuchyne.sk\/eshop\/wp-content\/plugins\/wp-user-avatar\/deprecated\/wp-user-avatar\/images\/wpua-96x96.png\",\"contentUrl\":\"https:\/\/www.ikuchyne.sk\/eshop\/wp-content\/plugins\/wp-user-avatar\/deprecated\/wp-user-avatar\/images\/wpua-96x96.png\",\"caption\":\"Dominik Parajka\"},\"description\":\"Dominik za\u010dal s p\u00edsan\u00edm \u010dl\u00e1nkov u\u017e po\u010das strednej \u0161koly a akt\u00edvne v \u0148om pokra\u010duje dodnes. Venuje sa \u0161irok\u00e9mu spektru t\u00e9m, no najrad\u0161ej p\u00ed\u0161e o technike, \u0161porte, zdravom \u017eivotnom \u0161t\u00fdle, b\u00fdvan\u00ed a financi\u00e1ch. Ke\u010f pr\u00e1ve nesed\u00ed pri laptope, br\u00e1zdi horsk\u00e9 cyklotrasy, ly\u017euje a voz\u00ed sa v aut\u00e1ch, ktor\u00e9 s\u00fa odmali\u010dka jeho ve\u013ek\u00fdm hobby.\",\"url\":\"https:\/\/www.ikuchyne.sk\/eshop\/author\/lucka-reventongmail-com\/\"}]}<\/script>\n<!-- \/ Yoast SEO plugin. -->","yoast_head_json":{"title":"Kuchynsk\u00e9 spotrebi\u010de v retro \u0161t\u00fdle dodaj\u00fa va\u0161ej kuchyni unik\u00e1tnu charizmu &#187; iKuchyne iSHOP s n\u00e1bytkom","description":"Kuchynsk\u00e9 spotrebi\u010de v retro \u0161t\u00fdle o\u017eivia spomienky na detstvo a dodaj\u00fa kuchyni v\u00fdnimo\u010dn\u00fa charizmu a zachov\u00e1 v\u0161etky modern\u00e9 vymo\u017eenosti.","robots":{"index":"index","follow":"follow","max-snippet":"max-snippet:-1","max-image-preview":"max-image-preview:large","max-video-preview":"max-video-preview:-1"},"canonical":"https:\/\/www.ikuchyne.sk\/eshop\/kuchynske-spotrebice-v-retro-style-dodaju-vasej-kuchyni-unikatnu-charizmu\/","og_locale":"sk_SK","og_type":"article","og_title":"Kuchynsk\u00e9 spotrebi\u010de v retro \u0161t\u00fdle dodaj\u00fa va\u0161ej kuchyni unik\u00e1tnu charizmu &#187; iKuchyne iSHOP s n\u00e1bytkom","og_description":"Kuchynsk\u00e9 spotrebi\u010de v retro \u0161t\u00fdle o\u017eivia spomienky na detstvo a dodaj\u00fa kuchyni v\u00fdnimo\u010dn\u00fa charizmu a zachov\u00e1 v\u0161etky modern\u00e9 vymo\u017eenosti.","og_url":"https:\/\/www.ikuchyne.sk\/eshop\/kuchynske-spotrebice-v-retro-style-dodaju-vasej-kuchyni-unikatnu-charizmu\/","og_site_name":"iKuchyne iSHOP s n\u00e1bytkom","article_publisher":"https:\/\/www.facebook.com\/ikuchyne\/","article_published_time":"2021-07-01T21:47:19+00:00","article_modified_time":"2021-07-02T22:30:25+00:00","og_image":[{"width":564,"height":644,"url":"https:\/\/www.ikuchyne.sk\/eshop\/wp-content\/uploads\/2021\/07\/titulka.jpg","type":"image\/jpeg"}],"author":"Dominik Parajka","twitter_card":"summary_large_image","twitter_misc":{"Autor":"Dominik Parajka","Predpokladan\u00fd \u010das \u010d\u00edtania":"3 min\u00faty"},"schema":{"@context":"https:\/\/schema.org","@graph":[{"@type":"Article","@id":"https:\/\/www.ikuchyne.sk\/eshop\/kuchynske-spotrebice-v-retro-style-dodaju-vasej-kuchyni-unikatnu-charizmu\/#article","isPartOf":{"@id":"https:\/\/www.ikuchyne.sk\/eshop\/kuchynske-spotrebice-v-retro-style-dodaju-vasej-kuchyni-unikatnu-charizmu\/"},"author":{"name":"Dominik Parajka","@id":"https:\/\/www.ikuchyne.sk\/eshop\/#\/schema\/person\/b1690e5d30dff94c1c5b4edc8c5a8657"},"headline":"Kuchynsk\u00e9 spotrebi\u010de v retro \u0161t\u00fdle dodaj\u00fa va\u0161ej kuchyni unik\u00e1tnu charizmu","datePublished":"2021-07-01T21:47:19+00:00","dateModified":"2021-07-02T22:30:25+00:00","mainEntityOfPage":{"@id":"https:\/\/www.ikuchyne.sk\/eshop\/kuchynske-spotrebice-v-retro-style-dodaju-vasej-kuchyni-unikatnu-charizmu\/"},"wordCount":1016,"publisher":{"@id":"https:\/\/www.ikuchyne.sk\/eshop\/#organization"},"articleSection":["IN\u0160PIR\u00c1CIE","N\u00c1BYTOK","PORAD\u0147A"],"inLanguage":"sk-SK"},{"@type":"WebPage","@id":"https:\/\/www.ikuchyne.sk\/eshop\/kuchynske-spotrebice-v-retro-style-dodaju-vasej-kuchyni-unikatnu-charizmu\/","url":"https:\/\/www.ikuchyne.sk\/eshop\/kuchynske-spotrebice-v-retro-style-dodaju-vasej-kuchyni-unikatnu-charizmu\/","name":"Kuchynsk\u00e9 spotrebi\u010de v retro \u0161t\u00fdle dodaj\u00fa va\u0161ej kuchyni unik\u00e1tnu charizmu &#187; iKuchyne iSHOP s n\u00e1bytkom","isPartOf":{"@id":"https:\/\/www.ikuchyne.sk\/eshop\/#website"},"datePublished":"2021-07-01T21:47:19+00:00","dateModified":"2021-07-02T22:30:25+00:00","description":"Kuchynsk\u00e9 spotrebi\u010de v retro \u0161t\u00fdle o\u017eivia spomienky na detstvo a dodaj\u00fa kuchyni v\u00fdnimo\u010dn\u00fa charizmu a zachov\u00e1 v\u0161etky modern\u00e9 vymo\u017eenosti.","breadcrumb":{"@id":"https:\/\/www.ikuchyne.sk\/eshop\/kuchynske-spotrebice-v-retro-style-dodaju-vasej-kuchyni-unikatnu-charizmu\/#breadcrumb"},"inLanguage":"sk-SK","potentialAction":[{"@type":"ReadAction","target":["https:\/\/www.ikuchyne.sk\/eshop\/kuchynske-spotrebice-v-retro-style-dodaju-vasej-kuchyni-unikatnu-charizmu\/"]}]},{"@type":"BreadcrumbList","@id":"https:\/\/www.ikuchyne.sk\/eshop\/kuchynske-spotrebice-v-retro-style-dodaju-vasej-kuchyni-unikatnu-charizmu\/#breadcrumb","itemListElement":[{"@type":"ListItem","position":1,"name":"Home","item":"https:\/\/www.ikuchyne.sk\/eshop\/"},{"@type":"ListItem","position":2,"name":"Kuchynsk\u00e9 spotrebi\u010de v retro \u0161t\u00fdle dodaj\u00fa va\u0161ej kuchyni unik\u00e1tnu charizmu"}]},{"@type":"WebSite","@id":"https:\/\/www.ikuchyne.sk\/eshop\/#website","url":"https:\/\/www.ikuchyne.sk\/eshop\/","name":"iKuchyne iSHOP s n\u00e1bytkom","description":"Jed\u00e1lensk\u00e9 stoly, stoli\u010dky, n\u00e1bytok, svietidl\u00e1...","publisher":{"@id":"https:\/\/www.ikuchyne.sk\/eshop\/#organization"},"potentialAction":[{"@type":"SearchAction","target":{"@type":"EntryPoint","urlTemplate":"https:\/\/www.ikuchyne.sk\/eshop\/?s={search_term_string}"},"query-input":"required name=search_term_string"}],"inLanguage":"sk-SK"},{"@type":"Organization","@id":"https:\/\/www.ikuchyne.sk\/eshop\/#organization","name":"ikuchyne!","url":"https:\/\/www.ikuchyne.sk\/eshop\/","logo":{"@type":"ImageObject","inLanguage":"sk-SK","@id":"https:\/\/www.ikuchyne.sk\/eshop\/#\/schema\/logo\/image\/","url":"https:\/\/www.ikuchyne.sk\/eshop\/wp-content\/uploads\/2017\/04\/ikuchyne-logo.jpg","contentUrl":"https:\/\/www.ikuchyne.sk\/eshop\/wp-content\/uploads\/2017\/04\/ikuchyne-logo.jpg","width":200,"height":48,"caption":"ikuchyne!"},"image":{"@id":"https:\/\/www.ikuchyne.sk\/eshop\/#\/schema\/logo\/image\/"},"sameAs":["https:\/\/www.facebook.com\/ikuchyne\/","https:\/\/www.instagram.com\/ikuchyne.sk\/","https:\/\/sk.pinterest.com\/ikuchynesk\/"]},{"@type":"Person","@id":"https:\/\/www.ikuchyne.sk\/eshop\/#\/schema\/person\/b1690e5d30dff94c1c5b4edc8c5a8657","name":"Dominik Parajka","image":{"@type":"ImageObject","inLanguage":"sk-SK","@id":"https:\/\/www.ikuchyne.sk\/eshop\/#\/schema\/person\/image\/","url":"https:\/\/www.ikuchyne.sk\/eshop\/wp-content\/plugins\/wp-user-avatar\/deprecated\/wp-user-avatar\/images\/wpua-96x96.png","contentUrl":"https:\/\/www.ikuchyne.sk\/eshop\/wp-content\/plugins\/wp-user-avatar\/deprecated\/wp-user-avatar\/images\/wpua-96x96.png","caption":"Dominik Parajka"},"description":"Dominik za\u010dal s p\u00edsan\u00edm \u010dl\u00e1nkov u\u017e po\u010das strednej \u0161koly a akt\u00edvne v \u0148om pokra\u010duje dodnes. Venuje sa \u0161irok\u00e9mu spektru t\u00e9m, no najrad\u0161ej p\u00ed\u0161e o technike, \u0161porte, zdravom \u017eivotnom \u0161t\u00fdle, b\u00fdvan\u00ed a financi\u00e1ch. Ke\u010f pr\u00e1ve nesed\u00ed pri laptope, br\u00e1zdi horsk\u00e9 cyklotrasy, ly\u017euje a voz\u00ed sa v aut\u00e1ch, ktor\u00e9 s\u00fa odmali\u010dka jeho ve\u013ek\u00fdm hobby.","url":"https:\/\/www.ikuchyne.sk\/eshop\/author\/lucka-reventongmail-com\/"}]}},"_links":{"self":[{"href":"https:\/\/www.ikuchyne.sk\/eshop\/wp-json\/wp\/v2\/posts\/153613"}],"collection":[{"href":"https:\/\/www.ikuchyne.sk\/eshop\/wp-json\/wp\/v2\/posts"}],"about":[{"href":"https:\/\/www.ikuchyne.sk\/eshop\/wp-json\/wp\/v2\/types\/post"}],"author":[{"embeddable":true,"href":"https:\/\/www.ikuchyne.sk\/eshop\/wp-json\/wp\/v2\/users\/2147"}],"replies":[{"embeddable":true,"href":"https:\/\/www.ikuchyne.sk\/eshop\/wp-json\/wp\/v2\/comments?post=153613"}],"version-history":[{"count":3,"href":"https:\/\/www.ikuchyne.sk\/eshop\/wp-json\/wp\/v2\/posts\/153613\/revisions"}],"predecessor-version":[{"id":153656,"href":"https:\/\/www.ikuchyne.sk\/eshop\/wp-json\/wp\/v2\/posts\/153613\/revisions\/153656"}],"wp:featuredmedia":[{"embeddable":true,"href":"https:\/\/www.ikuchyne.sk\/eshop\/wp-json\/wp\/v2\/media\/153654"}],"wp:attachment":[{"href":"https:\/\/www.ikuchyne.sk\/eshop\/wp-json\/wp\/v2\/media?parent=153613"}],"wp:term":[{"taxonomy":"category","embeddable":true,"href":"https:\/\/www.ikuchyne.sk\/eshop\/wp-json\/wp\/v2\/categories?post=153613"},{"taxonomy":"post_tag","embeddable":true,"href":"https:\/\/www.ikuchyne.sk\/eshop\/wp-json\/wp\/v2\/tags?post=153613"}],"curies":[{"name":"wp","href":"https:\/\/api.w.org\/{rel}","templated":true}]}}