{"id":153614,"date":"2021-07-01T23:47:28","date_gmt":"2021-07-01T21:47:28","guid":{"rendered":"https:\/\/www.ikuchyne.sk\/eshop\/?p=153614"},"modified":"2021-07-03T00:31:00","modified_gmt":"2021-07-02T22:31:00","slug":"medene-doplnky-v-dizajne-inspirovanom-ikonickymi-navrharmi","status":"publish","type":"post","link":"https:\/\/www.ikuchyne.sk\/eshop\/medene-doplnky-v-dizajne-inspirovanom-ikonickymi-navrharmi\/","title":{"rendered":"Meden\u00e9 doplnky v dizajne in\u0161pirovanom ikonick\u00fdmi n\u00e1vrh\u00e1rmi"},"content":{"rendered":"<p>[vc_row][vc_column][vc_column_text]<strong>Meden\u00e9 doplnky sa st\u00e1vaj\u00fa \u010doraz viac popul\u00e1rnymi<\/strong>. V porovnan\u00ed s dobre zn\u00e1mou zlatou \u010di striebornou nie je tak\u00e1 \u201cokukan\u00e1\u201d a hojne vyu\u017e\u00edvan\u00e1, v\u010faka \u010domu n\u00e1m pripad\u00e1 origin\u00e1lne. V interi\u00e9ri dok\u00e1\u017ee vytvori\u0165 modern\u00fd a ve\u013emi zauj\u00edmav\u00fd dojem, ktor\u00fd d\u00fdcha teplom. A tak\u00e9 s\u00fa aj meden\u00e9 bytov\u00e9 doplnky, ktor\u00e9 v\u00e1m pribl\u00ed\u017eime v tomto \u010dl\u00e1nku.<\/p>\n<p>Produkty zo spom\u00ednanej ed\u00edcie sa vyzna\u010duj\u00fa jednoduchou elegantnou siluetou, ktor\u00e1 je in\u0161pirovan\u00e1 ikonick\u00fdmi n\u00e1vrh\u00e1rmi a modern\u00fdm n\u00e1bytkom zo \u0161kandin\u00e1vskych kraj\u00edn. Pozrite si na\u0161e tipy na nieko\u013eko typov produktov, pri ktor\u00fdch sa pr\u00e1ve meden\u00fd dizajn za\u010dal s ob\u013eubou vyu\u017e\u00edva\u0165 a v\u00fdsledok m\u00e1 gr\u00e1dy a \u0161mrnc.<\/p>\n<p>P\u00fdtate sa, \u010do konkr\u00e9tne v\u00e1m predstav\u00edme? Bud\u00fa to <strong>dizajnov\u00e9 svietidl\u00e1, n\u00e1stenn\u00e9 dekor\u00e1cie, konferen\u010dn\u00e9 stol\u00edky a n\u00e1stenn\u00e9 zrkadl\u00e1<\/strong>. Nech sa p\u00e1\u010di, in\u0161pirujte sa.[\/vc_column_text][vc_single_image image=&#8221;153638&#8243; img_size=&#8221;large&#8221; add_caption=&#8221;yes&#8221; alignment=&#8221;center&#8221; style=&#8221;vc_box_rounded&#8221; onclick=&#8221;custom_link&#8221; img_link_target=&#8221;_blank&#8221; link=&#8221;https:\/\/www.ikuchyne.sk\/eshop\/produkt\/medeny-konferencny-stolik-leaf-80cm-med\/&#8221;][\/vc_column][\/vc_row][vc_row][vc_column][vc_column_text]<\/p>\n<h2><span style=\"color: #e3245e;\"><b>Za\u017eiari aj bez rozsvietenia<br \/>\n<\/b><\/span><\/h2>\n<p>Kov je typick\u00fdm materi\u00e1lom, ktor\u00fd sa v r\u00f4znych vari\u00e1ci\u00e1ch a kombin\u00e1ci\u00e1ch vyu\u017e\u00edva pri v\u00fdrobe svietidiel v hojnej miere. <strong>Stropn\u00e9, n\u00e1stenn\u00e9, stojace \u010di stoln\u00e9 lampy<\/strong> vyzeraj\u00fa<strong> v medenom preveden\u00ed neodolate\u013ene<\/strong>. Hrejivo p\u00f4sobiace t\u00f3ny im ve\u013emi pristan\u00fa a ke\u010f ich za\u017enete, pre\u017eiaria interi\u00e9r pr\u00edjemne tepl\u00fdm svetlom.<\/p>\n<p>Skombinujte ich s nieko\u013ek\u00fdmi \u010fal\u0161\u00edmi doplnkami v rovnakom metalickom t\u00f3ne, \u010do bude p\u00f4sobi\u0165 naozaj glamour. R\u00e1m zrkadla \u010di obrazu, svietnik, v\u00e1za alebo zdoben\u00fd vank\u00fa\u0161 bud\u00fa t\u00fdm prav\u00fdm orechov\u00fdm.[\/vc_column_text][vc_single_image image=&#8221;153639&#8243; img_size=&#8221;large&#8221; add_caption=&#8221;yes&#8221; alignment=&#8221;center&#8221; style=&#8221;vc_box_rounded&#8221; onclick=&#8221;custom_link&#8221; img_link_target=&#8221;_blank&#8221; link=&#8221;https:\/\/www.ikuchyne.sk\/eshop\/produkt\/stojanova-lampa-big-bow-med-170-210cm\/&#8221;][\/vc_column][\/vc_row][vc_row][vc_column][vc_column_text]<\/p>\n<h2><span style=\"color: #e3245e;\"><b>Meden\u00e9 doplnky na stenu<br \/>\n<\/b><\/span><\/h2>\n<p>\u010eal\u0161ou kateg\u00f3riou z ed\u00edcie Trend, ktor\u00fa by sme v\u00e1m chceli predstavi\u0165, s\u00fa n\u00e1stenn\u00e9 dekor\u00e1cie. S\u00fa <strong>vyr\u00e1ban\u00e9 ru\u010dne<\/strong>, tak\u017ee ka\u017ed\u00fd jeden k\u00fasok je unik\u00e1tny. Ak ho umiestnite na stenu s priznanou tehlou alebo bet\u00f3nom, bude p\u00f4sobi\u0165 v s\u00fa\u010dasnosti ve\u013emi uzn\u00e1van\u00fdm industri\u00e1lnym dojmom.<\/p>\n<p><strong>Na stene natretej v\u00fdraznou farbou vyznie ve\u013emi dekorat\u00edvne<\/strong>. V spojen\u00ed s neutr\u00e1lnymi farbami nech\u00e1te vynikn\u00fa\u0165 dekor\u00e1cii samotnej, ako aj jej lesku a \u0161trukt\u00fare.[\/vc_column_text][vc_single_image image=&#8221;153641&#8243; img_size=&#8221;large&#8221; add_caption=&#8221;yes&#8221; alignment=&#8221;center&#8221; style=&#8221;vc_box_rounded&#8221; onclick=&#8221;custom_link&#8221; img_link_target=&#8221;_blank&#8221; link=&#8221;https:\/\/www.ikuchyne.sk\/eshop\/produkt\/medena-dekorativna-lebka-matadora-70cm\/&#8221;][vc_single_image image=&#8221;153642&#8243; img_size=&#8221;large&#8221; add_caption=&#8221;yes&#8221; alignment=&#8221;center&#8221; style=&#8221;vc_box_rounded&#8221; onclick=&#8221;custom_link&#8221; img_link_target=&#8221;_blank&#8221; link=&#8221;https:\/\/www.ikuchyne.sk\/eshop\/produkt\/medena-lodna-skrutka-screw-iii-90cm\/&#8221;][vc_message icon_fontawesome=&#8221;&#8221;]<b>Rada odborn\u00edka:\u00a0<\/b>V\u00fdberom farieb, ktor\u00e9 s meden\u00fdmi doplnkami skombinujete, v tomto pr\u00edpade dok\u00e1\u017eete vytvori\u0165 rozdielne efekty. V spojen\u00ed s bled\u0161\u00edmi farbami p\u00f4sobia vzdu\u0161ne a \u010disto, presne tak, ako cel\u00fd \u0161kandin\u00e1vsky dizajn. Preto s\u00fa ve\u013emi \u010dasto pou\u017e\u00edvan\u00e9 pr\u00e1ve v kombin\u00e1cii s bielou. Naopak, ak ich dopln\u00edte \u010diernou alebo in\u00fdmi tmav\u00fdmi farbami, v\u00fdsledok bude p\u00f4sobi\u0165 luxusne a moderne. Vtedy bud\u00fa ve\u013emi pekne ladi\u0165 s industri\u00e1lne zariaden\u00fdm interi\u00e9rom[\/vc_message][vc_column_text]<\/p>\n<h2><span style=\"color: #e3245e;\"><b>Uprostred diania: konferen\u010dn\u00fd stol\u00edk<br \/>\n<\/b><\/span><\/h2>\n<p>Tento mal\u00fd, ale ve\u013emi praktick\u00fd k\u00fasok n\u00e1bytku m\u00e1me v ob\u00fdva\u010dke azda v\u0161etci.<strong> Urobte z neho skuto\u010dn\u00fd stredobod miestnosti a p\u00fata\u010d pozornosti.<\/strong> Vyberte si tak\u00fd, ktor\u00fd opl\u00fdva metalick\u00fdm meden\u00fdm leskom.<\/p>\n<p>M\u00f4\u017ee \u00eds\u0165 o celokovov\u00fd konferen\u010dn\u00fd stol\u00edk alebo iba s \u010das\u0165ou v dez\u00e9ne medi, napr\u00edklad bo\u010dn\u00fdmi stranami alebo nohami. \u0160t\u00fdl, dizajn a tvar vyberajte s prihliadnut\u00edm na seda\u010dku a celkov\u00fd vzh\u013ead v\u00e1\u0161ho interi\u00e9ru.[\/vc_column_text][vc_single_image image=&#8221;153643&#8243; img_size=&#8221;large&#8221; add_caption=&#8221;yes&#8221; alignment=&#8221;center&#8221; style=&#8221;vc_box_rounded&#8221; onclick=&#8221;custom_link&#8221; img_link_target=&#8221;_blank&#8221; link=&#8221;https:\/\/www.ikuchyne.sk\/eshop\/produkt\/konferencny-stolik-organic-orient-70cm-hlinik-med\/&#8221;][vc_column_text]<\/p>\n<h2><span style=\"color: #e3245e;\"><b>N\u00e1stenn\u00e9 zrkadlo s meden\u00fdmi odleskami<br \/>\n<\/b><\/span><\/h2>\n<p>U\u017eite si pocit z hrejiv\u00fdch slne\u010dn\u00fdch l\u00fa\u010dov aj v da\u017ediv\u00fdch d\u0148och. Kr\u00e1sna meden\u00e1 \u017eiara t\u00fdchto zrkadiel a ich tvar skuto\u010dne evokuje slnko. Na kontrastne sfarbenej stene sa bud\u00fa kr\u00e1sne vyn\u00edma\u0165. Dopl\u0148te niektor\u00e9 z t\u00fdchto skvostn\u00fdch zrkadiel \u010fal\u0161\u00edmi bytov\u00fdmi doplnkami alebo dekor\u00e1ciami, s ktor\u00fdmi bude pekne ladi\u0165. Vytvor\u00edte tak zjednoten\u00fd a harmonick\u00fd celok.[\/vc_column_text][vc_single_image image=&#8221;153645&#8243; img_size=&#8221;large&#8221; add_caption=&#8221;yes&#8221; alignment=&#8221;center&#8221; style=&#8221;vc_box_rounded&#8221; onclick=&#8221;custom_link&#8221; img_link_target=&#8221;_blank&#8221; link=&#8221;https:\/\/www.ikuchyne.sk\/eshop\/produkt\/zrkadlo-sunlight-l-med\/&#8221;][vc_column_text]<\/p>\n<h2><span style=\"color: #e3245e;\"><b>Ako meden\u00e9 doplnky kombinova\u0165?<br \/>\n<\/b><\/span><\/h2>\n<p>Tento <strong>kov evokuj\u00faci teplo slne\u010dnej \u017eiary<\/strong> si akosi podvedome sp\u00e1jame najm\u00e4 s letom a jese\u0148ou. V interi\u00e9ri ho ale m\u00f4\u017eete vyu\u017ei\u0165 celoro\u010dne a v\u017edy bude vyzera\u0165 perfektne. Rozumie si so v\u0161etk\u00fdmi neutr\u00e1lnymi odtie\u0148mi, ako bielou, \u0161edou, b\u00e9\u017eovou i \u010diernou.<\/p>\n<p>Ur\u010dite sa nebojte ani <strong>kombin\u00e1cie s pestrej\u0161\u00edmi farbami<\/strong>. Napr\u00edklad so smaragdovozelenou, tyrkysovou \u010di kobaltovou modrou p\u00f4sob\u00ed me\u010f ve\u013emi dizajnovo a vzne\u0161ene.[\/vc_column_text][vc_single_image image=&#8221;153646&#8243; img_size=&#8221;large&#8221; add_caption=&#8221;yes&#8221; alignment=&#8221;center&#8221; style=&#8221;vc_box_rounded&#8221; onclick=&#8221;custom_link&#8221; img_link_target=&#8221;_blank&#8221; link=&#8221;https:\/\/www.ikuchyne.sk\/eshop\/produkt\/konferencny-stolik-marrakesch-med-45cm\/&#8221;][vc_column_text]\u010co sa t\u00fdka materi\u00e1lov, je <strong>tento ru\u017eovozlat\u00fd kov ve\u013emi v\u010fa\u010dn\u00fd na kombinovanie<\/strong>. Kr\u00e1sne uk\u00e1\u017ee s drevom, plastom aj tkaninami. \u010castokr\u00e1t sa kombinuje s kovom v \u010diernej farbe, ale zauj\u00edmavo vyzer\u00e1 aj v spojen\u00ed so zlatom alebo striebrom. Pri meden\u00fdch doplnkoch a ich vhodnom kombinovan\u00ed tie\u017e treba rozli\u0161ova\u0165, \u010di s\u00fa<strong> le\u0161ten\u00e9 alebo matn\u00e9<\/strong>.<\/p>\n<p>Le\u0161ten\u00e9 vyzeraj\u00fa moderne a elegantne, zatia\u013e \u010do matn\u00e9 a tmav\u0161ie k\u00fasky p\u00f4sobia staro\u017eitne a rustik\u00e1lne, pr\u00edpadne orient\u00e1lne. Tento dojem m\u00f4\u017eete pod\u010diarknu\u0165 pr\u00e1ve aj spom\u00ednan\u00fdm vhodn\u00fdm v\u00fdberom farieb a materi\u00e1lov.[\/vc_column_text][vc_single_image image=&#8221;153647&#8243; img_size=&#8221;large&#8221; add_caption=&#8221;yes&#8221; alignment=&#8221;center&#8221; style=&#8221;vc_box_rounded&#8221; onclick=&#8221;custom_link&#8221; img_link_target=&#8221;_blank&#8221; link=&#8221;https:\/\/www.ikuchyne.sk\/eshop\/produkt\/medeny-konferencny-stolik-orient-80cm\/&#8221;][\/vc_column][\/vc_row][vc_row][vc_column][vc_message icon_fontawesome=&#8221;&#8221;]<b>TIP NA Z\u00c1VER:\u00a0<\/b>Me\u010f m\u00f4\u017eete prinies\u0165 do ktorejko\u013evek miestnosti v interi\u00e9ri. Obytn\u00e9 miestnosti ako ob\u00fdva\u010dku alebo kuchy\u0148u roz\u017eiari, v sp\u00e1lni vytvor\u00ed pocit tepla. V k\u00fape\u013eni vyzer\u00e1 ve\u013emi efektne pou\u017eit\u00e1 na vodovodnej bat\u00e9rii alebo na r\u00e1me zrkadla. Aplikujte ju na viacer\u00fdch prvkoch, aby v\u00fdsledok vytvoril harmonick\u00fd celok. Op\u00e4\u0165 tu odpor\u00fa\u010dame osved\u010den\u00e9 spojenie s bielou farbou, ktor\u00e1 jej d\u00e1 dostatok priestoru za\u017eiari\u0165.[\/vc_message][vc_column_text]D\u00fafame, \u017ee ste v\u010faka tomuto \u010dl\u00e1nku nasali dostatok in\u0161pir\u00e1cie, ako vybera\u0165 a kombinova\u0165 meden\u00e9 bytov\u00e9 doplnky. Pustite sa do dizajnovania svojho domova, bu\u010fte kreat\u00edvni a u\u017e\u00edvajte si to!<\/p>\n<p>Zaujal v\u00e1s v\u00fdraz tejto origin\u00e1lnej kolekcie? Pozrite si <a href=\"https:\/\/www.ikuchyne.sk\/eshop\/?s=med&amp;product_cat=0&amp;post_type=product\"><span style=\"color: #e3245e;\">cel\u00fa ponuku medenej ed\u00edcie<\/span><\/a> v na\u0161om eshope a zaria\u010fte si interi\u00e9r jedine\u010dn\u00fdmi k\u00faskami, ktor\u00fdm nech\u00fdba gr\u00e1cia a osobit\u00fd \u0161t\u00fdl![\/vc_column_text][\/vc_column][\/vc_row]<\/p>\n","protected":false},"excerpt":{"rendered":"<p>[vc_row][vc_column][vc_column_text]Meden\u00e9 doplnky sa st\u00e1vaj\u00fa \u010doraz viac popul\u00e1rnymi. V porovnan\u00ed s dobre zn\u00e1mou zlatou \u010di striebornou nie je tak\u00e1 \u201cokukan\u00e1\u201d a hojne vyu\u017e\u00edvan\u00e1, v\u010faka \u010domu n\u00e1m pripad\u00e1 origin\u00e1lne. V interi\u00e9ri dok\u00e1\u017ee<\/p>\n","protected":false},"author":568,"featured_media":153648,"comment_status":"closed","ping_status":"open","sticky":false,"template":"","format":"standard","meta":{"footnotes":""},"categories":[1008,1129],"tags":[],"yoast_head":"<!-- This site is optimized with the Yoast SEO plugin v22.1 - https:\/\/yoast.com\/wordpress\/plugins\/seo\/ -->\n<title>Meden\u00e9 doplnky v dizajne in\u0161pirovanom ikonick\u00fdmi n\u00e1vrh\u00e1rmi &#187; iKuchyne iSHOP s n\u00e1bytkom<\/title>\n<meta name=\"description\" content=\"Meden\u00e9 doplnky sa st\u00e1vaj\u00fa \u010doraz viac popul\u00e1rnymi. A ak\u00e9 s\u00fa meden\u00e9 bytov\u00e9 doplnky, ktor\u00e9 v\u00e1m pribl\u00ed\u017eime v tomto \u010dl\u00e1nku? Pre\u010d\u00edtajte si...\" \/>\n<meta name=\"robots\" content=\"index, follow, max-snippet:-1, max-image-preview:large, max-video-preview:-1\" \/>\n<link rel=\"canonical\" href=\"https:\/\/www.ikuchyne.sk\/eshop\/medene-doplnky-v-dizajne-inspirovanom-ikonickymi-navrharmi\/\" \/>\n<meta property=\"og:locale\" content=\"sk_SK\" \/>\n<meta property=\"og:type\" content=\"article\" \/>\n<meta property=\"og:title\" content=\"Meden\u00e9 doplnky v dizajne in\u0161pirovanom ikonick\u00fdmi n\u00e1vrh\u00e1rmi &#187; iKuchyne iSHOP s n\u00e1bytkom\" \/>\n<meta property=\"og:description\" content=\"Meden\u00e9 doplnky sa st\u00e1vaj\u00fa \u010doraz viac popul\u00e1rnymi. A ak\u00e9 s\u00fa meden\u00e9 bytov\u00e9 doplnky, ktor\u00e9 v\u00e1m pribl\u00ed\u017eime v tomto \u010dl\u00e1nku? Pre\u010d\u00edtajte si...\" \/>\n<meta property=\"og:url\" content=\"https:\/\/www.ikuchyne.sk\/eshop\/medene-doplnky-v-dizajne-inspirovanom-ikonickymi-navrharmi\/\" \/>\n<meta property=\"og:site_name\" content=\"iKuchyne iSHOP s n\u00e1bytkom\" \/>\n<meta property=\"article:publisher\" content=\"https:\/\/www.facebook.com\/ikuchyne\/\" \/>\n<meta property=\"article:published_time\" content=\"2021-07-01T21:47:28+00:00\" \/>\n<meta property=\"article:modified_time\" content=\"2021-07-02T22:31:00+00:00\" \/>\n<meta property=\"og:image\" content=\"https:\/\/www.ikuchyne.sk\/eshop\/wp-content\/uploads\/2021\/07\/1-1.jpg\" \/>\n\t<meta property=\"og:image:width\" content=\"956\" \/>\n\t<meta property=\"og:image:height\" content=\"638\" \/>\n\t<meta property=\"og:image:type\" content=\"image\/jpeg\" \/>\n<meta name=\"author\" content=\"Adri\u00e1na Plechov\u00e1\" \/>\n<meta name=\"twitter:card\" content=\"summary_large_image\" \/>\n<meta name=\"twitter:label1\" content=\"Autor\" \/>\n\t<meta name=\"twitter:data1\" content=\"Adri\u00e1na Plechov\u00e1\" \/>\n\t<meta name=\"twitter:label2\" content=\"Predpokladan\u00fd \u010das \u010d\u00edtania\" \/>\n\t<meta name=\"twitter:data2\" content=\"4 min\u00faty\" \/>\n<script type=\"application\/ld+json\" class=\"yoast-schema-graph\">{\"@context\":\"https:\/\/schema.org\",\"@graph\":[{\"@type\":\"Article\",\"@id\":\"https:\/\/www.ikuchyne.sk\/eshop\/medene-doplnky-v-dizajne-inspirovanom-ikonickymi-navrharmi\/#article\",\"isPartOf\":{\"@id\":\"https:\/\/www.ikuchyne.sk\/eshop\/medene-doplnky-v-dizajne-inspirovanom-ikonickymi-navrharmi\/\"},\"author\":{\"name\":\"Adri\u00e1na Plechov\u00e1\",\"@id\":\"https:\/\/www.ikuchyne.sk\/eshop\/#\/schema\/person\/0111a626c8b4290c5241f99c6d04f463\"},\"headline\":\"Meden\u00e9 doplnky v dizajne in\u0161pirovanom ikonick\u00fdmi n\u00e1vrh\u00e1rmi\",\"datePublished\":\"2021-07-01T21:47:28+00:00\",\"dateModified\":\"2021-07-02T22:31:00+00:00\",\"mainEntityOfPage\":{\"@id\":\"https:\/\/www.ikuchyne.sk\/eshop\/medene-doplnky-v-dizajne-inspirovanom-ikonickymi-navrharmi\/\"},\"wordCount\":1335,\"publisher\":{\"@id\":\"https:\/\/www.ikuchyne.sk\/eshop\/#organization\"},\"articleSection\":[\"IN\u0160PIR\u00c1CIE\",\"Produkty v realiz\u00e1ciach\"],\"inLanguage\":\"sk-SK\"},{\"@type\":\"WebPage\",\"@id\":\"https:\/\/www.ikuchyne.sk\/eshop\/medene-doplnky-v-dizajne-inspirovanom-ikonickymi-navrharmi\/\",\"url\":\"https:\/\/www.ikuchyne.sk\/eshop\/medene-doplnky-v-dizajne-inspirovanom-ikonickymi-navrharmi\/\",\"name\":\"Meden\u00e9 doplnky v dizajne in\u0161pirovanom ikonick\u00fdmi n\u00e1vrh\u00e1rmi &#187; iKuchyne iSHOP s n\u00e1bytkom\",\"isPartOf\":{\"@id\":\"https:\/\/www.ikuchyne.sk\/eshop\/#website\"},\"datePublished\":\"2021-07-01T21:47:28+00:00\",\"dateModified\":\"2021-07-02T22:31:00+00:00\",\"description\":\"Meden\u00e9 doplnky sa st\u00e1vaj\u00fa \u010doraz viac popul\u00e1rnymi. A ak\u00e9 s\u00fa meden\u00e9 bytov\u00e9 doplnky, ktor\u00e9 v\u00e1m pribl\u00ed\u017eime v tomto \u010dl\u00e1nku? Pre\u010d\u00edtajte si...\",\"breadcrumb\":{\"@id\":\"https:\/\/www.ikuchyne.sk\/eshop\/medene-doplnky-v-dizajne-inspirovanom-ikonickymi-navrharmi\/#breadcrumb\"},\"inLanguage\":\"sk-SK\",\"potentialAction\":[{\"@type\":\"ReadAction\",\"target\":[\"https:\/\/www.ikuchyne.sk\/eshop\/medene-doplnky-v-dizajne-inspirovanom-ikonickymi-navrharmi\/\"]}]},{\"@type\":\"BreadcrumbList\",\"@id\":\"https:\/\/www.ikuchyne.sk\/eshop\/medene-doplnky-v-dizajne-inspirovanom-ikonickymi-navrharmi\/#breadcrumb\",\"itemListElement\":[{\"@type\":\"ListItem\",\"position\":1,\"name\":\"Home\",\"item\":\"https:\/\/www.ikuchyne.sk\/eshop\/\"},{\"@type\":\"ListItem\",\"position\":2,\"name\":\"Meden\u00e9 doplnky v dizajne in\u0161pirovanom ikonick\u00fdmi n\u00e1vrh\u00e1rmi\"}]},{\"@type\":\"WebSite\",\"@id\":\"https:\/\/www.ikuchyne.sk\/eshop\/#website\",\"url\":\"https:\/\/www.ikuchyne.sk\/eshop\/\",\"name\":\"iKuchyne iSHOP s n\u00e1bytkom\",\"description\":\"Jed\u00e1lensk\u00e9 stoly, stoli\u010dky, n\u00e1bytok, svietidl\u00e1...\",\"publisher\":{\"@id\":\"https:\/\/www.ikuchyne.sk\/eshop\/#organization\"},\"potentialAction\":[{\"@type\":\"SearchAction\",\"target\":{\"@type\":\"EntryPoint\",\"urlTemplate\":\"https:\/\/www.ikuchyne.sk\/eshop\/?s={search_term_string}\"},\"query-input\":\"required name=search_term_string\"}],\"inLanguage\":\"sk-SK\"},{\"@type\":\"Organization\",\"@id\":\"https:\/\/www.ikuchyne.sk\/eshop\/#organization\",\"name\":\"ikuchyne!\",\"url\":\"https:\/\/www.ikuchyne.sk\/eshop\/\",\"logo\":{\"@type\":\"ImageObject\",\"inLanguage\":\"sk-SK\",\"@id\":\"https:\/\/www.ikuchyne.sk\/eshop\/#\/schema\/logo\/image\/\",\"url\":\"https:\/\/www.ikuchyne.sk\/eshop\/wp-content\/uploads\/2017\/04\/ikuchyne-logo.jpg\",\"contentUrl\":\"https:\/\/www.ikuchyne.sk\/eshop\/wp-content\/uploads\/2017\/04\/ikuchyne-logo.jpg\",\"width\":200,\"height\":48,\"caption\":\"ikuchyne!\"},\"image\":{\"@id\":\"https:\/\/www.ikuchyne.sk\/eshop\/#\/schema\/logo\/image\/\"},\"sameAs\":[\"https:\/\/www.facebook.com\/ikuchyne\/\",\"https:\/\/www.instagram.com\/ikuchyne.sk\/\",\"https:\/\/sk.pinterest.com\/ikuchynesk\/\"]},{\"@type\":\"Person\",\"@id\":\"https:\/\/www.ikuchyne.sk\/eshop\/#\/schema\/person\/0111a626c8b4290c5241f99c6d04f463\",\"name\":\"Adri\u00e1na Plechov\u00e1\",\"image\":{\"@type\":\"ImageObject\",\"inLanguage\":\"sk-SK\",\"@id\":\"https:\/\/www.ikuchyne.sk\/eshop\/#\/schema\/person\/image\/\",\"url\":\"https:\/\/www.ikuchyne.sk\/eshop\/wp-content\/plugins\/wp-user-avatar\/deprecated\/wp-user-avatar\/images\/wpua-96x96.png\",\"contentUrl\":\"https:\/\/www.ikuchyne.sk\/eshop\/wp-content\/plugins\/wp-user-avatar\/deprecated\/wp-user-avatar\/images\/wpua-96x96.png\",\"caption\":\"Adri\u00e1na Plechov\u00e1\"},\"description\":\"Adriana pracuje ako online market\u00e9rka, copywriterka a\u00a0redaktorka. Pri p\u00edsan\u00ed a\u00a0editovan\u00ed r\u00f4znych textov dost\u00e1va zelen\u00fa jej kreativita, ako aj\u00a0l\u00e1ska k\u00a0p\u00edsan\u00e9mu slovu a\u00a0materinsk\u00e9mu jazyku. Srdcovkou a\u00a0zdrojom in\u0161pir\u00e1cie s\u00fa pre \u0148u u\u017e od \u00fatleho detstva knihy. Ob\u013eubuje kult\u00farne podujatia, prech\u00e1dzky v pr\u00edrode a\u00a0spolo\u010dnos\u0165 \u013eud\u00ed, s\u00a0ktor\u00fdmi je na rovnakej vlnovej d\u013a\u017eke.\",\"url\":\"https:\/\/www.ikuchyne.sk\/eshop\/author\/adriana-plechova\/\"}]}<\/script>\n<!-- \/ Yoast SEO plugin. -->","yoast_head_json":{"title":"Meden\u00e9 doplnky v dizajne in\u0161pirovanom ikonick\u00fdmi n\u00e1vrh\u00e1rmi &#187; iKuchyne iSHOP s n\u00e1bytkom","description":"Meden\u00e9 doplnky sa st\u00e1vaj\u00fa \u010doraz viac popul\u00e1rnymi. A ak\u00e9 s\u00fa meden\u00e9 bytov\u00e9 doplnky, ktor\u00e9 v\u00e1m pribl\u00ed\u017eime v tomto \u010dl\u00e1nku? Pre\u010d\u00edtajte si...","robots":{"index":"index","follow":"follow","max-snippet":"max-snippet:-1","max-image-preview":"max-image-preview:large","max-video-preview":"max-video-preview:-1"},"canonical":"https:\/\/www.ikuchyne.sk\/eshop\/medene-doplnky-v-dizajne-inspirovanom-ikonickymi-navrharmi\/","og_locale":"sk_SK","og_type":"article","og_title":"Meden\u00e9 doplnky v dizajne in\u0161pirovanom ikonick\u00fdmi n\u00e1vrh\u00e1rmi &#187; iKuchyne iSHOP s n\u00e1bytkom","og_description":"Meden\u00e9 doplnky sa st\u00e1vaj\u00fa \u010doraz viac popul\u00e1rnymi. A ak\u00e9 s\u00fa meden\u00e9 bytov\u00e9 doplnky, ktor\u00e9 v\u00e1m pribl\u00ed\u017eime v tomto \u010dl\u00e1nku? Pre\u010d\u00edtajte si...","og_url":"https:\/\/www.ikuchyne.sk\/eshop\/medene-doplnky-v-dizajne-inspirovanom-ikonickymi-navrharmi\/","og_site_name":"iKuchyne iSHOP s n\u00e1bytkom","article_publisher":"https:\/\/www.facebook.com\/ikuchyne\/","article_published_time":"2021-07-01T21:47:28+00:00","article_modified_time":"2021-07-02T22:31:00+00:00","og_image":[{"width":956,"height":638,"url":"https:\/\/www.ikuchyne.sk\/eshop\/wp-content\/uploads\/2021\/07\/1-1.jpg","type":"image\/jpeg"}],"author":"Adri\u00e1na Plechov\u00e1","twitter_card":"summary_large_image","twitter_misc":{"Autor":"Adri\u00e1na Plechov\u00e1","Predpokladan\u00fd \u010das \u010d\u00edtania":"4 min\u00faty"},"schema":{"@context":"https:\/\/schema.org","@graph":[{"@type":"Article","@id":"https:\/\/www.ikuchyne.sk\/eshop\/medene-doplnky-v-dizajne-inspirovanom-ikonickymi-navrharmi\/#article","isPartOf":{"@id":"https:\/\/www.ikuchyne.sk\/eshop\/medene-doplnky-v-dizajne-inspirovanom-ikonickymi-navrharmi\/"},"author":{"name":"Adri\u00e1na Plechov\u00e1","@id":"https:\/\/www.ikuchyne.sk\/eshop\/#\/schema\/person\/0111a626c8b4290c5241f99c6d04f463"},"headline":"Meden\u00e9 doplnky v dizajne in\u0161pirovanom ikonick\u00fdmi n\u00e1vrh\u00e1rmi","datePublished":"2021-07-01T21:47:28+00:00","dateModified":"2021-07-02T22:31:00+00:00","mainEntityOfPage":{"@id":"https:\/\/www.ikuchyne.sk\/eshop\/medene-doplnky-v-dizajne-inspirovanom-ikonickymi-navrharmi\/"},"wordCount":1335,"publisher":{"@id":"https:\/\/www.ikuchyne.sk\/eshop\/#organization"},"articleSection":["IN\u0160PIR\u00c1CIE","Produkty v realiz\u00e1ciach"],"inLanguage":"sk-SK"},{"@type":"WebPage","@id":"https:\/\/www.ikuchyne.sk\/eshop\/medene-doplnky-v-dizajne-inspirovanom-ikonickymi-navrharmi\/","url":"https:\/\/www.ikuchyne.sk\/eshop\/medene-doplnky-v-dizajne-inspirovanom-ikonickymi-navrharmi\/","name":"Meden\u00e9 doplnky v dizajne in\u0161pirovanom ikonick\u00fdmi n\u00e1vrh\u00e1rmi &#187; iKuchyne iSHOP s n\u00e1bytkom","isPartOf":{"@id":"https:\/\/www.ikuchyne.sk\/eshop\/#website"},"datePublished":"2021-07-01T21:47:28+00:00","dateModified":"2021-07-02T22:31:00+00:00","description":"Meden\u00e9 doplnky sa st\u00e1vaj\u00fa \u010doraz viac popul\u00e1rnymi. A ak\u00e9 s\u00fa meden\u00e9 bytov\u00e9 doplnky, ktor\u00e9 v\u00e1m pribl\u00ed\u017eime v tomto \u010dl\u00e1nku? Pre\u010d\u00edtajte si...","breadcrumb":{"@id":"https:\/\/www.ikuchyne.sk\/eshop\/medene-doplnky-v-dizajne-inspirovanom-ikonickymi-navrharmi\/#breadcrumb"},"inLanguage":"sk-SK","potentialAction":[{"@type":"ReadAction","target":["https:\/\/www.ikuchyne.sk\/eshop\/medene-doplnky-v-dizajne-inspirovanom-ikonickymi-navrharmi\/"]}]},{"@type":"BreadcrumbList","@id":"https:\/\/www.ikuchyne.sk\/eshop\/medene-doplnky-v-dizajne-inspirovanom-ikonickymi-navrharmi\/#breadcrumb","itemListElement":[{"@type":"ListItem","position":1,"name":"Home","item":"https:\/\/www.ikuchyne.sk\/eshop\/"},{"@type":"ListItem","position":2,"name":"Meden\u00e9 doplnky v dizajne in\u0161pirovanom ikonick\u00fdmi n\u00e1vrh\u00e1rmi"}]},{"@type":"WebSite","@id":"https:\/\/www.ikuchyne.sk\/eshop\/#website","url":"https:\/\/www.ikuchyne.sk\/eshop\/","name":"iKuchyne iSHOP s n\u00e1bytkom","description":"Jed\u00e1lensk\u00e9 stoly, stoli\u010dky, n\u00e1bytok, svietidl\u00e1...","publisher":{"@id":"https:\/\/www.ikuchyne.sk\/eshop\/#organization"},"potentialAction":[{"@type":"SearchAction","target":{"@type":"EntryPoint","urlTemplate":"https:\/\/www.ikuchyne.sk\/eshop\/?s={search_term_string}"},"query-input":"required name=search_term_string"}],"inLanguage":"sk-SK"},{"@type":"Organization","@id":"https:\/\/www.ikuchyne.sk\/eshop\/#organization","name":"ikuchyne!","url":"https:\/\/www.ikuchyne.sk\/eshop\/","logo":{"@type":"ImageObject","inLanguage":"sk-SK","@id":"https:\/\/www.ikuchyne.sk\/eshop\/#\/schema\/logo\/image\/","url":"https:\/\/www.ikuchyne.sk\/eshop\/wp-content\/uploads\/2017\/04\/ikuchyne-logo.jpg","contentUrl":"https:\/\/www.ikuchyne.sk\/eshop\/wp-content\/uploads\/2017\/04\/ikuchyne-logo.jpg","width":200,"height":48,"caption":"ikuchyne!"},"image":{"@id":"https:\/\/www.ikuchyne.sk\/eshop\/#\/schema\/logo\/image\/"},"sameAs":["https:\/\/www.facebook.com\/ikuchyne\/","https:\/\/www.instagram.com\/ikuchyne.sk\/","https:\/\/sk.pinterest.com\/ikuchynesk\/"]},{"@type":"Person","@id":"https:\/\/www.ikuchyne.sk\/eshop\/#\/schema\/person\/0111a626c8b4290c5241f99c6d04f463","name":"Adri\u00e1na Plechov\u00e1","image":{"@type":"ImageObject","inLanguage":"sk-SK","@id":"https:\/\/www.ikuchyne.sk\/eshop\/#\/schema\/person\/image\/","url":"https:\/\/www.ikuchyne.sk\/eshop\/wp-content\/plugins\/wp-user-avatar\/deprecated\/wp-user-avatar\/images\/wpua-96x96.png","contentUrl":"https:\/\/www.ikuchyne.sk\/eshop\/wp-content\/plugins\/wp-user-avatar\/deprecated\/wp-user-avatar\/images\/wpua-96x96.png","caption":"Adri\u00e1na Plechov\u00e1"},"description":"Adriana pracuje ako online market\u00e9rka, copywriterka a\u00a0redaktorka. Pri p\u00edsan\u00ed a\u00a0editovan\u00ed r\u00f4znych textov dost\u00e1va zelen\u00fa jej kreativita, ako aj\u00a0l\u00e1ska k\u00a0p\u00edsan\u00e9mu slovu a\u00a0materinsk\u00e9mu jazyku. Srdcovkou a\u00a0zdrojom in\u0161pir\u00e1cie s\u00fa pre \u0148u u\u017e od \u00fatleho detstva knihy. Ob\u013eubuje kult\u00farne podujatia, prech\u00e1dzky v pr\u00edrode a\u00a0spolo\u010dnos\u0165 \u013eud\u00ed, s\u00a0ktor\u00fdmi je na rovnakej vlnovej d\u013a\u017eke.","url":"https:\/\/www.ikuchyne.sk\/eshop\/author\/adriana-plechova\/"}]}},"_links":{"self":[{"href":"https:\/\/www.ikuchyne.sk\/eshop\/wp-json\/wp\/v2\/posts\/153614"}],"collection":[{"href":"https:\/\/www.ikuchyne.sk\/eshop\/wp-json\/wp\/v2\/posts"}],"about":[{"href":"https:\/\/www.ikuchyne.sk\/eshop\/wp-json\/wp\/v2\/types\/post"}],"author":[{"embeddable":true,"href":"https:\/\/www.ikuchyne.sk\/eshop\/wp-json\/wp\/v2\/users\/568"}],"replies":[{"embeddable":true,"href":"https:\/\/www.ikuchyne.sk\/eshop\/wp-json\/wp\/v2\/comments?post=153614"}],"version-history":[{"count":2,"href":"https:\/\/www.ikuchyne.sk\/eshop\/wp-json\/wp\/v2\/posts\/153614\/revisions"}],"predecessor-version":[{"id":153649,"href":"https:\/\/www.ikuchyne.sk\/eshop\/wp-json\/wp\/v2\/posts\/153614\/revisions\/153649"}],"wp:featuredmedia":[{"embeddable":true,"href":"https:\/\/www.ikuchyne.sk\/eshop\/wp-json\/wp\/v2\/media\/153648"}],"wp:attachment":[{"href":"https:\/\/www.ikuchyne.sk\/eshop\/wp-json\/wp\/v2\/media?parent=153614"}],"wp:term":[{"taxonomy":"category","embeddable":true,"href":"https:\/\/www.ikuchyne.sk\/eshop\/wp-json\/wp\/v2\/categories?post=153614"},{"taxonomy":"post_tag","embeddable":true,"href":"https:\/\/www.ikuchyne.sk\/eshop\/wp-json\/wp\/v2\/tags?post=153614"}],"curies":[{"name":"wp","href":"https:\/\/api.w.org\/{rel}","templated":true}]}}