{"id":153748,"date":"2021-07-13T14:12:42","date_gmt":"2021-07-13T12:12:42","guid":{"rendered":"https:\/\/www.ikuchyne.sk\/eshop\/?p=153748"},"modified":"2021-07-13T14:12:42","modified_gmt":"2021-07-13T12:12:42","slug":"prakticke-a-dizajnove-sedenie-pri-okne","status":"publish","type":"post","link":"https:\/\/www.ikuchyne.sk\/eshop\/prakticke-a-dizajnove-sedenie-pri-okne\/","title":{"rendered":"Praktick\u00e9 a dizajnov\u00e9 sedenie pri okne"},"content":{"rendered":"<p>[vc_row][vc_column][vc_column_text]Po n\u00e1ro\u010dnom dni sa <strong>ka\u017ed\u00fd r\u00e1d dopraje chv\u00ed\u013eku k\u013eudu<\/strong>. Niekto r\u00e1d relaxuje s knihou v ruke, in\u00ed pri teplom \u010daji alebo k\u00e1ve. Na ni\u010d nemyslie\u0165 a len tak sa zad\u00edva\u0165 na kr\u00e1snu scen\u00e9riu v\u00f4kol v\u00e1\u0161ho domu! <strong>Jedn\u00fdm z rie\u0161en\u00ed je zaobstara\u0165 si pohodln\u00e9 sedenie pri okne.<\/strong> Ak\u00e9 \u0161pecifick\u00e9 krit\u00e9ri\u00e1 sa vz\u0165ahuj\u00fa na tento typy sedenia? Prezrad\u00edme v\u00e1m u\u017e v tomto \u010dl\u00e1nku![\/vc_column_text][vc_single_image image=&#8221;153750&#8243; img_size=&#8221;large&#8221; add_caption=&#8221;yes&#8221; alignment=&#8221;center&#8221; style=&#8221;vc_box_rounded&#8221; onclick=&#8221;custom_link&#8221; img_link_target=&#8221;_blank&#8221; link=&#8221;https:\/\/www.ikuchyne.sk\/eshop\/produkt\/sofa-arielle-220-cm-zamat-altrosa-ruzova\/&#8221;][\/vc_column][\/vc_row][vc_row][vc_column][vc_column_text]<\/p>\n<h2><span style=\"color: #e3245e;\"><b>\u010c\u00edm je podmienen\u00e9 sedenie pri okne?<br \/>\n<\/b><\/span><\/h2>\n<p>Sedenie pri okne m\u00e1 by\u0165 situovan\u00e9 tak, aby ste mali ozaj <strong>kr\u00e1sny v\u00fdh\u013ead<\/strong> \u2013 upokojuj\u00faci, relaxa\u010dn\u00fd, bez ru\u0161n\u00fdch mestsk\u00fdch ul\u00edc a\u00a0prech\u00e1dzania popod okn\u00e1. Miesto m\u00e1 by\u0165 bezpe\u010dn\u00e9 a \u00fatuln\u00e9 zo v\u0161etk\u00fdch str\u00e1n. <a href=\"https:\/\/www.ikuchyne.sk\/eshop\/kategoria\/sedenie\/\"><span style=\"color: #e3245e;\">Sedenie<\/span><\/a> vytv\u00e1rame pre 1 max. 2 \u013eud\u00ed, preto\u017ee inak si t\u00fato atmosf\u00e9ru nebudete naplno u\u017e\u00edva\u0165.<\/p>\n<p>Ide o <strong>minimalistick\u00fd dizajn<\/strong> \u2013 okrem sedenia\u00a0 potrebujeme <a href=\"https:\/\/www.ikuchyne.sk\/eshop\/kategoria\/svietidla\/\"><span style=\"color: #e3245e;\">osvetlenie<\/span><\/a> a\u00a0zop\u00e1r umeleck\u00fdch <a href=\"https:\/\/www.ikuchyne.sk\/eshop\/kategoria\/bytove-doplnky\/\"><span style=\"color: #e3245e;\">dekor\u00e1ci\u00ed<\/span><\/a> pre pote\u0161enie. Toto miesto pova\u017eujeme za svoje vlastn\u00e9 \u00fato\u010disko. Prisp\u00f4sobujeme ho svojmu vkusu a\u00a0aj ke\u010f <strong>existuj\u00fa ist\u00e9 v\u0161eobecn\u00e9 pravidl\u00e1<\/strong>, v\u0161etko sa to\u010d\u00ed len okolo v\u00e1\u0161ho vlastn\u00e9ho vesm\u00edru :)[\/vc_column_text][vc_single_image image=&#8221;153753&#8243; img_size=&#8221;large&#8221; add_caption=&#8221;yes&#8221; alignment=&#8221;center&#8221; style=&#8221;vc_box_rounded&#8221; onclick=&#8221;custom_link&#8221; img_link_target=&#8221;_blank&#8221; link=&#8221;https:\/\/www.ikuchyne.sk\/eshop\/produkt\/konferencny-stolik-abstract-dizajn-rybie-supinky-40-cm\/&#8221;][\/vc_column][\/vc_row][vc_row][vc_column][vc_message icon_fontawesome=&#8221;&#8221;]<b>Rada odborn\u00edka: <\/b>Sedenie pri okne m\u00e1 by\u0165 maxim\u00e1lne bezpe\u010dn\u00e9. Nech je vybaven\u00e9 akoko\u013evek ve\u013ek\u00fdm <strong>sklenen\u00fdm oknom<\/strong>, jeho povrch mus\u00ed by\u0165 zabezpe\u010den\u00fd <strong>izola\u010dn\u00fdm trojsklom<\/strong>. Vych\u00e1dzame z\u00a0toho, \u017ee pri okne nebudete len sedie\u0165, ur\u010dite sa chcete aj oprie\u0165, podoprie\u0165 si hlavu a\u00a0niekde pohodlne vylo\u017ei\u0165 nohy. S\u00a0t\u00fdm s\u00favis\u00ed dostato\u010dn\u00e1 nosnos\u0165, zn\u00ed\u017eenie a\u00a0roz\u0161\u00edrenie parapetu. Okno <strong>os\u00e1dzame v min. v\u00fd\u0161ke 45 cm, maxim\u00e1lne do 85 cm.<\/strong><\/p>\n<p>Pod\u013ea dispozi\u010dn\u00fdch rie\u0161en\u00ed miestnosti a\u00a0ve\u013ekosti okna v\u00e1m odpor\u00fa\u010dame pre\u010d\u00edta\u0165 si <strong>n\u00e1\u0161 blog o\u00a0<\/strong><a href=\"https:\/\/www.ikuchyne.sk\/eshop\/skleneny-nabytok-v-minimalistickom-prevedeni\/\"><strong><span style=\"color: #e3245e;\">sklenom minimalizme<\/span><\/strong><\/a>.[\/vc_message][vc_column_text]<\/p>\n<h2><span style=\"color: #e3245e;\"><b>Ak\u00e9 mo\u017enosti sedenia voli\u0165, ak zaria\u010fujete sedenie pri okne?<br \/>\n<\/b><\/span><\/h2>\n<p><strong>Pozor!<\/strong> Je rozdiel medzi <strong>seden\u00edm pri okne a\u00a0v\u00a0okne<\/strong>. Pre druh\u00fd typ je zv\u00e4\u010d\u0161a pr\u00edzna\u010dn\u00fd vstavan\u00fd, zabudovan\u00fd <a href=\"https:\/\/www.ikuchyne.sk\/eshop\/kategoria\/nabytok\/\"><span style=\"color: #e3245e;\">n\u00e1bytok<\/span><\/a>, ktor\u00fd vytv\u00e1ra priestor na <a href=\"https:\/\/www.ikuchyne.sk\/eshop\/kategoria\/sedenie\/lavice\/\"><span style=\"color: #e3245e;\">lavici<\/span><\/a>, resp. na lavici s\u00a0matracom a\u00a0<a href=\"https:\/\/www.ikuchyne.sk\/eshop\/produkt\/vankus-na-sedenie-modern-art-70cm-zeleny\/\"><span style=\"color: #e3245e;\">vank\u00fa\u0161mi<\/span><\/a>. Skvel\u00fdm rie\u0161en\u00edm je pou\u017e\u00edva\u0165 tento priestor aj ako odkladac\u00ed. V\u017edy mus\u00ed \u00eds\u0165 o\u00a0stabiln\u00e9 a\u00a0trv\u00e1cne miesto. Naj\u010dastej\u0161ie sa pou\u017e\u00edva mas\u00edvne drevo alebo v\u00a0kombin\u00e1cii s\u00a0odoln\u00fdm plastom \u010di pohodln\u00fdm textiln\u00fdm \u010dal\u00fanen\u00edm.[\/vc_column_text][vc_single_image image=&#8221;153752&#8243; img_size=&#8221;large&#8221; add_caption=&#8221;yes&#8221; alignment=&#8221;center&#8221; style=&#8221;vc_box_rounded&#8221; onclick=&#8221;custom_link&#8221; img_link_target=&#8221;_blank&#8221; link=&#8221;https:\/\/www.ikuchyne.sk\/eshop\/produkt\/lavica-factory-160cm-mango-prirodna\/&#8221;][vc_column_text]Druh\u00fdm variantom je pou\u017ei\u0165 na sedenie pri okne samostatn\u00fa <a href=\"https:\/\/www.ikuchyne.sk\/eshop\/kategoria\/stolicky\/\"><span style=\"color: #e3245e;\">stoli\u010dku<\/span><\/a> a\u00a0<a href=\"https:\/\/www.ikuchyne.sk\/eshop\/produkt\/prirucny-stolik-monsoon-37cm-podnos\/\" class=\"broken_link\"><span style=\"color: #e3245e;\">pr\u00edru\u010dn\u00fd stol\u00edk<\/span><\/a>, <a href=\"https:\/\/www.ikuchyne.sk\/eshop\/produkt\/lavica-scarlett-90-cm-platno-bezova\/\"><span style=\"color: #e3245e;\">lavicu<\/span><\/a>, <a href=\"https:\/\/www.ikuchyne.sk\/eshop\/produkt\/zelena-rozkladacia-pohovka-magnifique-184-cm\/\" class=\"broken_link\"><span style=\"color: #e3245e;\">rozkladaciu seda\u010dku<\/span><\/a> alebo <a href=\"https:\/\/www.ikuchyne.sk\/eshop\/produkt\/postel-la-beaute-160x200cm-lesna-zelena\/\" class=\"broken_link\"><span style=\"color: #e3245e;\">poste\u013e<\/span><\/a> men\u0161\u00edch rozmerov. Opierky m\u00f4\u017eu pozost\u00e1va\u0165 taktie\u017e z vank\u00fa\u0161ikov alebo prehozov. Ide o samostatn\u00e9, \u013eahko premiestnite\u013en\u00e9 sedenie.[\/vc_column_text][vc_single_image image=&#8221;153751&#8243; img_size=&#8221;large&#8221; add_caption=&#8221;yes&#8221; alignment=&#8221;center&#8221; style=&#8221;vc_box_rounded&#8221; onclick=&#8221;custom_link&#8221; img_link_target=&#8221;_blank&#8221; link=&#8221;https:\/\/www.ikuchyne.sk\/eshop\/produkt\/zelena-rozkladacia-pohovka-magnifique-184-cm\/&#8221;][vc_column_text]<\/p>\n<h2><span style=\"color: #e3245e;\"><b>Dizajn sedenia<br \/>\n<\/b><\/span><\/h2>\n<p>M\u00f4\u017ee ma\u0165 ust\u00e1len\u00fa, trval\u00fa podobu alebo ho pre umocnenie z\u00e1\u017eitku prisp\u00f4sobujeme sez\u00f3nnym zmen\u00e1m. V\u00a0teplej\u0161om obdob\u00ed uprednost\u0148ujeme jemn\u00e9, pastelov\u00e9 farby a\u00a0v\u00a0chladnej\u0161om sa odejeme do jesenn\u00fdch odtie\u0148ov. Samozrejme, <strong>nikdy nepodporujeme melancholick\u00fa, ale vesel\u00fa n\u00e1ladu.<\/strong>[\/vc_column_text][vc_message icon_fontawesome=&#8221;&#8221;]<b>N\u00e1\u0161 tip:\u00a0<\/b>Priestor zaria\u010fujeme tak, aby n\u00e1m vysta\u010dil vo svojom z\u00e1kladnom vybaven\u00ed. Ide o\u00a0to, aby sme sedenie pri okne nezapratali doplnkami, ktor\u00e9 ani nevyu\u017eijeme, knihami, v\u00a0ktor\u00fdch ani nezalistujeme. Hlavnou z\u00e1sadou je \u00fatulnos\u0165 a\u00a0relax. Okrem poh\u013eadov cez okno ich umoc\u0148uj\u00fa napr. <a href=\"https:\/\/www.ikuchyne.sk\/eshop\/produkt\/sviecka-fossil-naplavene-drevo\/\"><span style=\"color: #e3245e;\">dekorat\u00edvne svie\u010dky<\/span><\/a> alebo <a href=\"https:\/\/www.ikuchyne.sk\/eshop\/produkt\/obraz-wave-60x80cm-welle-sklo\/\" class=\"broken_link\"><span style=\"color: #e3245e;\">obrazy<\/span><\/a> po bo\u010dn\u00fdch stran\u00e1ch.[\/vc_message][vc_single_image image=&#8221;153756&#8243; img_size=&#8221;large&#8221; add_caption=&#8221;yes&#8221; alignment=&#8221;center&#8221; style=&#8221;vc_box_rounded&#8221; onclick=&#8221;custom_link&#8221; img_link_target=&#8221;_blank&#8221; link=&#8221;https:\/\/www.ikuchyne.sk\/eshop\/produkt\/sviecka-fossil-naplavene-drevo\/&#8221;][vc_column_text]<\/p>\n<h2><span style=\"color: #e3245e;\"><b>Kde je najvhodnej\u0161\u00ed priestor pre sedenie pri okne?<br \/>\n<\/b><\/span><\/h2>\n<p>V\u0161ade tam, kde m\u00e1te okno \ud83d\ude42 Ale nie tak, aby ste miestnos\u0165 oberali o prirodzen\u00e9 denn\u00e9 svetlo alebo jeho posledn\u00e9 podve\u010dern\u00e9 l\u00fa\u010de. Najviac sa stret\u00e1vame so seden\u00edm pri okne <strong>v\u00a0ob\u00fdva\u010dk\u00e1ch<\/strong>, \u010do nemus\u00ed by\u0165 st\u00e1le t\u00fdm najlep\u0161\u00edm rie\u0161en\u00edm. Je to spolo\u010densk\u00e1 miestnos\u0165, ktor\u00fa vyu\u017e\u00edvaj\u00fa v\u0161etci \u010dlenovia rodiny.<\/p>\n<p>Strieda sa v nej komunika\u010dn\u00fd \u0161um, hluk telev\u00edzorov a r\u00f4znej v\u00fdpo\u010dtovej techniky. Lep\u0161ie <strong>zrelaxujete pri okne v\u00a0sp\u00e1lni alebo na chodbe<\/strong>. Ak m\u00e1te dvojpodla\u017en\u00fd dom a\u00a0<strong>medzi poschodiami okno<\/strong>, zrekon\u0161truujte si ho na pr\u00edjemn\u00e9 odpo\u010dinkov\u00e9 miesto.[\/vc_column_text][vc_column_text]<\/p>\n<h2><span style=\"color: #e3245e;\"><b>Sedenie pri okne v praxi<br \/>\n<\/b><\/span><\/h2>\n<p>Ide\u00e1lne, ak si viete zabezpe\u010di\u0165 <strong>sedenie po celej d\u013a\u017eke okna<\/strong>. Ur\u010dite to nebude lacn\u00e1 z\u00e1le\u017eitos\u0165, v\u00a0mnoh\u00fdch pr\u00edpadoch treba siahnu\u0165 po <a href=\"https:\/\/www.ikuchyne.sk\/eshop\/produkt\/strieborna-zamatova-sedacka-famous-ii-210cm\/\" class=\"broken_link\"><span style=\"color: #e3245e;\">seda\u010dk\u00e1ch<\/span><\/a> na mieru, alebo priestor po boku vyplni\u0165 <a href=\"https:\/\/www.ikuchyne.sk\/eshop\/produkt\/komoda-scorpion-100cm-hneda-mango\/\"><span style=\"color: #e3245e;\">komodou<\/span><\/a>, <a href=\"https:\/\/www.ikuchyne.sk\/eshop\/produkt\/konferencny-stolik-vancouver-50cm-dub\/\" class=\"broken_link\"><span style=\"color: #e3245e;\">stol\u00edkom<\/span><\/a> \u010di <a href=\"https:\/\/www.ikuchyne.sk\/eshop\/produkt\/siva-zamatova-taburetka-lounger\/\"><span style=\"color: #e3245e;\">taburetkou<\/span><\/a>.[\/vc_column_text][vc_single_image image=&#8221;153755&#8243; img_size=&#8221;large&#8221; add_caption=&#8221;yes&#8221; alignment=&#8221;center&#8221; style=&#8221;vc_box_rounded&#8221; onclick=&#8221;custom_link&#8221; img_link_target=&#8221;_blank&#8221; link=&#8221;https:\/\/www.ikuchyne.sk\/eshop\/produkt\/siva-zamatova-taburetka-lounger\/&#8221;][vc_message icon_fontawesome=&#8221;&#8221;]<b>N\u00e1\u0161 tip:\u00a0<\/b>Potrebujete funk\u010dne vyplni\u0165 priestor po boku seda\u010dky? Odpor\u00fa\u010dame prezrie\u0165 si Aj na\u0161u ponuku <a href=\"https:\/\/www.ikuchyne.sk\/eshop\/produkt\/konferencny-stolik-regal-jakarta-45cm-recyklovane-drevo\/\"><span style=\"color: #e3245e;\">v\u0161estrann\u00fdch konferen\u010dn\u00fdch stol\u00edkov a\u00a0reg\u00e1lov v\u00a0jednom<\/span><\/a>![\/vc_message][vc_column_text]Inou alternat\u00edvou je skuto\u010dne investova\u0165 do <a href=\"https:\/\/www.ikuchyne.sk\/eshop\/produkt\/sedacka-chesterfield-antik-hneda-lavy-roh\/\"><span style=\"color: #e3245e;\">luxusnej rohovej seda\u010dky<\/span><\/a>. T\u00e1 sa hod\u00ed, aj ke\u010f m\u00e1te okno od zeme a\u017e po plaf\u00f3n. Potom u\u017e nemus\u00edte rie\u0161i\u0165 doplnkov\u00fd n\u00e1bytok. M\u00e1te parapet dostato\u010dne \u0161irok\u00fd, aby ste na\u0148 umiestnili <a href=\"https:\/\/www.ikuchyne.sk\/eshop\/produkt\/stolova-lampa-burlesque-zlata-mramor-cierna\/\"><span style=\"color: #e3245e;\">lampu<\/span><\/a>, popr\u00edpade zop\u00e1r \u0161\u00e1lok a\u00a0<a href=\"https:\/\/www.ikuchyne.sk\/eshop\/produkt\/vaza-oriental-set-2ks-zlata\/\"><span style=\"color: #e3245e;\">v\u00e1zu<\/span><\/a>? Tak v\u00e1m u\u017e nebr\u00e1ni ni\u010d v\u00a0tom, aby ste sa pohodlne usadili![\/vc_column_text][vc_single_image image=&#8221;153754&#8243; img_size=&#8221;large&#8221; add_caption=&#8221;yes&#8221; alignment=&#8221;center&#8221; style=&#8221;vc_box_rounded&#8221; onclick=&#8221;custom_link&#8221; img_link_target=&#8221;_blank&#8221; link=&#8221;https:\/\/www.ikuchyne.sk\/eshop\/produkt\/sedacka-chesterfield-antik-hneda-lavy-roh\/&#8221;][\/vc_column][\/vc_row][vc_row][vc_column][vc_message message_box_color=&#8221;alert-success&#8221; icon_fontawesome=&#8221;&#8221;]<b>VEDELI STE, \u017dE: <\/b>Pri \u00fazkych dlh\u00fdch okn\u00e1ch sa nesna\u017e\u00edme o \u017eiadnu originalitu. Tak\u00e9to okn\u00e1 b\u00fdvaj\u00fa naj\u010dastej\u0161ie na chodb\u00e1ch alebo medzi poschodiami. \u010co potrebujete pre zdrav\u00e9 st\u00ed\u0161enie? <a href=\"https:\/\/www.ikuchyne.sk\/eshop\/lenoska-kus-nabytku-ktory-by-nemal-chybat-ani-u-vas-doma\/\"><span style=\"color: #e3245e;\">Vybra\u0165 si kvalitn\u00fa le\u0148o\u0161ku<\/span><\/a>! Ke\u010f\u017ee opierky m\u00e1vaj\u00fa po boku, Nepr\u00eddete o kr\u00e1sny v\u00fdh\u013ead a po cel\u00fd \u010das m\u00f4\u017eete sedie\u0165 alebo si pohodlne \u013eahn\u00fa\u0165.[\/vc_message][\/vc_column][\/vc_row][vc_row][vc_column][vc_column_text]Va\u0161e sedenie pri okne m\u00f4\u017ee pozost\u00e1va\u0165 <strong>len z\u00a0jednej <\/strong><a href=\"https:\/\/www.ikuchyne.sk\/eshop\/produkt\/stolicka-castle-zamat-horcicovo-zlta\/\" class=\"broken_link\"><strong><span style=\"color: #e3245e;\">stoli\u010dky<\/span><\/strong> <strong><span style=\"color: #e3245e;\">s\u00a0pr\u00edjemn\u00fdm \u010dal\u00fanen\u00fdm sed\u00e1kom<\/span><\/strong><\/a> a\u00a0o\u00a0z\u00e1\u017eitok m\u00e1te postaran\u00e9! Odpor\u00fa\u010dame farebne zladi\u0165 so z\u00e1vesom alebo ve\u013ekou <a href=\"https:\/\/www.ikuchyne.sk\/eshop\/produkt\/vaza-wave-strieborna-106cm\/\" class=\"broken_link\"><span style=\"color: #e3245e;\">v\u00e1zou<\/span><\/a> \u010di <a href=\"https:\/\/www.ikuchyne.sk\/eshop\/produkt\/koberec-infinity-home-240x160cm-sivy\/\"><span style=\"color: #e3245e;\">kober\u010dekom<\/span><\/a>. P\u00f4\u017eitku zo sedenia sa jednoducho medze neklad\u00fa![\/vc_column_text][vc_single_image image=&#8221;153749&#8243; img_size=&#8221;large&#8221; add_caption=&#8221;yes&#8221; alignment=&#8221;center&#8221; style=&#8221;vc_box_rounded&#8221; onclick=&#8221;custom_link&#8221; img_link_target=&#8221;_blank&#8221; link=&#8221;https:\/\/www.ikuchyne.sk\/eshop\/produkt\/stolicka-castle-zamat-horcicovo-zlta\/&#8221;][\/vc_column][\/vc_row]<\/p>\n","protected":false},"excerpt":{"rendered":"<p>[vc_row][vc_column][vc_column_text]Po n\u00e1ro\u010dnom dni sa ka\u017ed\u00fd r\u00e1d dopraje chv\u00ed\u013eku k\u013eudu. Niekto r\u00e1d relaxuje s knihou v ruke, in\u00ed pri teplom \u010daji alebo k\u00e1ve. Na ni\u010d nemyslie\u0165 a len tak sa zad\u00edva\u0165<\/p>\n","protected":false},"author":583,"featured_media":153757,"comment_status":"closed","ping_status":"open","sticky":false,"template":"","format":"standard","meta":{"footnotes":""},"categories":[1008,1129],"tags":[],"yoast_head":"<!-- This site is optimized with the Yoast SEO plugin v22.1 - https:\/\/yoast.com\/wordpress\/plugins\/seo\/ -->\n<title>Praktick\u00e9 a dizajnov\u00e9 sedenie pri okne &#187; iKuchyne iSHOP s n\u00e1bytkom<\/title>\n<meta name=\"description\" content=\"Po n\u00e1ro\u010dnom dni sa ka\u017ed\u00fd r\u00e1d dopraje chv\u00ed\u013eku k\u013eudu. Jedn\u00fdm z rie\u0161en\u00ed je zaobstara\u0165 si pohodln\u00e9 sedenie pri okne. Ak\u00e9 \u0161pecifick\u00e9 krit\u00e9ri\u00e1 sa vz\u0165ahuj\u00fa na tento typy sedenia?\" \/>\n<meta name=\"robots\" content=\"index, follow, max-snippet:-1, max-image-preview:large, max-video-preview:-1\" \/>\n<link rel=\"canonical\" href=\"https:\/\/www.ikuchyne.sk\/eshop\/prakticke-a-dizajnove-sedenie-pri-okne\/\" \/>\n<meta property=\"og:locale\" content=\"sk_SK\" \/>\n<meta property=\"og:type\" content=\"article\" \/>\n<meta property=\"og:title\" content=\"Praktick\u00e9 a dizajnov\u00e9 sedenie pri okne &#187; iKuchyne iSHOP s n\u00e1bytkom\" \/>\n<meta property=\"og:description\" content=\"Po n\u00e1ro\u010dnom dni sa ka\u017ed\u00fd r\u00e1d dopraje chv\u00ed\u013eku k\u013eudu. Jedn\u00fdm z rie\u0161en\u00ed je zaobstara\u0165 si pohodln\u00e9 sedenie pri okne. Ak\u00e9 \u0161pecifick\u00e9 krit\u00e9ri\u00e1 sa vz\u0165ahuj\u00fa na tento typy sedenia?\" \/>\n<meta property=\"og:url\" content=\"https:\/\/www.ikuchyne.sk\/eshop\/prakticke-a-dizajnove-sedenie-pri-okne\/\" \/>\n<meta property=\"og:site_name\" content=\"iKuchyne iSHOP s n\u00e1bytkom\" \/>\n<meta property=\"article:publisher\" content=\"https:\/\/www.facebook.com\/ikuchyne\/\" \/>\n<meta property=\"article:published_time\" content=\"2021-07-13T12:12:42+00:00\" \/>\n<meta property=\"og:image\" content=\"https:\/\/www.ikuchyne.sk\/eshop\/wp-content\/uploads\/2021\/07\/5907a2e8a712fc6227384182b05b5d33.jpg\" \/>\n\t<meta property=\"og:image:width\" content=\"564\" \/>\n\t<meta property=\"og:image:height\" content=\"564\" \/>\n\t<meta property=\"og:image:type\" content=\"image\/jpeg\" \/>\n<meta name=\"author\" content=\"Tatiana Janokov\u00e1\" \/>\n<meta name=\"twitter:card\" content=\"summary_large_image\" \/>\n<meta name=\"twitter:label1\" content=\"Autor\" \/>\n\t<meta name=\"twitter:data1\" content=\"Tatiana Janokov\u00e1\" \/>\n\t<meta name=\"twitter:label2\" content=\"Predpokladan\u00fd \u010das \u010d\u00edtania\" \/>\n\t<meta name=\"twitter:data2\" content=\"4 min\u00faty\" \/>\n<script type=\"application\/ld+json\" class=\"yoast-schema-graph\">{\"@context\":\"https:\/\/schema.org\",\"@graph\":[{\"@type\":\"Article\",\"@id\":\"https:\/\/www.ikuchyne.sk\/eshop\/prakticke-a-dizajnove-sedenie-pri-okne\/#article\",\"isPartOf\":{\"@id\":\"https:\/\/www.ikuchyne.sk\/eshop\/prakticke-a-dizajnove-sedenie-pri-okne\/\"},\"author\":{\"name\":\"Tatiana Janokov\u00e1\",\"@id\":\"https:\/\/www.ikuchyne.sk\/eshop\/#\/schema\/person\/e61d3f737f96014005fda6b9c26dbf31\"},\"headline\":\"Praktick\u00e9 a dizajnov\u00e9 sedenie pri okne\",\"datePublished\":\"2021-07-13T12:12:42+00:00\",\"dateModified\":\"2021-07-13T12:12:42+00:00\",\"mainEntityOfPage\":{\"@id\":\"https:\/\/www.ikuchyne.sk\/eshop\/prakticke-a-dizajnove-sedenie-pri-okne\/\"},\"wordCount\":1335,\"publisher\":{\"@id\":\"https:\/\/www.ikuchyne.sk\/eshop\/#organization\"},\"articleSection\":[\"IN\u0160PIR\u00c1CIE\",\"Produkty v realiz\u00e1ciach\"],\"inLanguage\":\"sk-SK\"},{\"@type\":\"WebPage\",\"@id\":\"https:\/\/www.ikuchyne.sk\/eshop\/prakticke-a-dizajnove-sedenie-pri-okne\/\",\"url\":\"https:\/\/www.ikuchyne.sk\/eshop\/prakticke-a-dizajnove-sedenie-pri-okne\/\",\"name\":\"Praktick\u00e9 a dizajnov\u00e9 sedenie pri okne &#187; iKuchyne iSHOP s n\u00e1bytkom\",\"isPartOf\":{\"@id\":\"https:\/\/www.ikuchyne.sk\/eshop\/#website\"},\"datePublished\":\"2021-07-13T12:12:42+00:00\",\"dateModified\":\"2021-07-13T12:12:42+00:00\",\"description\":\"Po n\u00e1ro\u010dnom dni sa ka\u017ed\u00fd r\u00e1d dopraje chv\u00ed\u013eku k\u013eudu. Jedn\u00fdm z rie\u0161en\u00ed je zaobstara\u0165 si pohodln\u00e9 sedenie pri okne. Ak\u00e9 \u0161pecifick\u00e9 krit\u00e9ri\u00e1 sa vz\u0165ahuj\u00fa na tento typy sedenia?\",\"breadcrumb\":{\"@id\":\"https:\/\/www.ikuchyne.sk\/eshop\/prakticke-a-dizajnove-sedenie-pri-okne\/#breadcrumb\"},\"inLanguage\":\"sk-SK\",\"potentialAction\":[{\"@type\":\"ReadAction\",\"target\":[\"https:\/\/www.ikuchyne.sk\/eshop\/prakticke-a-dizajnove-sedenie-pri-okne\/\"]}]},{\"@type\":\"BreadcrumbList\",\"@id\":\"https:\/\/www.ikuchyne.sk\/eshop\/prakticke-a-dizajnove-sedenie-pri-okne\/#breadcrumb\",\"itemListElement\":[{\"@type\":\"ListItem\",\"position\":1,\"name\":\"Home\",\"item\":\"https:\/\/www.ikuchyne.sk\/eshop\/\"},{\"@type\":\"ListItem\",\"position\":2,\"name\":\"Praktick\u00e9 a dizajnov\u00e9 sedenie pri okne\"}]},{\"@type\":\"WebSite\",\"@id\":\"https:\/\/www.ikuchyne.sk\/eshop\/#website\",\"url\":\"https:\/\/www.ikuchyne.sk\/eshop\/\",\"name\":\"iKuchyne iSHOP s n\u00e1bytkom\",\"description\":\"Jed\u00e1lensk\u00e9 stoly, stoli\u010dky, n\u00e1bytok, svietidl\u00e1...\",\"publisher\":{\"@id\":\"https:\/\/www.ikuchyne.sk\/eshop\/#organization\"},\"potentialAction\":[{\"@type\":\"SearchAction\",\"target\":{\"@type\":\"EntryPoint\",\"urlTemplate\":\"https:\/\/www.ikuchyne.sk\/eshop\/?s={search_term_string}\"},\"query-input\":\"required name=search_term_string\"}],\"inLanguage\":\"sk-SK\"},{\"@type\":\"Organization\",\"@id\":\"https:\/\/www.ikuchyne.sk\/eshop\/#organization\",\"name\":\"ikuchyne!\",\"url\":\"https:\/\/www.ikuchyne.sk\/eshop\/\",\"logo\":{\"@type\":\"ImageObject\",\"inLanguage\":\"sk-SK\",\"@id\":\"https:\/\/www.ikuchyne.sk\/eshop\/#\/schema\/logo\/image\/\",\"url\":\"https:\/\/www.ikuchyne.sk\/eshop\/wp-content\/uploads\/2017\/04\/ikuchyne-logo.jpg\",\"contentUrl\":\"https:\/\/www.ikuchyne.sk\/eshop\/wp-content\/uploads\/2017\/04\/ikuchyne-logo.jpg\",\"width\":200,\"height\":48,\"caption\":\"ikuchyne!\"},\"image\":{\"@id\":\"https:\/\/www.ikuchyne.sk\/eshop\/#\/schema\/logo\/image\/\"},\"sameAs\":[\"https:\/\/www.facebook.com\/ikuchyne\/\",\"https:\/\/www.instagram.com\/ikuchyne.sk\/\",\"https:\/\/sk.pinterest.com\/ikuchynesk\/\"]},{\"@type\":\"Person\",\"@id\":\"https:\/\/www.ikuchyne.sk\/eshop\/#\/schema\/person\/e61d3f737f96014005fda6b9c26dbf31\",\"name\":\"Tatiana Janokov\u00e1\",\"image\":{\"@type\":\"ImageObject\",\"inLanguage\":\"sk-SK\",\"@id\":\"https:\/\/www.ikuchyne.sk\/eshop\/#\/schema\/person\/image\/\",\"url\":\"https:\/\/www.ikuchyne.sk\/eshop\/wp-content\/plugins\/wp-user-avatar\/deprecated\/wp-user-avatar\/images\/wpua-96x96.png\",\"contentUrl\":\"https:\/\/www.ikuchyne.sk\/eshop\/wp-content\/plugins\/wp-user-avatar\/deprecated\/wp-user-avatar\/images\/wpua-96x96.png\",\"caption\":\"Tatiana Janokov\u00e1\"},\"description\":\"Tatiana je absolventkou UPJ\u0160 v\u00a0Ko\u0161iciach v\u00a0odbore masmedi\u00e1lne \u0161t\u00fadi\u00e1. Moment\u00e1lne sa venuje svojim de\u0165om a\u00a0popri ka\u017edodenn\u00fdch povinnostiach si rada n\u00e1jde trochu \u010dasu na copywriting. Takto relaxuje a\u00a0p\u00edsanie je jej \u201evlastn\u00fdm svetom\u201c. Zauj\u00edma sa o\u00a0aktu\u00e1lne spolo\u010densk\u00e9 dianie, miluje m\u00f3du a, samozrejme, interi\u00e9rov\u00fd dizajn.\",\"url\":\"https:\/\/www.ikuchyne.sk\/eshop\/author\/tatiana-janokova\/\"}]}<\/script>\n<!-- \/ Yoast SEO plugin. -->","yoast_head_json":{"title":"Praktick\u00e9 a dizajnov\u00e9 sedenie pri okne &#187; iKuchyne iSHOP s n\u00e1bytkom","description":"Po n\u00e1ro\u010dnom dni sa ka\u017ed\u00fd r\u00e1d dopraje chv\u00ed\u013eku k\u013eudu. Jedn\u00fdm z rie\u0161en\u00ed je zaobstara\u0165 si pohodln\u00e9 sedenie pri okne. Ak\u00e9 \u0161pecifick\u00e9 krit\u00e9ri\u00e1 sa vz\u0165ahuj\u00fa na tento typy sedenia?","robots":{"index":"index","follow":"follow","max-snippet":"max-snippet:-1","max-image-preview":"max-image-preview:large","max-video-preview":"max-video-preview:-1"},"canonical":"https:\/\/www.ikuchyne.sk\/eshop\/prakticke-a-dizajnove-sedenie-pri-okne\/","og_locale":"sk_SK","og_type":"article","og_title":"Praktick\u00e9 a dizajnov\u00e9 sedenie pri okne &#187; iKuchyne iSHOP s n\u00e1bytkom","og_description":"Po n\u00e1ro\u010dnom dni sa ka\u017ed\u00fd r\u00e1d dopraje chv\u00ed\u013eku k\u013eudu. Jedn\u00fdm z rie\u0161en\u00ed je zaobstara\u0165 si pohodln\u00e9 sedenie pri okne. Ak\u00e9 \u0161pecifick\u00e9 krit\u00e9ri\u00e1 sa vz\u0165ahuj\u00fa na tento typy sedenia?","og_url":"https:\/\/www.ikuchyne.sk\/eshop\/prakticke-a-dizajnove-sedenie-pri-okne\/","og_site_name":"iKuchyne iSHOP s n\u00e1bytkom","article_publisher":"https:\/\/www.facebook.com\/ikuchyne\/","article_published_time":"2021-07-13T12:12:42+00:00","og_image":[{"width":564,"height":564,"url":"https:\/\/www.ikuchyne.sk\/eshop\/wp-content\/uploads\/2021\/07\/5907a2e8a712fc6227384182b05b5d33.jpg","type":"image\/jpeg"}],"author":"Tatiana Janokov\u00e1","twitter_card":"summary_large_image","twitter_misc":{"Autor":"Tatiana Janokov\u00e1","Predpokladan\u00fd \u010das \u010d\u00edtania":"4 min\u00faty"},"schema":{"@context":"https:\/\/schema.org","@graph":[{"@type":"Article","@id":"https:\/\/www.ikuchyne.sk\/eshop\/prakticke-a-dizajnove-sedenie-pri-okne\/#article","isPartOf":{"@id":"https:\/\/www.ikuchyne.sk\/eshop\/prakticke-a-dizajnove-sedenie-pri-okne\/"},"author":{"name":"Tatiana Janokov\u00e1","@id":"https:\/\/www.ikuchyne.sk\/eshop\/#\/schema\/person\/e61d3f737f96014005fda6b9c26dbf31"},"headline":"Praktick\u00e9 a dizajnov\u00e9 sedenie pri okne","datePublished":"2021-07-13T12:12:42+00:00","dateModified":"2021-07-13T12:12:42+00:00","mainEntityOfPage":{"@id":"https:\/\/www.ikuchyne.sk\/eshop\/prakticke-a-dizajnove-sedenie-pri-okne\/"},"wordCount":1335,"publisher":{"@id":"https:\/\/www.ikuchyne.sk\/eshop\/#organization"},"articleSection":["IN\u0160PIR\u00c1CIE","Produkty v realiz\u00e1ciach"],"inLanguage":"sk-SK"},{"@type":"WebPage","@id":"https:\/\/www.ikuchyne.sk\/eshop\/prakticke-a-dizajnove-sedenie-pri-okne\/","url":"https:\/\/www.ikuchyne.sk\/eshop\/prakticke-a-dizajnove-sedenie-pri-okne\/","name":"Praktick\u00e9 a dizajnov\u00e9 sedenie pri okne &#187; iKuchyne iSHOP s n\u00e1bytkom","isPartOf":{"@id":"https:\/\/www.ikuchyne.sk\/eshop\/#website"},"datePublished":"2021-07-13T12:12:42+00:00","dateModified":"2021-07-13T12:12:42+00:00","description":"Po n\u00e1ro\u010dnom dni sa ka\u017ed\u00fd r\u00e1d dopraje chv\u00ed\u013eku k\u013eudu. Jedn\u00fdm z rie\u0161en\u00ed je zaobstara\u0165 si pohodln\u00e9 sedenie pri okne. Ak\u00e9 \u0161pecifick\u00e9 krit\u00e9ri\u00e1 sa vz\u0165ahuj\u00fa na tento typy sedenia?","breadcrumb":{"@id":"https:\/\/www.ikuchyne.sk\/eshop\/prakticke-a-dizajnove-sedenie-pri-okne\/#breadcrumb"},"inLanguage":"sk-SK","potentialAction":[{"@type":"ReadAction","target":["https:\/\/www.ikuchyne.sk\/eshop\/prakticke-a-dizajnove-sedenie-pri-okne\/"]}]},{"@type":"BreadcrumbList","@id":"https:\/\/www.ikuchyne.sk\/eshop\/prakticke-a-dizajnove-sedenie-pri-okne\/#breadcrumb","itemListElement":[{"@type":"ListItem","position":1,"name":"Home","item":"https:\/\/www.ikuchyne.sk\/eshop\/"},{"@type":"ListItem","position":2,"name":"Praktick\u00e9 a dizajnov\u00e9 sedenie pri okne"}]},{"@type":"WebSite","@id":"https:\/\/www.ikuchyne.sk\/eshop\/#website","url":"https:\/\/www.ikuchyne.sk\/eshop\/","name":"iKuchyne iSHOP s n\u00e1bytkom","description":"Jed\u00e1lensk\u00e9 stoly, stoli\u010dky, n\u00e1bytok, svietidl\u00e1...","publisher":{"@id":"https:\/\/www.ikuchyne.sk\/eshop\/#organization"},"potentialAction":[{"@type":"SearchAction","target":{"@type":"EntryPoint","urlTemplate":"https:\/\/www.ikuchyne.sk\/eshop\/?s={search_term_string}"},"query-input":"required name=search_term_string"}],"inLanguage":"sk-SK"},{"@type":"Organization","@id":"https:\/\/www.ikuchyne.sk\/eshop\/#organization","name":"ikuchyne!","url":"https:\/\/www.ikuchyne.sk\/eshop\/","logo":{"@type":"ImageObject","inLanguage":"sk-SK","@id":"https:\/\/www.ikuchyne.sk\/eshop\/#\/schema\/logo\/image\/","url":"https:\/\/www.ikuchyne.sk\/eshop\/wp-content\/uploads\/2017\/04\/ikuchyne-logo.jpg","contentUrl":"https:\/\/www.ikuchyne.sk\/eshop\/wp-content\/uploads\/2017\/04\/ikuchyne-logo.jpg","width":200,"height":48,"caption":"ikuchyne!"},"image":{"@id":"https:\/\/www.ikuchyne.sk\/eshop\/#\/schema\/logo\/image\/"},"sameAs":["https:\/\/www.facebook.com\/ikuchyne\/","https:\/\/www.instagram.com\/ikuchyne.sk\/","https:\/\/sk.pinterest.com\/ikuchynesk\/"]},{"@type":"Person","@id":"https:\/\/www.ikuchyne.sk\/eshop\/#\/schema\/person\/e61d3f737f96014005fda6b9c26dbf31","name":"Tatiana Janokov\u00e1","image":{"@type":"ImageObject","inLanguage":"sk-SK","@id":"https:\/\/www.ikuchyne.sk\/eshop\/#\/schema\/person\/image\/","url":"https:\/\/www.ikuchyne.sk\/eshop\/wp-content\/plugins\/wp-user-avatar\/deprecated\/wp-user-avatar\/images\/wpua-96x96.png","contentUrl":"https:\/\/www.ikuchyne.sk\/eshop\/wp-content\/plugins\/wp-user-avatar\/deprecated\/wp-user-avatar\/images\/wpua-96x96.png","caption":"Tatiana Janokov\u00e1"},"description":"Tatiana je absolventkou UPJ\u0160 v\u00a0Ko\u0161iciach v\u00a0odbore masmedi\u00e1lne \u0161t\u00fadi\u00e1. Moment\u00e1lne sa venuje svojim de\u0165om a\u00a0popri ka\u017edodenn\u00fdch povinnostiach si rada n\u00e1jde trochu \u010dasu na copywriting. Takto relaxuje a\u00a0p\u00edsanie je jej \u201evlastn\u00fdm svetom\u201c. Zauj\u00edma sa o\u00a0aktu\u00e1lne spolo\u010densk\u00e9 dianie, miluje m\u00f3du a, samozrejme, interi\u00e9rov\u00fd dizajn.","url":"https:\/\/www.ikuchyne.sk\/eshop\/author\/tatiana-janokova\/"}]}},"_links":{"self":[{"href":"https:\/\/www.ikuchyne.sk\/eshop\/wp-json\/wp\/v2\/posts\/153748"}],"collection":[{"href":"https:\/\/www.ikuchyne.sk\/eshop\/wp-json\/wp\/v2\/posts"}],"about":[{"href":"https:\/\/www.ikuchyne.sk\/eshop\/wp-json\/wp\/v2\/types\/post"}],"author":[{"embeddable":true,"href":"https:\/\/www.ikuchyne.sk\/eshop\/wp-json\/wp\/v2\/users\/583"}],"replies":[{"embeddable":true,"href":"https:\/\/www.ikuchyne.sk\/eshop\/wp-json\/wp\/v2\/comments?post=153748"}],"version-history":[{"count":1,"href":"https:\/\/www.ikuchyne.sk\/eshop\/wp-json\/wp\/v2\/posts\/153748\/revisions"}],"predecessor-version":[{"id":153758,"href":"https:\/\/www.ikuchyne.sk\/eshop\/wp-json\/wp\/v2\/posts\/153748\/revisions\/153758"}],"wp:featuredmedia":[{"embeddable":true,"href":"https:\/\/www.ikuchyne.sk\/eshop\/wp-json\/wp\/v2\/media\/153757"}],"wp:attachment":[{"href":"https:\/\/www.ikuchyne.sk\/eshop\/wp-json\/wp\/v2\/media?parent=153748"}],"wp:term":[{"taxonomy":"category","embeddable":true,"href":"https:\/\/www.ikuchyne.sk\/eshop\/wp-json\/wp\/v2\/categories?post=153748"},{"taxonomy":"post_tag","embeddable":true,"href":"https:\/\/www.ikuchyne.sk\/eshop\/wp-json\/wp\/v2\/tags?post=153748"}],"curies":[{"name":"wp","href":"https:\/\/api.w.org\/{rel}","templated":true}]}}