{"id":153919,"date":"2021-08-05T23:18:33","date_gmt":"2021-08-05T21:18:33","guid":{"rendered":"https:\/\/www.ikuchyne.sk\/eshop\/?p=153919"},"modified":"2021-08-08T16:45:37","modified_gmt":"2021-08-08T14:45:37","slug":"co-dominuje-terasam-v-roku-2021","status":"publish","type":"post","link":"https:\/\/www.ikuchyne.sk\/eshop\/co-dominuje-terasam-v-roku-2021\/","title":{"rendered":"\u010co dominuje teras\u00e1m v roku 2021?"},"content":{"rendered":"<p>[vc_row][vc_column][vc_column_text]<\/p>\n<p align=\"JUSTIFY\"><span style=\"font-family: Times New Roman, serif;\"><span style=\"font-size: medium;\">Kone\u010dne je to tu! V\u00fdnimo\u010dne dlho o\u010dak\u00e1van\u00e9 leto, pri\u0161lo s\u00edce neskor\u0161ie, ale je to o to lep\u0161\u00ed pocit! Terasy kaviarn\u00ed, re\u0161taur\u00e1ci\u00ed a tie na\u0161e <strong>z\u00e1hradn\u00e9 terasy<\/strong> sa plnia dobrou n\u00e1ladou a chutn\u00fdm jedlom. a hlavne tepl\u00fdmi slne\u010dn\u00fdmi l\u00fa\u010dmi. Po\u010fme sa pozrie\u0165 na to, \u010do ur\u010dite nem\u00f4\u017ee ch\u00fdba\u0165 tento rok na teras\u00e1ch! <\/span><\/span><\/p>\n<p>[\/vc_column_text][\/vc_column][\/vc_row][vc_row][vc_column][vc_column_text]<\/p>\n<h2><span style=\"color: #e3245e;\"><b>Pohodln\u00fd n\u00e1bytok<br \/>\n<\/b><\/span><\/h2>\n<p align=\"JUSTIFY\"><span style=\"font-family: Times New Roman, serif;\"><span style=\"font-size: medium;\"><strong>Niet nad pohodln\u00e9 sedenie v podobe m\u00e4kk\u00e9ho gau\u010da a stoli\u010diek<\/strong>. Materi\u00e1l m\u00f4\u017ee by\u0165 dreven\u00fd aj kovov\u00fd, ale je lep\u0161ie sada\u0165 si na m\u00e4kk\u00e9 miesto na to pam\u00e4tajte v\u017edy. Na terasy sa hodia aj pohodln\u00e9 lavice ak terasa bude sk\u00f4r miestom na letn\u00e9 grilova\u010dky, je lep\u0161ie ju zariadi\u0165 v \u0161t\u00fdle letnej kuchyne ako letnej ob\u00fdva\u010dky. <\/span><\/span><\/p>\n<p align=\"JUSTIFY\">T<span style=\"font-family: Times New Roman, serif;\"><span style=\"font-size: medium;\">akisto sa hod\u00ed na terase ma\u0165 hojdaciu sie\u0165 alebo nejak\u00e9 hojdacie vaj\u00ed\u010dko a urobi\u0165 si mal\u00e9 Bali doma.<\/span><\/span><\/p>\n<p>[\/vc_column_text][vc_single_image image=&#8221;153935&#8243; img_size=&#8221;large&#8221; add_caption=&#8221;yes&#8221; alignment=&#8221;center&#8221; style=&#8221;vc_box_rounded&#8221; onclick=&#8221;custom_link&#8221; img_link_target=&#8221;_blank&#8221; link=&#8221;https:\/\/www.ikuchyne.sk\/eshop\/produkt\/siva-lenoska-chesterfield-antik\/&#8221;][\/vc_column][\/vc_row][vc_row][vc_column][vc_column_text]<\/p>\n<h2><span style=\"color: #e3245e;\"><b>No\u010dn\u00fd stol\u00edk<\/b><\/span><\/h2>\n<p align=\"JUSTIFY\"><span style=\"font-family: Times New Roman, serif;\"><span style=\"font-size: medium;\">Azda <strong>najlacnej\u0161\u00ed pocit ako nepreinvestova\u0165 v\u0161etky n\u00e1klady do z\u00e1hradn\u00e9ho n\u00e1bytku<\/strong>, je ur\u010dite kreat\u00edvnej\u0161ia a lacnej\u0161ia varianta. V\u0161etko to pri\u0161lo s pr\u00edchodom alebo lep\u0161ie povedan\u00e9 s \u010doraz viac ob\u013e\u00faben\u00fdm \u0161t\u00fdlom vintage, ktor\u00fd si ob\u013e\u00fabilo ve\u013ek\u00e9 mno\u017estvo \u013eud\u00ed.<\/span><\/span><\/p>\n<p align=\"JUSTIFY\"><span style=\"font-family: Times New Roman, serif;\"><span style=\"font-size: medium;\"><strong>Nie len kv\u00f4li \u00faspornej\u0161\u00edm n\u00e1kladom<\/strong>, ale hlavne kv\u00f4li tomu, \u017ee sa naozaj viete vybl\u00e1zni\u0165 zo zariaden\u00edm. M\u00f4\u017eete na to pou\u017ei\u0165 popul\u00e1rne palety, na ktor\u00e9 si d\u00e1te u\u0161i\u0165 alebo si k\u00fapi\u0165 nejak\u00e9 matrace. Takisto viete vyu\u017ei\u0165 aj star\u00e9 pneumatiky na pohodln\u00e9 sedenie alebo pleten\u00fd kovov\u00fd n\u00e1bytok. V\u0161etko s\u00fa to ove\u013ea lacnej\u0161ie varianty azda iba s jedinou nev\u00fdhodou, nehodia sa do ka\u017ed\u00e9ho \u0161t\u00fdlu.<\/span><\/span><\/p>\n<p>[\/vc_column_text][vc_single_image image=&#8221;153936&#8243; img_size=&#8221;large&#8221; add_caption=&#8221;yes&#8221; alignment=&#8221;center&#8221; style=&#8221;vc_box_rounded&#8221; onclick=&#8221;custom_link&#8221; img_link_target=&#8221;_blank&#8221; link=&#8221;https:\/\/sk.pinterest.com\/pin\/324540716891631281\/&#8221;][vc_column_text]<\/p>\n<h2><span style=\"color: #e3245e;\"><b>Z letnej na zimn\u00fa terasu<br \/>\n<\/b><\/span><\/h2>\n<p align=\"JUSTIFY\"><span style=\"font-family: Times New Roman, serif;\"><span style=\"font-size: medium;\">Tento trend tu u\u017e je nejak\u00fd ten piatok, ale a\u017e udalos\u0165ami roku 2020 sa rap\u00eddne roz\u0161\u00edril. My <strong>\u013eudia jednoducho milujeme u\u017e\u00edva\u0165 si pokojn\u00fa chv\u00ed\u013eku k\u00e1vy v lete na terase<\/strong> a <strong>v zime na zimnej terase s v\u00fdh\u013eadom na zasne\u017een\u00fa z\u00e1hradu<\/strong>. Ak m\u00e1te mo\u017enos\u0165 a p\u00e1\u010di sa v\u00e1m t\u00e1to my\u0161lienka, ur\u010dite za\u010dnite rozm\u00fd\u0161\u013ea\u0165 nad vytvoren\u00edm zimnej terasy. Je to naozaj nad\u010dasov\u00e9 rie\u0161enie a nikdy neomrz\u00ed.<\/span><\/span><\/p>\n<p>[\/vc_column_text][vc_single_image image=&#8221;153938&#8243; img_size=&#8221;large&#8221; add_caption=&#8221;yes&#8221; alignment=&#8221;center&#8221; style=&#8221;vc_box_rounded&#8221; onclick=&#8221;custom_link&#8221; img_link_target=&#8221;_blank&#8221; link=&#8221;https:\/\/www.ikuchyne.sk\/eshop\/produkt\/jedalensky-stol-genesis-140cm-agat-35mm\/&#8221;][vc_column_text]<\/p>\n<h2><span style=\"color: #e3245e;\"><b>Vhodn\u00e1 podlaha<br \/>\n<\/b><\/span><\/h2>\n<p align=\"JUSTIFY\"><span style=\"font-family: Times New Roman, serif;\"><span style=\"font-size: medium;\"><strong>V\u00e4\u010d\u0161ina \u013eud\u00ed ob\u013eubuje dreven\u00fa podlahu<\/strong> a to z nieko\u013ek\u00fdch d\u00f4vodov. Za prv\u00e9: ak nem\u00e1te kryt\u00fa terasu, je naozaj nebezpe\u010dn\u00e9 nie len pre v\u00e1s, ale aj pre deti sa prejs\u0165 po keramickej dla\u017ebe. Za druh\u00e9: ak v\u00e1m hoci\u010do padne na keramick\u00fa dla\u017ebu, riskujete naozaj n\u00edzku odolnos\u0165 po\u0161kodenia podlahy a len samotn\u00e1 v\u00fdmena, jedn\u00e9ho kusu je drah\u00e1 a neoplat\u00ed sa. Drevo taktie\u017e nep\u00f4sob\u00ed tvrdo, ale naopak \u00fatulnej\u0161ie. Za tretie ak sa aj hoci co stane viete to prekry\u0165 kobercom.<\/span><\/span><\/p>\n<p>[\/vc_column_text][vc_column_text]<\/p>\n<h2><span style=\"color: #e3245e;\"><b>Dobr\u00e9 ve\u010dern\u00e9 osvetlenie<br \/>\n<\/b><\/span><\/h2>\n<p align=\"JUSTIFY\"><span style=\"font-family: Times New Roman, serif;\"><span style=\"font-size: medium;\">Dobr\u00e9 ve\u010dern\u00e9 osvetlenie znamen\u00e1 predov\u0161etk\u00fdm tak\u00e9, ktor\u00e9 v\u00e1m cel\u00fa terasu <strong>pr\u00edjemne ozdob\u00ed a presvetl\u00ed<\/strong>. Ide\u00e1lne je pou\u017ei\u0165 stojace lampy, ktor\u00e9 sk\u00f4r cel\u00fd priestor romanticky osvetlia a vytvoria aj trochu pr\u00edtmia. Naproti tomu s\u00fa z\u00e1vesn\u00e9 lustre, ktor\u00e9 je ide\u00e1lne ma\u0165, ak m\u00e1te posedenie pri stole a stoli\u010dk\u00e1ch. Hod\u00ed sa to ove\u013ea viac, preto\u017ee potrebujete intenz\u00edvnej\u0161ie svetlo. <\/span><\/span><\/p>\n<p align=\"JUSTIFY\"><span style=\"font-family: Times New Roman, serif;\"><span style=\"font-size: medium;\">\u00a0<\/span><\/span><\/p>\n<p>[\/vc_column_text][vc_single_image image=&#8221;153943&#8243; img_size=&#8221;large&#8221; add_caption=&#8221;yes&#8221; alignment=&#8221;center&#8221; style=&#8221;vc_box_rounded&#8221; onclick=&#8221;custom_link&#8221; img_link_target=&#8221;_blank&#8221; link=&#8221;https:\/\/www.ikuchyne.sk\/eshop\/produkt\/zavesna-lampa-barracuda-152cm-recyklat\/&#8221;][vc_column_text]<\/p>\n<h2><span style=\"color: #e3245e;\"><b>Gril \u010di kozub<br \/>\n<\/b><\/span><\/h2>\n<p align=\"JUSTIFY\"><span style=\"font-family: Times New Roman, serif;\"><span style=\"font-size: medium;\">Nikto z n\u00e1s si pod\u013ea m\u0148a nevie predstavi\u0165 <strong>leto <\/strong>bez<strong> opeka\u010diek a oh\u0148a<\/strong>. Tu je proste cel\u00e9 skryt\u00e9 \u010daro, ka\u017edej rodinnej gril p\u00e1rty, posedenie alebo len tak\u00e9ho pokojn\u00e9ho posedenia pri ohni na pl\u00e1\u017ei, \u010di v z\u00e1hrade. Tak \u010di onak, nesmie to ch\u00fdba\u0165 veru nikde, najm\u00e4 ak ste seri\u00f3zny s letn\u00fdm okupovan\u00edm ter\u00e1s.<\/span><\/span><\/p>\n<p>[\/vc_column_text][vc_column_text]<\/p>\n<h2><span style=\"color: #e3245e;\"><b>S doplnkami nikdy ni\u010d nepokaz\u00edte<br \/>\n<\/b><\/span><\/h2>\n<p align=\"JUSTIFY\"><span style=\"font-family: Times New Roman, serif;\"><span style=\"font-size: medium;\">Doplnky skuto\u010dne uk\u00e1\u017eu, ak\u00fdm \u0161t\u00fdlom bude va\u0161a terasa \u017eiari\u0165. \u010ci minimalisticky alebo pre\u010da\u010dkane, tu pravidl\u00e1 neplatia. Lebo <strong>aj minimalistick\u00e1 terasa dok\u00e1\u017ee za\u017eiari\u0165,<\/strong> ak m\u00e1te kr\u00e1sne farebn\u00e9 vank\u00fa\u0161e, farebn\u00e9 lampy, \u010di zauj\u00edmav\u00e9 prestieranie. Tu plat\u00ed iba jedno pravidlo, a to hlavne tak\u00e9, aby ste sa c\u00edtili pr\u00edjemne a mali dobr\u00fa spolo\u010dnos\u0165. Z naj doplnkov, ktor\u00e9 sa oplat\u00ed naozaj ma\u0165, je pestr\u00e1 \u0161k\u00e1la vank\u00fa\u0161ov, farebn\u00e9 svie\u010dky, pr\u00edpadne n\u00e1stenn\u00e9 hodiny alebo zrkadlo. To s\u00fa veci, ktor\u00e9 daj\u00fa \u00faplne in\u00fd rozmer ka\u017edej terase. <\/span><\/span><\/p>\n<p>[\/vc_column_text][vc_single_image image=&#8221;153940&#8243; img_size=&#8221;large&#8221; add_caption=&#8221;yes&#8221; alignment=&#8221;center&#8221; style=&#8221;vc_box_rounded&#8221; onclick=&#8221;custom_link&#8221; img_link_target=&#8221;_blank&#8221; link=&#8221;https:\/\/www.ikuchyne.sk\/eshop\/produkt\/kvetinac-orient-set-3ks-strieborny\/&#8221;][vc_single_image image=&#8221;153942&#8243; img_size=&#8221;large&#8221; add_caption=&#8221;yes&#8221; alignment=&#8221;center&#8221; style=&#8221;vc_box_rounded&#8221; onclick=&#8221;custom_link&#8221; img_link_target=&#8221;_blank&#8221; link=&#8221;https:\/\/www.ikuchyne.sk\/eshop\/produkt\/vaza-oriental-set-2ks-zlata\/&#8221;][\/vc_column][\/vc_row][vc_row][vc_column][vc_column_text]<\/p>\n<h2><span style=\"color: #e3245e;\"><b>Uter\u00e1ky a z\u00e1kladn\u00e9 toaletn\u00e9 potreby<\/b><\/span><\/h2>\n<p align=\"LEFT\"><span style=\"font-family: Times New Roman, serif;\"><span style=\"font-size: medium;\">Toto boli rady, ktor\u00e9 v\u00e1m vy\u010daruj\u00fa leto presne tak\u00e9, aby ste sa c\u00edtli aj doma ako na dovolenke. Pre viac doplnkov, nav\u0161t\u00edvte na\u0161<strong> e-shop <\/strong><\/span><\/span><strong><a href=\"https:\/\/www.ikuchyne.sk\"><span style=\"color: #1155cc;\"><span style=\"font-family: Times New Roman, serif;\"><span style=\"font-size: medium;\"><u><span style=\"color: #e3245e;\">iKuchyne.sk<\/span><\/u><\/span><\/span><\/span><\/a><\/strong><span style=\"font-family: Times New Roman, serif;\"><span style=\"font-size: medium;\"> a vyberte si, \u010do potrebujete pre va\u0161u terasu. <\/span><\/span><\/p>\n<p>[\/vc_column_text][vc_message icon_fontawesome=&#8221;&#8221;]<b>TIP NA Z\u00c1VER: <\/b>Drevo, drevo, drevo. Ur\u010dite neo\u013eutujete, ke\u010f zainvestujete do dreven\u00fdch doplnkov, ako napr\u00edklad tieto n\u00e1dhern\u00e9 misky z naplaven\u00e9ho dreva z n\u00e1\u0161ho e-shopu.[\/vc_message][vc_single_image image=&#8221;153939&#8243; img_size=&#8221;large&#8221; add_caption=&#8221;yes&#8221; alignment=&#8221;center&#8221; style=&#8221;vc_box_rounded&#8221; onclick=&#8221;custom_link&#8221; img_link_target=&#8221;_blank&#8221; link=&#8221;https:\/\/www.ikuchyne.sk\/eshop\/produkt\/drevena-miska\/&#8221;][\/vc_column][\/vc_row]<\/p>\n","protected":false},"excerpt":{"rendered":"<p>[vc_row][vc_column][vc_column_text] Kone\u010dne je to tu! V\u00fdnimo\u010dne dlho o\u010dak\u00e1van\u00e9 leto, pri\u0161lo s\u00edce neskor\u0161ie, ale je to o to lep\u0161\u00ed pocit! Terasy kaviarn\u00ed, re\u0161taur\u00e1ci\u00ed a tie na\u0161e z\u00e1hradn\u00e9 terasy sa plnia dobrou<\/p>\n","protected":false},"author":581,"featured_media":153941,"comment_status":"closed","ping_status":"open","sticky":false,"template":"","format":"standard","meta":{"footnotes":""},"categories":[1008,1129],"tags":[],"yoast_head":"<!-- This site is optimized with the Yoast SEO plugin v22.1 - https:\/\/yoast.com\/wordpress\/plugins\/seo\/ -->\n<title>\u010co dominuje teras\u00e1m v roku 2021? &#187; iKuchyne iSHOP s n\u00e1bytkom<\/title>\n<meta name=\"robots\" content=\"index, follow, max-snippet:-1, max-image-preview:large, max-video-preview:-1\" \/>\n<link rel=\"canonical\" href=\"https:\/\/www.ikuchyne.sk\/eshop\/co-dominuje-terasam-v-roku-2021\/\" \/>\n<meta property=\"og:locale\" content=\"sk_SK\" \/>\n<meta property=\"og:type\" content=\"article\" \/>\n<meta property=\"og:title\" content=\"\u010co dominuje teras\u00e1m v roku 2021? &#187; iKuchyne iSHOP s n\u00e1bytkom\" \/>\n<meta property=\"og:description\" content=\"[vc_row][vc_column][vc_column_text] Kone\u010dne je to tu! V\u00fdnimo\u010dne dlho o\u010dak\u00e1van\u00e9 leto, pri\u0161lo s\u00edce neskor\u0161ie, ale je to o to lep\u0161\u00ed pocit! Terasy kaviarn\u00ed, re\u0161taur\u00e1ci\u00ed a tie na\u0161e z\u00e1hradn\u00e9 terasy sa plnia dobrou\" \/>\n<meta property=\"og:url\" content=\"https:\/\/www.ikuchyne.sk\/eshop\/co-dominuje-terasam-v-roku-2021\/\" \/>\n<meta property=\"og:site_name\" content=\"iKuchyne iSHOP s n\u00e1bytkom\" \/>\n<meta property=\"article:publisher\" content=\"https:\/\/www.facebook.com\/ikuchyne\/\" \/>\n<meta property=\"article:published_time\" content=\"2021-08-05T21:18:33+00:00\" \/>\n<meta property=\"article:modified_time\" content=\"2021-08-08T14:45:37+00:00\" \/>\n<meta property=\"og:image\" content=\"https:\/\/www.ikuchyne.sk\/eshop\/wp-content\/uploads\/2021\/08\/Untitled-1.jpg\" \/>\n\t<meta property=\"og:image:width\" content=\"564\" \/>\n\t<meta property=\"og:image:height\" content=\"486\" \/>\n\t<meta property=\"og:image:type\" content=\"image\/jpeg\" \/>\n<meta name=\"author\" content=\"Zuzana Dadej\" \/>\n<meta name=\"twitter:card\" content=\"summary_large_image\" \/>\n<meta name=\"twitter:label1\" content=\"Autor\" \/>\n\t<meta name=\"twitter:data1\" content=\"Zuzana Dadej\" \/>\n\t<meta name=\"twitter:label2\" content=\"Predpokladan\u00fd \u010das \u010d\u00edtania\" \/>\n\t<meta name=\"twitter:data2\" content=\"4 min\u00faty\" \/>\n<script type=\"application\/ld+json\" class=\"yoast-schema-graph\">{\"@context\":\"https:\/\/schema.org\",\"@graph\":[{\"@type\":\"Article\",\"@id\":\"https:\/\/www.ikuchyne.sk\/eshop\/co-dominuje-terasam-v-roku-2021\/#article\",\"isPartOf\":{\"@id\":\"https:\/\/www.ikuchyne.sk\/eshop\/co-dominuje-terasam-v-roku-2021\/\"},\"author\":{\"name\":\"Zuzana Dadej\",\"@id\":\"https:\/\/www.ikuchyne.sk\/eshop\/#\/schema\/person\/df8c0cd4df07a5a18ed50756ced8c294\"},\"headline\":\"\u010co dominuje teras\u00e1m v roku 2021?\",\"datePublished\":\"2021-08-05T21:18:33+00:00\",\"dateModified\":\"2021-08-08T14:45:37+00:00\",\"mainEntityOfPage\":{\"@id\":\"https:\/\/www.ikuchyne.sk\/eshop\/co-dominuje-terasam-v-roku-2021\/\"},\"wordCount\":1147,\"publisher\":{\"@id\":\"https:\/\/www.ikuchyne.sk\/eshop\/#organization\"},\"articleSection\":[\"IN\u0160PIR\u00c1CIE\",\"Produkty v realiz\u00e1ciach\"],\"inLanguage\":\"sk-SK\"},{\"@type\":\"WebPage\",\"@id\":\"https:\/\/www.ikuchyne.sk\/eshop\/co-dominuje-terasam-v-roku-2021\/\",\"url\":\"https:\/\/www.ikuchyne.sk\/eshop\/co-dominuje-terasam-v-roku-2021\/\",\"name\":\"\u010co dominuje teras\u00e1m v roku 2021? &#187; iKuchyne iSHOP s n\u00e1bytkom\",\"isPartOf\":{\"@id\":\"https:\/\/www.ikuchyne.sk\/eshop\/#website\"},\"datePublished\":\"2021-08-05T21:18:33+00:00\",\"dateModified\":\"2021-08-08T14:45:37+00:00\",\"breadcrumb\":{\"@id\":\"https:\/\/www.ikuchyne.sk\/eshop\/co-dominuje-terasam-v-roku-2021\/#breadcrumb\"},\"inLanguage\":\"sk-SK\",\"potentialAction\":[{\"@type\":\"ReadAction\",\"target\":[\"https:\/\/www.ikuchyne.sk\/eshop\/co-dominuje-terasam-v-roku-2021\/\"]}]},{\"@type\":\"BreadcrumbList\",\"@id\":\"https:\/\/www.ikuchyne.sk\/eshop\/co-dominuje-terasam-v-roku-2021\/#breadcrumb\",\"itemListElement\":[{\"@type\":\"ListItem\",\"position\":1,\"name\":\"Home\",\"item\":\"https:\/\/www.ikuchyne.sk\/eshop\/\"},{\"@type\":\"ListItem\",\"position\":2,\"name\":\"\u010co dominuje teras\u00e1m v roku 2021?\"}]},{\"@type\":\"WebSite\",\"@id\":\"https:\/\/www.ikuchyne.sk\/eshop\/#website\",\"url\":\"https:\/\/www.ikuchyne.sk\/eshop\/\",\"name\":\"iKuchyne iSHOP s n\u00e1bytkom\",\"description\":\"Jed\u00e1lensk\u00e9 stoly, stoli\u010dky, n\u00e1bytok, svietidl\u00e1...\",\"publisher\":{\"@id\":\"https:\/\/www.ikuchyne.sk\/eshop\/#organization\"},\"potentialAction\":[{\"@type\":\"SearchAction\",\"target\":{\"@type\":\"EntryPoint\",\"urlTemplate\":\"https:\/\/www.ikuchyne.sk\/eshop\/?s={search_term_string}\"},\"query-input\":\"required name=search_term_string\"}],\"inLanguage\":\"sk-SK\"},{\"@type\":\"Organization\",\"@id\":\"https:\/\/www.ikuchyne.sk\/eshop\/#organization\",\"name\":\"ikuchyne!\",\"url\":\"https:\/\/www.ikuchyne.sk\/eshop\/\",\"logo\":{\"@type\":\"ImageObject\",\"inLanguage\":\"sk-SK\",\"@id\":\"https:\/\/www.ikuchyne.sk\/eshop\/#\/schema\/logo\/image\/\",\"url\":\"https:\/\/www.ikuchyne.sk\/eshop\/wp-content\/uploads\/2017\/04\/ikuchyne-logo.jpg\",\"contentUrl\":\"https:\/\/www.ikuchyne.sk\/eshop\/wp-content\/uploads\/2017\/04\/ikuchyne-logo.jpg\",\"width\":200,\"height\":48,\"caption\":\"ikuchyne!\"},\"image\":{\"@id\":\"https:\/\/www.ikuchyne.sk\/eshop\/#\/schema\/logo\/image\/\"},\"sameAs\":[\"https:\/\/www.facebook.com\/ikuchyne\/\",\"https:\/\/www.instagram.com\/ikuchyne.sk\/\",\"https:\/\/sk.pinterest.com\/ikuchynesk\/\"]},{\"@type\":\"Person\",\"@id\":\"https:\/\/www.ikuchyne.sk\/eshop\/#\/schema\/person\/df8c0cd4df07a5a18ed50756ced8c294\",\"name\":\"Zuzana Dadej\",\"image\":{\"@type\":\"ImageObject\",\"inLanguage\":\"sk-SK\",\"@id\":\"https:\/\/www.ikuchyne.sk\/eshop\/#\/schema\/person\/image\/\",\"url\":\"https:\/\/www.ikuchyne.sk\/eshop\/wp-content\/plugins\/wp-user-avatar\/deprecated\/wp-user-avatar\/images\/wpua-96x96.png\",\"contentUrl\":\"https:\/\/www.ikuchyne.sk\/eshop\/wp-content\/plugins\/wp-user-avatar\/deprecated\/wp-user-avatar\/images\/wpua-96x96.png\",\"caption\":\"Zuzana Dadej\"},\"description\":\"Zuzku je \u0165a\u017ek\u00e9 zastihn\u00fa\u0165 na Slovensku. St\u00e1le lieta hore dole, ale v\u017edy sa rada vracia domov. Precestovala u\u017e Ameriku, \u00c1ziu, ale srdce je zostalo na Balk\u00e1ne. Zuzka vy\u0161tudovala marketing, miluje tancovanie a zmysel pre kr\u00e1sno vtl\u00e1\u010da do p\u00edsmenok na na\u0161om dizajn\u00e9rskom blogu.\",\"url\":\"https:\/\/www.ikuchyne.sk\/eshop\/author\/zuzana-dadej\/\"}]}<\/script>\n<!-- \/ Yoast SEO plugin. -->","yoast_head_json":{"title":"\u010co dominuje teras\u00e1m v roku 2021? &#187; iKuchyne iSHOP s n\u00e1bytkom","robots":{"index":"index","follow":"follow","max-snippet":"max-snippet:-1","max-image-preview":"max-image-preview:large","max-video-preview":"max-video-preview:-1"},"canonical":"https:\/\/www.ikuchyne.sk\/eshop\/co-dominuje-terasam-v-roku-2021\/","og_locale":"sk_SK","og_type":"article","og_title":"\u010co dominuje teras\u00e1m v roku 2021? &#187; iKuchyne iSHOP s n\u00e1bytkom","og_description":"[vc_row][vc_column][vc_column_text] Kone\u010dne je to tu! V\u00fdnimo\u010dne dlho o\u010dak\u00e1van\u00e9 leto, pri\u0161lo s\u00edce neskor\u0161ie, ale je to o to lep\u0161\u00ed pocit! Terasy kaviarn\u00ed, re\u0161taur\u00e1ci\u00ed a tie na\u0161e z\u00e1hradn\u00e9 terasy sa plnia dobrou","og_url":"https:\/\/www.ikuchyne.sk\/eshop\/co-dominuje-terasam-v-roku-2021\/","og_site_name":"iKuchyne iSHOP s n\u00e1bytkom","article_publisher":"https:\/\/www.facebook.com\/ikuchyne\/","article_published_time":"2021-08-05T21:18:33+00:00","article_modified_time":"2021-08-08T14:45:37+00:00","og_image":[{"width":564,"height":486,"url":"https:\/\/www.ikuchyne.sk\/eshop\/wp-content\/uploads\/2021\/08\/Untitled-1.jpg","type":"image\/jpeg"}],"author":"Zuzana Dadej","twitter_card":"summary_large_image","twitter_misc":{"Autor":"Zuzana Dadej","Predpokladan\u00fd \u010das \u010d\u00edtania":"4 min\u00faty"},"schema":{"@context":"https:\/\/schema.org","@graph":[{"@type":"Article","@id":"https:\/\/www.ikuchyne.sk\/eshop\/co-dominuje-terasam-v-roku-2021\/#article","isPartOf":{"@id":"https:\/\/www.ikuchyne.sk\/eshop\/co-dominuje-terasam-v-roku-2021\/"},"author":{"name":"Zuzana Dadej","@id":"https:\/\/www.ikuchyne.sk\/eshop\/#\/schema\/person\/df8c0cd4df07a5a18ed50756ced8c294"},"headline":"\u010co dominuje teras\u00e1m v roku 2021?","datePublished":"2021-08-05T21:18:33+00:00","dateModified":"2021-08-08T14:45:37+00:00","mainEntityOfPage":{"@id":"https:\/\/www.ikuchyne.sk\/eshop\/co-dominuje-terasam-v-roku-2021\/"},"wordCount":1147,"publisher":{"@id":"https:\/\/www.ikuchyne.sk\/eshop\/#organization"},"articleSection":["IN\u0160PIR\u00c1CIE","Produkty v realiz\u00e1ciach"],"inLanguage":"sk-SK"},{"@type":"WebPage","@id":"https:\/\/www.ikuchyne.sk\/eshop\/co-dominuje-terasam-v-roku-2021\/","url":"https:\/\/www.ikuchyne.sk\/eshop\/co-dominuje-terasam-v-roku-2021\/","name":"\u010co dominuje teras\u00e1m v roku 2021? &#187; iKuchyne iSHOP s n\u00e1bytkom","isPartOf":{"@id":"https:\/\/www.ikuchyne.sk\/eshop\/#website"},"datePublished":"2021-08-05T21:18:33+00:00","dateModified":"2021-08-08T14:45:37+00:00","breadcrumb":{"@id":"https:\/\/www.ikuchyne.sk\/eshop\/co-dominuje-terasam-v-roku-2021\/#breadcrumb"},"inLanguage":"sk-SK","potentialAction":[{"@type":"ReadAction","target":["https:\/\/www.ikuchyne.sk\/eshop\/co-dominuje-terasam-v-roku-2021\/"]}]},{"@type":"BreadcrumbList","@id":"https:\/\/www.ikuchyne.sk\/eshop\/co-dominuje-terasam-v-roku-2021\/#breadcrumb","itemListElement":[{"@type":"ListItem","position":1,"name":"Home","item":"https:\/\/www.ikuchyne.sk\/eshop\/"},{"@type":"ListItem","position":2,"name":"\u010co dominuje teras\u00e1m v roku 2021?"}]},{"@type":"WebSite","@id":"https:\/\/www.ikuchyne.sk\/eshop\/#website","url":"https:\/\/www.ikuchyne.sk\/eshop\/","name":"iKuchyne iSHOP s n\u00e1bytkom","description":"Jed\u00e1lensk\u00e9 stoly, stoli\u010dky, n\u00e1bytok, svietidl\u00e1...","publisher":{"@id":"https:\/\/www.ikuchyne.sk\/eshop\/#organization"},"potentialAction":[{"@type":"SearchAction","target":{"@type":"EntryPoint","urlTemplate":"https:\/\/www.ikuchyne.sk\/eshop\/?s={search_term_string}"},"query-input":"required name=search_term_string"}],"inLanguage":"sk-SK"},{"@type":"Organization","@id":"https:\/\/www.ikuchyne.sk\/eshop\/#organization","name":"ikuchyne!","url":"https:\/\/www.ikuchyne.sk\/eshop\/","logo":{"@type":"ImageObject","inLanguage":"sk-SK","@id":"https:\/\/www.ikuchyne.sk\/eshop\/#\/schema\/logo\/image\/","url":"https:\/\/www.ikuchyne.sk\/eshop\/wp-content\/uploads\/2017\/04\/ikuchyne-logo.jpg","contentUrl":"https:\/\/www.ikuchyne.sk\/eshop\/wp-content\/uploads\/2017\/04\/ikuchyne-logo.jpg","width":200,"height":48,"caption":"ikuchyne!"},"image":{"@id":"https:\/\/www.ikuchyne.sk\/eshop\/#\/schema\/logo\/image\/"},"sameAs":["https:\/\/www.facebook.com\/ikuchyne\/","https:\/\/www.instagram.com\/ikuchyne.sk\/","https:\/\/sk.pinterest.com\/ikuchynesk\/"]},{"@type":"Person","@id":"https:\/\/www.ikuchyne.sk\/eshop\/#\/schema\/person\/df8c0cd4df07a5a18ed50756ced8c294","name":"Zuzana Dadej","image":{"@type":"ImageObject","inLanguage":"sk-SK","@id":"https:\/\/www.ikuchyne.sk\/eshop\/#\/schema\/person\/image\/","url":"https:\/\/www.ikuchyne.sk\/eshop\/wp-content\/plugins\/wp-user-avatar\/deprecated\/wp-user-avatar\/images\/wpua-96x96.png","contentUrl":"https:\/\/www.ikuchyne.sk\/eshop\/wp-content\/plugins\/wp-user-avatar\/deprecated\/wp-user-avatar\/images\/wpua-96x96.png","caption":"Zuzana Dadej"},"description":"Zuzku je \u0165a\u017ek\u00e9 zastihn\u00fa\u0165 na Slovensku. St\u00e1le lieta hore dole, ale v\u017edy sa rada vracia domov. Precestovala u\u017e Ameriku, \u00c1ziu, ale srdce je zostalo na Balk\u00e1ne. Zuzka vy\u0161tudovala marketing, miluje tancovanie a zmysel pre kr\u00e1sno vtl\u00e1\u010da do p\u00edsmenok na na\u0161om dizajn\u00e9rskom blogu.","url":"https:\/\/www.ikuchyne.sk\/eshop\/author\/zuzana-dadej\/"}]}},"_links":{"self":[{"href":"https:\/\/www.ikuchyne.sk\/eshop\/wp-json\/wp\/v2\/posts\/153919"}],"collection":[{"href":"https:\/\/www.ikuchyne.sk\/eshop\/wp-json\/wp\/v2\/posts"}],"about":[{"href":"https:\/\/www.ikuchyne.sk\/eshop\/wp-json\/wp\/v2\/types\/post"}],"author":[{"embeddable":true,"href":"https:\/\/www.ikuchyne.sk\/eshop\/wp-json\/wp\/v2\/users\/581"}],"replies":[{"embeddable":true,"href":"https:\/\/www.ikuchyne.sk\/eshop\/wp-json\/wp\/v2\/comments?post=153919"}],"version-history":[{"count":2,"href":"https:\/\/www.ikuchyne.sk\/eshop\/wp-json\/wp\/v2\/posts\/153919\/revisions"}],"predecessor-version":[{"id":153944,"href":"https:\/\/www.ikuchyne.sk\/eshop\/wp-json\/wp\/v2\/posts\/153919\/revisions\/153944"}],"wp:featuredmedia":[{"embeddable":true,"href":"https:\/\/www.ikuchyne.sk\/eshop\/wp-json\/wp\/v2\/media\/153941"}],"wp:attachment":[{"href":"https:\/\/www.ikuchyne.sk\/eshop\/wp-json\/wp\/v2\/media?parent=153919"}],"wp:term":[{"taxonomy":"category","embeddable":true,"href":"https:\/\/www.ikuchyne.sk\/eshop\/wp-json\/wp\/v2\/categories?post=153919"},{"taxonomy":"post_tag","embeddable":true,"href":"https:\/\/www.ikuchyne.sk\/eshop\/wp-json\/wp\/v2\/tags?post=153919"}],"curies":[{"name":"wp","href":"https:\/\/api.w.org\/{rel}","templated":true}]}}