{"id":154367,"date":"2021-09-17T11:17:08","date_gmt":"2021-09-17T09:17:08","guid":{"rendered":"https:\/\/www.ikuchyne.sk\/eshop\/?p=154367"},"modified":"2021-09-17T11:17:08","modified_gmt":"2021-09-17T09:17:08","slug":"monochromaticky-interier-nesklame-klasikov","status":"publish","type":"post","link":"https:\/\/www.ikuchyne.sk\/eshop\/monochromaticky-interier-nesklame-klasikov\/","title":{"rendered":"Monochromatick\u00fd interi\u00e9r nesklame klasikov"},"content":{"rendered":"<p>[vc_row][vc_column][vc_column_text]Monochromatick\u00fd interi\u00e9r p\u00f4sob\u00ed skuto\u010dne nad\u010dasovo. M\u00f4\u017ee vyhovie\u0165 najm\u00e4 klasikom, ktor\u00ed si d\u00e1vaj\u00fa z\u00e1le\u017ea\u0165 na detailoch, ale aj n\u00e1ro\u010dnej\u0161\u00edm \u013eu\u010fom, ktor\u00ed radi stavia na eleganciu. <strong>Pou\u017eitie jednej farebnej palety p\u00f4sob\u00ed ve\u013emi uk\u013eud\u0148uj\u00faco a harmonizuje prostredie<\/strong>, najm\u00e4 v mal\u00fdch priestoroch, kde ve\u013ek\u00e1 farebn\u00e1 \u0161k\u00e1la m\u00f4\u017ee vyvola\u0165 ru\u0161iv\u00fd dojem.[\/vc_column_text][vc_single_image image=&#8221;154368&#8243; img_size=&#8221;large&#8221; add_caption=&#8221;yes&#8221; alignment=&#8221;center&#8221; style=&#8221;vc_box_rounded&#8221; onclick=&#8221;custom_link&#8221; img_link_target=&#8221;_blank&#8221; link=&#8221;https:\/\/sk.pinterest.com\/&#8221;][\/vc_column][\/vc_row][vc_row][vc_column][vc_column_text]<\/p>\n<h2><span style=\"color: #e3245e;\"><b>Monochromatick\u00fd interi\u00e9r s\u00fa\u010dasnosti<br \/>\n<\/b><\/span><\/h2>\n<p>Tento \u0161t\u00fdl je ve\u013emi popul\u00e1rny trend v interi\u00e9rovom dizajne. Pri danom \u0161t\u00fdle je nevyhnutn\u00fa riadi\u0165 sa jednou farebnou paletou, ktor\u00e1 vytv\u00e1ra ucelen\u00fd charakter miestnosti. Pou\u017eijete ju na zariadenie &#8211; podlahy, steny, n\u00e1bytok, aj najmen\u0161ie dekor\u00e1cie v miestnosti. Vrstvenie farieb so spolo\u010dn\u00fdm odtie\u0148om vytv\u00e1ra ohromuj\u00faci vzh\u013ead, z\u00e1rove\u0148 nie je n\u00e1ro\u010dn\u00fdm na realiz\u00e1ciu, aj pokia\u013e nie ste profesion\u00e1lnym dizajn\u00e9rom.[\/vc_column_text][vc_column_text]Jeden konkr\u00e9tny odtie\u0148 dominuje zariadeniu v interi\u00e9ri. Zv\u00e4\u010d\u0161a je farebn\u00e1 paleta sp\u00e1jan\u00e1 s neutr\u00e1lnymi kombin\u00e1cia farieb, a to s bielou, \u0161edou \u010di \u010diernou. Je be\u017en\u00e9, \u017ee <strong>pri monochromatickom \u0161t\u00fdle sa n\u00e1m vybavia miestnosti laden\u00e9 do neutr\u00e1lnych odtie\u0148ov<\/strong>, av\u0161ak nejde o nevyhnutnos\u0165. Pokia\u013e chcete interi\u00e9r viac o\u017eivi\u0165, m\u00f4\u017eete si zvoli\u0165 farebn\u00fd odtie\u0148. Monochromatick\u00fd interi\u00e9r m\u00f4\u017ee ma\u0165 aj tak\u00fato podobu.<\/p>\n<p>Miestnos\u0165 m\u00f4\u017ee by\u0165 zladen\u00e1 napr\u00edklad do zelenej farby, ktor\u00e1 vyvol\u00e1va dojem, ako by ste sa ocitli na lesnej cesti\u010dke. N\u00e1jdete ju na ka\u017edom centimetri, od z\u00e1clon po podlahy, a tie\u017e najmen\u0161ie detaily.[\/vc_column_text][\/vc_column][\/vc_row][vc_row][vc_column][vc_single_image image=&#8221;154369&#8243; img_size=&#8221;large&#8221; add_caption=&#8221;yes&#8221; alignment=&#8221;center&#8221; style=&#8221;vc_box_rounded&#8221; onclick=&#8221;custom_link&#8221; img_link_target=&#8221;_blank&#8221; link=&#8221;https:\/\/sk.pinterest.com\/&#8221;][vc_column_text]D\u00f4le\u017eit\u00e9 je poveda\u0165, \u017ee<strong> monochromatick\u00fd \u0161t\u00fdl sa nevylu\u010duje s ostatn\u00fdmi<\/strong>. M\u00f4\u017ee inklinova\u0165 a jednoducho prech\u00e1dza\u0165 k modern\u00e9mu vzh\u013ead \u010di boho \u0161t\u00fdlu. Aj jednoduch\u00e1 farba akou je biela, m\u00f4\u017ee evokova\u0165 ur\u010dit\u00fd \u0161t\u00fdl ve\u013emi pr\u00edzna\u010dne.[\/vc_column_text][vc_single_image image=&#8221;154370&#8243; img_size=&#8221;large&#8221; add_caption=&#8221;yes&#8221; alignment=&#8221;center&#8221; style=&#8221;vc_box_rounded&#8221; onclick=&#8221;custom_link&#8221; img_link_target=&#8221;_blank&#8221; link=&#8221;https:\/\/sk.pinterest.com\/&#8221;][vc_column_text]<strong>Zariadi\u0165 priestor v kombin\u00e1ci\u00ed \u010diernej a bielej farby je istou formou klasiky v monochromatickom \u0161t\u00fdle<\/strong>, ktor\u00fd bol dlh\u00e9 desa\u0165ro\u010dia ve\u013emi \u017eiadan\u00fd. Biele steny navodia dojem v\u00e4\u010d\u0161\u00edch izieb a tmav\u00fd n\u00e1bytok interi\u00e9r obohat\u00ed o eleganciu.<\/p>\n<p>Zladenie sp\u00e1lne do siv\u00e9ho odtie\u0148u m\u00f4\u017ee by\u0165 ve\u013emi pr\u00edjemn\u00e9 najm\u00e4 v mu\u017eskom interi\u00e9ri.V s\u00fa\u010dasnosti s\u00fa v popred\u00ed jemnej\u0161ie varianty, kedy sa hr\u00e1 s farebnou sch\u00e9mou. T\u00e1to forma m\u00f4\u017ee by\u0165 ve\u013emi prijate\u013en\u00e1 a jemn\u00e1, nevyn\u00edmaj\u00fac jej ob\u013e\u00fabenos\u0165.[\/vc_column_text][vc_column_text]<\/p>\n<h2><span style=\"color: #e3245e;\"><b>Ako zariadi\u0165 monochromatick\u00fd interi\u00e9r?<br \/>\n<\/b><\/span><\/h2>\n<ul>\n<li><strong>Za\u010dnite v malom<\/strong><\/li>\n<\/ul>\n<p>Monochromatick\u00fd \u0161t\u00fdl m\u00f4\u017eete vnies\u0165 do v\u00e1\u0161ho pr\u00edbytku postupne. Za\u010dnite \u00fapravou jednej miestnosti, \u010d\u00edm si uvedom\u00edte, ako na v\u00e1s dan\u00fd \u0161t\u00fdl p\u00f4sob\u00ed a rozhodnete sa, \u010di \u010falej pokra\u010dova\u0165 so zaveden\u00edm \u0161t\u00fdlu do cel\u00e9ho pr\u00edbytku. Zv\u00e4\u010d\u0161a je praktick\u00e9 a jednoduch\u00e9 za\u010da\u0165 s \u00fapravou k\u00fape\u013ene, kde m\u00f4\u017eete pou\u017ei\u0165 vami zvolen\u00fa paletu farieb a aplikova\u0165 ju na najmen\u0161ie detaily \u00fa\u010dinne a r\u00fdchlo.<\/p>\n<ul>\n<li><strong>S\u00fa povolen\u00e9 vzory?<\/strong><\/li>\n<\/ul>\n<p>Vzory m\u00f4\u017eu vnies\u0165 do monochromatick\u00e9ho pr\u00edbytku celkom zauj\u00edmav\u00fd dramatick\u00fd prvok, av\u0161ak mus\u00edte ich pou\u017ei\u0165 rozumne, aby ste nepre\u0161li do in\u00e9ho \u0161t\u00fdlu.<\/p>\n<ul>\n<li><strong>Dbajte na detaily<\/strong><\/li>\n<\/ul>\n<p>Aj najmen\u0161ie detaily musia by\u0165 zladen\u00e9 do vami vybranej farby. Samozrejme, s\u00fa tu povolen\u00e9 ist\u00e9 kontrasty, av\u0161ak v\u0161etko mus\u00ed spolu harmonizova\u0165, preto je d\u00f4le\u017eit\u00e9 zladi\u0165 aj v\u00e1zu na stol\u00edku \u010di obraz na stene.<\/p>\n<ul>\n<li><strong>Tvar a materi\u00e1l<\/strong><\/li>\n<\/ul>\n<p>Aby ste sa vyhli pr\u00edli\u0161nej neutralite, ktor\u00e1 sa m\u00f4\u017ee javi\u0165 miestami a\u017e jednotv\u00e1rna, <strong>pou\u017e\u00edvajte r\u00f4zne tvary a materi\u00e1ly, ktor\u00e9 v\u00e1m pom\u00f4\u017eu efekt\u00edvne ozvl\u00e1\u0161tni\u0165 jednotn\u00fa paletu.<\/strong> Stavte na n\u00e1bytok, ktor\u00fd vynikne alebo ist\u00fa dekor\u00e1ciu, ktor\u00e1 zaujme. Rozdiely v text\u00fare a materi\u00e1loch s\u00fa potrebn\u00e9 na to, aby vzbudili z\u00e1ujem o priestor a vyrovnali nedostatok kontrastu v odtie\u0148och. Rozli\u010dn\u00e9 text\u00fary aj pri rovnakom odtieni vynikn\u00fa odli\u0161ne.\u00a0 Na druhej strane m\u00f4\u017ee kombin\u00e1cia niektor\u00fdch farieb p\u00f4sobi\u0165 pr\u00edsne, av\u0161ak napr\u00edklad dreven\u00e1 podlaha \u010di n\u00e1bytok, vedia zmierni\u0165 pr\u00e1ve tento tlak a dod\u00e1vaj\u00fa teplo do prvotne chladnej kombin\u00e1cie.[\/vc_column_text][vc_message icon_fontawesome=&#8221;&#8221;]<b>Rada odborn\u00edka:\u00a0<\/b>Miestnosti v monochromatickom \u0161t\u00fdle p\u00f4sobia harmonizuj\u00faco a jednotne, nem\u00f4\u017eete ich preto naru\u0161i\u0165 v\u00fdrazn\u00fdmi vzormi.[\/vc_message][vc_single_image image=&#8221;154371&#8243; img_size=&#8221;large&#8221; add_caption=&#8221;yes&#8221; alignment=&#8221;center&#8221; style=&#8221;vc_box_rounded&#8221; onclick=&#8221;custom_link&#8221; img_link_target=&#8221;_blank&#8221; link=&#8221;https:\/\/sk.pinterest.com\/&#8221;][vc_column_text]V monochromatickom \u0161t\u00fdle nejde vyslovene o kombin\u00e1ciu \u010diernej a bielej farby. Ide o pou\u017eitie jednotnej palety, teda formovanie priestoru jednotnou farbou v rozhran\u00ed jej variability. M\u00f4\u017eete si zvoli\u0165 napr\u00edklad bielu, ktor\u00e1 ve\u013emi plynulo prech\u00e1dza do kr\u00e9mov\u00fdch odtie\u0148ov.<\/p>\n<p>Chladn\u00e9 farby nemusia v\u00f4bec znamena\u0165 v\u00fdsledn\u00fd vzh\u013ead. Ako sa tomu vyhn\u00fa\u0165? <strong>Jednoducho kombinujte odtiene, text\u00fary a materi\u00e1ly<\/strong>. Pokia\u013e chcete sk\u00fasi\u0165 nie\u010do odv\u00e1\u017enej\u0161ie,\u00a0 akou je napr\u00edklad \u010derven\u00e1 farba, je d\u00f4le\u017eit\u00e9 neprehna\u0165 to, ke\u010f\u017ee farba vie by\u0165 sama ve\u013emi v\u00fdrazn\u00e1 a dr\u00e1\u017ediv\u00e1.[\/vc_column_text][vc_message message_box_color=&#8221;alert-success&#8221; icon_fontawesome=&#8221;&#8221;]<b>VEDELI STE, \u017dE:\u00a0<\/b>Zasnen\u00fd a estetick\u00fd vzh\u013ead miestnosti dosiahnete \u0161edou farbou, ktor\u00e1 je laden\u00e1 do modrej. Pou\u017eite ju na podlahy, poste\u013en\u00fa bielize\u0148, vank\u00fa\u0161e. Modrosiv\u00fd odtie\u0148 evokuje pohodlie a odpo\u010dinok.[\/vc_message][vc_column_text]<\/p>\n<h2><span style=\"color: #e3245e;\"><b>Pozor na extr\u00e9my!<br \/>\n<\/b><\/span><\/h2>\n<p><span style=\"color: #000000;\">Mohli by by\u0165 m\u00e4t\u00face. Ak chcete zladi\u0165 napr\u00edklad hor\u010dicov\u00fa farbu, pridajte jemne hned\u00fa a bledo\u017elt\u00fa. Jemne ru\u017eov\u00e1 a b\u00e9\u017eov\u00e1 s\u00fa skvelou kombin\u00e1ciou, ktor\u00e1 kr\u00e1sne vynikne. Kombinovanie ne\u00f3nov\u00fdch farieb m\u00f4\u017ee by\u0165 zastra\u0161uj\u00face.<\/span>[\/vc_column_text][vc_single_image image=&#8221;154372&#8243; img_size=&#8221;large&#8221; add_caption=&#8221;yes&#8221; alignment=&#8221;center&#8221; style=&#8221;vc_box_rounded&#8221; onclick=&#8221;custom_link&#8221; img_link_target=&#8221;_blank&#8221; link=&#8221;https:\/\/sk.pinterest.com\/&#8221;][vc_column_text]<\/p>\n<h2><span style=\"color: #e3245e;\"><b>Pre\u010d s nudou v\u010faka monochr\u00f3mu<br \/>\n<\/b><\/span><\/h2>\n<p><strong>Monochromatick\u00fd interi\u00e9r nemus\u00ed by\u0165 v\u00f4bec nudn\u00fd, naopak v\u00e1s m\u00f4\u017ee prekvapi\u0165 svojou originalitou a modern\u00fdm vzh\u013eadom.<\/strong> Priestor, v ktorom dan\u00fd \u0161t\u00fdl aplikujete scel\u00ed a vytvor\u00ed uhladen\u00fd vzh\u013ead. Navy\u0161e bude miestnos\u0165 p\u00f4sobi\u0165 ve\u013emi \u010disto, ke\u010f\u017ee budete vybera\u0165 len predmety v toto\u017enej farbe, \u010d\u00edm sa vyhnete hromadeniu zbyto\u010dnost\u00ed.<\/p>\n<p><strong>Pre za\u010d\u00ednaj\u00facich dizajn\u00e9rov sa m\u00f4\u017ee javi\u0165 sk\u013abenie farieb ako n\u00e1ro\u010dn\u00e1 \u00faloha.<\/strong> Do \u00favahy je nutn\u00e9 bra\u0165 nieko\u013eko komponentov, ktor\u00e9 proces s\u0165a\u017euj\u00fa. V tomto pr\u00edpade je dobr\u00e9 zvoli\u0165 si klasick\u00fa kombin\u00e1ciu bielej a \u010diernej farby, ktor\u00e9 \u013eahko zlad\u00edte. <strong>Ak sa rozhodnete pre jednu farbu, d\u00e1vajte si pozor, aby ste sa vyhli spl\u00fdvaniu, preto\u017ee farby maj\u00fa tendenciu prel\u00edna\u0165 sa.<\/strong> Rozbijete to pr\u00e1ve inou text\u00farou \u010di materi\u00e1lom.[\/vc_column_text][vc_single_image image=&#8221;154373&#8243; img_size=&#8221;large&#8221; add_caption=&#8221;yes&#8221; alignment=&#8221;center&#8221; style=&#8221;vc_box_rounded&#8221; onclick=&#8221;custom_link&#8221; img_link_target=&#8221;_blank&#8221; link=&#8221;https:\/\/sk.pinterest.com\/&#8221;][\/vc_column][\/vc_row][vc_row][vc_column][vc_message icon_fontawesome=&#8221;&#8221;]<b>TIP NA Z\u00c1VER:\u00a0<\/b>Pokia\u013e m\u00e1te ist\u00e9 obavy z monochromatick\u00e9ho \u0161t\u00fdlu, ale napriek tomu ho chcete aplikova\u0165, zvo\u013ete si ako z\u00e1klad va\u0161u ob\u013e\u00faben\u00fa farbu a n\u00e1sledne za\u010dnite s aplikovan\u00edm najsvetlej\u0161ieho odtie\u0148a v spektre danej farby v jednej miestnosti. Po dokon\u010den\u00ed uvid\u00edte, ako na v\u00e1s dan\u00fd \u0161t\u00fdl p\u00f4sob\u00ed, a m\u00f4\u017eete sa rozhodn\u00fa\u0165, \u010di dan\u00fd \u0161t\u00fdl pou\u017eijete v celom dome.[\/vc_message][\/vc_column][\/vc_row]<\/p>\n","protected":false},"excerpt":{"rendered":"<p>[vc_row][vc_column][vc_column_text]Monochromatick\u00fd interi\u00e9r p\u00f4sob\u00ed skuto\u010dne nad\u010dasovo. M\u00f4\u017ee vyhovie\u0165 najm\u00e4 klasikom, ktor\u00ed si d\u00e1vaj\u00fa z\u00e1le\u017ea\u0165 na detailoch, ale aj n\u00e1ro\u010dnej\u0161\u00edm \u013eu\u010fom, ktor\u00ed radi stavia na eleganciu. Pou\u017eitie jednej farebnej palety p\u00f4sob\u00ed ve\u013emi<\/p>\n","protected":false},"author":542,"featured_media":154374,"comment_status":"closed","ping_status":"open","sticky":false,"template":"","format":"standard","meta":{"footnotes":""},"categories":[1008],"tags":[],"yoast_head":"<!-- This site is optimized with the Yoast SEO plugin v22.1 - https:\/\/yoast.com\/wordpress\/plugins\/seo\/ -->\n<title>Monochromatick\u00fd interi\u00e9r, ktor\u00fd nesklame. &#187; iKuchyne iSHOP s n\u00e1bytkom<\/title>\n<meta name=\"description\" content=\"Monochromatick\u00fd interi\u00e9r p\u00f4sob\u00ed skuto\u010dne nad\u010dasovo. M\u00f4\u017ee vyhovie\u0165 najm\u00e4 klasikom, ktor\u00ed si d\u00e1vaj\u00fa z\u00e1le\u017ea\u0165 na detailoch, ale aj n\u00e1ro\u010dnej\u0161\u00edm \u013eu\u010fom, ktor\u00ed radi stavia na eleganciu.\" \/>\n<meta name=\"robots\" content=\"index, follow, max-snippet:-1, max-image-preview:large, max-video-preview:-1\" \/>\n<link rel=\"canonical\" href=\"https:\/\/www.ikuchyne.sk\/eshop\/monochromaticky-interier-nesklame-klasikov\/\" \/>\n<meta property=\"og:locale\" content=\"sk_SK\" \/>\n<meta property=\"og:type\" content=\"article\" \/>\n<meta property=\"og:title\" content=\"Monochromatick\u00fd interi\u00e9r, ktor\u00fd nesklame. &#187; iKuchyne iSHOP s n\u00e1bytkom\" \/>\n<meta property=\"og:description\" content=\"Monochromatick\u00fd interi\u00e9r p\u00f4sob\u00ed skuto\u010dne nad\u010dasovo. M\u00f4\u017ee vyhovie\u0165 najm\u00e4 klasikom, ktor\u00ed si d\u00e1vaj\u00fa z\u00e1le\u017ea\u0165 na detailoch, ale aj n\u00e1ro\u010dnej\u0161\u00edm \u013eu\u010fom, ktor\u00ed radi stavia na eleganciu.\" \/>\n<meta property=\"og:url\" content=\"https:\/\/www.ikuchyne.sk\/eshop\/monochromaticky-interier-nesklame-klasikov\/\" \/>\n<meta property=\"og:site_name\" content=\"iKuchyne iSHOP s n\u00e1bytkom\" \/>\n<meta property=\"article:publisher\" content=\"https:\/\/www.facebook.com\/ikuchyne\/\" \/>\n<meta property=\"article:published_time\" content=\"2021-09-17T09:17:08+00:00\" \/>\n<meta property=\"og:image\" content=\"https:\/\/www.ikuchyne.sk\/eshop\/wp-content\/uploads\/2021\/09\/titulka-1.jpg\" \/>\n\t<meta property=\"og:image:width\" content=\"564\" \/>\n\t<meta property=\"og:image:height\" content=\"438\" \/>\n\t<meta property=\"og:image:type\" content=\"image\/jpeg\" \/>\n<meta name=\"author\" content=\"Dominika Je\u017eov\u00e1\" \/>\n<meta name=\"twitter:card\" content=\"summary_large_image\" \/>\n<meta name=\"twitter:label1\" content=\"Autor\" \/>\n\t<meta name=\"twitter:data1\" content=\"Dominika Je\u017eov\u00e1\" \/>\n\t<meta name=\"twitter:label2\" content=\"Predpokladan\u00fd \u010das \u010d\u00edtania\" \/>\n\t<meta name=\"twitter:data2\" content=\"4 min\u00faty\" \/>\n<script type=\"application\/ld+json\" class=\"yoast-schema-graph\">{\"@context\":\"https:\/\/schema.org\",\"@graph\":[{\"@type\":\"Article\",\"@id\":\"https:\/\/www.ikuchyne.sk\/eshop\/monochromaticky-interier-nesklame-klasikov\/#article\",\"isPartOf\":{\"@id\":\"https:\/\/www.ikuchyne.sk\/eshop\/monochromaticky-interier-nesklame-klasikov\/\"},\"author\":{\"name\":\"Dominika Je\u017eov\u00e1\",\"@id\":\"https:\/\/www.ikuchyne.sk\/eshop\/#\/schema\/person\/56047abd021752f4d6c0f36da2a037f7\"},\"headline\":\"Monochromatick\u00fd interi\u00e9r nesklame klasikov\",\"datePublished\":\"2021-09-17T09:17:08+00:00\",\"dateModified\":\"2021-09-17T09:17:08+00:00\",\"mainEntityOfPage\":{\"@id\":\"https:\/\/www.ikuchyne.sk\/eshop\/monochromaticky-interier-nesklame-klasikov\/\"},\"wordCount\":1426,\"publisher\":{\"@id\":\"https:\/\/www.ikuchyne.sk\/eshop\/#organization\"},\"articleSection\":[\"IN\u0160PIR\u00c1CIE\"],\"inLanguage\":\"sk-SK\"},{\"@type\":\"WebPage\",\"@id\":\"https:\/\/www.ikuchyne.sk\/eshop\/monochromaticky-interier-nesklame-klasikov\/\",\"url\":\"https:\/\/www.ikuchyne.sk\/eshop\/monochromaticky-interier-nesklame-klasikov\/\",\"name\":\"Monochromatick\u00fd interi\u00e9r, ktor\u00fd nesklame. &#187; iKuchyne iSHOP s n\u00e1bytkom\",\"isPartOf\":{\"@id\":\"https:\/\/www.ikuchyne.sk\/eshop\/#website\"},\"datePublished\":\"2021-09-17T09:17:08+00:00\",\"dateModified\":\"2021-09-17T09:17:08+00:00\",\"description\":\"Monochromatick\u00fd interi\u00e9r p\u00f4sob\u00ed skuto\u010dne nad\u010dasovo. M\u00f4\u017ee vyhovie\u0165 najm\u00e4 klasikom, ktor\u00ed si d\u00e1vaj\u00fa z\u00e1le\u017ea\u0165 na detailoch, ale aj n\u00e1ro\u010dnej\u0161\u00edm \u013eu\u010fom, ktor\u00ed radi stavia na eleganciu.\",\"breadcrumb\":{\"@id\":\"https:\/\/www.ikuchyne.sk\/eshop\/monochromaticky-interier-nesklame-klasikov\/#breadcrumb\"},\"inLanguage\":\"sk-SK\",\"potentialAction\":[{\"@type\":\"ReadAction\",\"target\":[\"https:\/\/www.ikuchyne.sk\/eshop\/monochromaticky-interier-nesklame-klasikov\/\"]}]},{\"@type\":\"BreadcrumbList\",\"@id\":\"https:\/\/www.ikuchyne.sk\/eshop\/monochromaticky-interier-nesklame-klasikov\/#breadcrumb\",\"itemListElement\":[{\"@type\":\"ListItem\",\"position\":1,\"name\":\"Home\",\"item\":\"https:\/\/www.ikuchyne.sk\/eshop\/\"},{\"@type\":\"ListItem\",\"position\":2,\"name\":\"Monochromatick\u00fd interi\u00e9r nesklame klasikov\"}]},{\"@type\":\"WebSite\",\"@id\":\"https:\/\/www.ikuchyne.sk\/eshop\/#website\",\"url\":\"https:\/\/www.ikuchyne.sk\/eshop\/\",\"name\":\"iKuchyne iSHOP s n\u00e1bytkom\",\"description\":\"Jed\u00e1lensk\u00e9 stoly, stoli\u010dky, n\u00e1bytok, svietidl\u00e1...\",\"publisher\":{\"@id\":\"https:\/\/www.ikuchyne.sk\/eshop\/#organization\"},\"potentialAction\":[{\"@type\":\"SearchAction\",\"target\":{\"@type\":\"EntryPoint\",\"urlTemplate\":\"https:\/\/www.ikuchyne.sk\/eshop\/?s={search_term_string}\"},\"query-input\":\"required name=search_term_string\"}],\"inLanguage\":\"sk-SK\"},{\"@type\":\"Organization\",\"@id\":\"https:\/\/www.ikuchyne.sk\/eshop\/#organization\",\"name\":\"ikuchyne!\",\"url\":\"https:\/\/www.ikuchyne.sk\/eshop\/\",\"logo\":{\"@type\":\"ImageObject\",\"inLanguage\":\"sk-SK\",\"@id\":\"https:\/\/www.ikuchyne.sk\/eshop\/#\/schema\/logo\/image\/\",\"url\":\"https:\/\/www.ikuchyne.sk\/eshop\/wp-content\/uploads\/2017\/04\/ikuchyne-logo.jpg\",\"contentUrl\":\"https:\/\/www.ikuchyne.sk\/eshop\/wp-content\/uploads\/2017\/04\/ikuchyne-logo.jpg\",\"width\":200,\"height\":48,\"caption\":\"ikuchyne!\"},\"image\":{\"@id\":\"https:\/\/www.ikuchyne.sk\/eshop\/#\/schema\/logo\/image\/\"},\"sameAs\":[\"https:\/\/www.facebook.com\/ikuchyne\/\",\"https:\/\/www.instagram.com\/ikuchyne.sk\/\",\"https:\/\/sk.pinterest.com\/ikuchynesk\/\"]},{\"@type\":\"Person\",\"@id\":\"https:\/\/www.ikuchyne.sk\/eshop\/#\/schema\/person\/56047abd021752f4d6c0f36da2a037f7\",\"name\":\"Dominika Je\u017eov\u00e1\",\"image\":{\"@type\":\"ImageObject\",\"inLanguage\":\"sk-SK\",\"@id\":\"https:\/\/www.ikuchyne.sk\/eshop\/#\/schema\/person\/image\/\",\"url\":\"https:\/\/secure.gravatar.com\/avatar\/a393580c96618c62d212af22f2a39b60?s=96&d=wp_user_avatar&r=g\",\"contentUrl\":\"https:\/\/secure.gravatar.com\/avatar\/a393580c96618c62d212af22f2a39b60?s=96&d=wp_user_avatar&r=g\",\"caption\":\"Dominika Je\u017eov\u00e1\"},\"description\":\"Dominika je \u0161tudentkou masmedi\u00e1lnej komunik\u00e1cie na magisterskom stupni. Popri \u0161t\u00fadiu sa venuje p\u00edsaniu, a\u00a0to i\u00a0formou \u010dl\u00e1nkov, ktor\u00e9 publikuje vo vysoko\u0161kolskom \u010dasopise. Je milovn\u00ed\u010dkou k\u00e1vy a v\u00a0prostred\u00ed kaviarn\u00ed rada tvor\u00ed. Copywriting ju oslovil u\u017e v\u00a0za\u010diatkoch \u0161t\u00fadia a\u00a0vid\u00ed v\u00a0\u0148om ve\u013ek\u00fa perspekt\u00edvu aj do bud\u00facnosti.\",\"url\":\"https:\/\/www.ikuchyne.sk\/eshop\/author\/dominika-jezova\/\"}]}<\/script>\n<!-- \/ Yoast SEO plugin. -->","yoast_head_json":{"title":"Monochromatick\u00fd interi\u00e9r, ktor\u00fd nesklame. &#187; iKuchyne iSHOP s n\u00e1bytkom","description":"Monochromatick\u00fd interi\u00e9r p\u00f4sob\u00ed skuto\u010dne nad\u010dasovo. M\u00f4\u017ee vyhovie\u0165 najm\u00e4 klasikom, ktor\u00ed si d\u00e1vaj\u00fa z\u00e1le\u017ea\u0165 na detailoch, ale aj n\u00e1ro\u010dnej\u0161\u00edm \u013eu\u010fom, ktor\u00ed radi stavia na eleganciu.","robots":{"index":"index","follow":"follow","max-snippet":"max-snippet:-1","max-image-preview":"max-image-preview:large","max-video-preview":"max-video-preview:-1"},"canonical":"https:\/\/www.ikuchyne.sk\/eshop\/monochromaticky-interier-nesklame-klasikov\/","og_locale":"sk_SK","og_type":"article","og_title":"Monochromatick\u00fd interi\u00e9r, ktor\u00fd nesklame. &#187; iKuchyne iSHOP s n\u00e1bytkom","og_description":"Monochromatick\u00fd interi\u00e9r p\u00f4sob\u00ed skuto\u010dne nad\u010dasovo. M\u00f4\u017ee vyhovie\u0165 najm\u00e4 klasikom, ktor\u00ed si d\u00e1vaj\u00fa z\u00e1le\u017ea\u0165 na detailoch, ale aj n\u00e1ro\u010dnej\u0161\u00edm \u013eu\u010fom, ktor\u00ed radi stavia na eleganciu.","og_url":"https:\/\/www.ikuchyne.sk\/eshop\/monochromaticky-interier-nesklame-klasikov\/","og_site_name":"iKuchyne iSHOP s n\u00e1bytkom","article_publisher":"https:\/\/www.facebook.com\/ikuchyne\/","article_published_time":"2021-09-17T09:17:08+00:00","og_image":[{"width":564,"height":438,"url":"https:\/\/www.ikuchyne.sk\/eshop\/wp-content\/uploads\/2021\/09\/titulka-1.jpg","type":"image\/jpeg"}],"author":"Dominika Je\u017eov\u00e1","twitter_card":"summary_large_image","twitter_misc":{"Autor":"Dominika Je\u017eov\u00e1","Predpokladan\u00fd \u010das \u010d\u00edtania":"4 min\u00faty"},"schema":{"@context":"https:\/\/schema.org","@graph":[{"@type":"Article","@id":"https:\/\/www.ikuchyne.sk\/eshop\/monochromaticky-interier-nesklame-klasikov\/#article","isPartOf":{"@id":"https:\/\/www.ikuchyne.sk\/eshop\/monochromaticky-interier-nesklame-klasikov\/"},"author":{"name":"Dominika Je\u017eov\u00e1","@id":"https:\/\/www.ikuchyne.sk\/eshop\/#\/schema\/person\/56047abd021752f4d6c0f36da2a037f7"},"headline":"Monochromatick\u00fd interi\u00e9r nesklame klasikov","datePublished":"2021-09-17T09:17:08+00:00","dateModified":"2021-09-17T09:17:08+00:00","mainEntityOfPage":{"@id":"https:\/\/www.ikuchyne.sk\/eshop\/monochromaticky-interier-nesklame-klasikov\/"},"wordCount":1426,"publisher":{"@id":"https:\/\/www.ikuchyne.sk\/eshop\/#organization"},"articleSection":["IN\u0160PIR\u00c1CIE"],"inLanguage":"sk-SK"},{"@type":"WebPage","@id":"https:\/\/www.ikuchyne.sk\/eshop\/monochromaticky-interier-nesklame-klasikov\/","url":"https:\/\/www.ikuchyne.sk\/eshop\/monochromaticky-interier-nesklame-klasikov\/","name":"Monochromatick\u00fd interi\u00e9r, ktor\u00fd nesklame. &#187; iKuchyne iSHOP s n\u00e1bytkom","isPartOf":{"@id":"https:\/\/www.ikuchyne.sk\/eshop\/#website"},"datePublished":"2021-09-17T09:17:08+00:00","dateModified":"2021-09-17T09:17:08+00:00","description":"Monochromatick\u00fd interi\u00e9r p\u00f4sob\u00ed skuto\u010dne nad\u010dasovo. M\u00f4\u017ee vyhovie\u0165 najm\u00e4 klasikom, ktor\u00ed si d\u00e1vaj\u00fa z\u00e1le\u017ea\u0165 na detailoch, ale aj n\u00e1ro\u010dnej\u0161\u00edm \u013eu\u010fom, ktor\u00ed radi stavia na eleganciu.","breadcrumb":{"@id":"https:\/\/www.ikuchyne.sk\/eshop\/monochromaticky-interier-nesklame-klasikov\/#breadcrumb"},"inLanguage":"sk-SK","potentialAction":[{"@type":"ReadAction","target":["https:\/\/www.ikuchyne.sk\/eshop\/monochromaticky-interier-nesklame-klasikov\/"]}]},{"@type":"BreadcrumbList","@id":"https:\/\/www.ikuchyne.sk\/eshop\/monochromaticky-interier-nesklame-klasikov\/#breadcrumb","itemListElement":[{"@type":"ListItem","position":1,"name":"Home","item":"https:\/\/www.ikuchyne.sk\/eshop\/"},{"@type":"ListItem","position":2,"name":"Monochromatick\u00fd interi\u00e9r nesklame klasikov"}]},{"@type":"WebSite","@id":"https:\/\/www.ikuchyne.sk\/eshop\/#website","url":"https:\/\/www.ikuchyne.sk\/eshop\/","name":"iKuchyne iSHOP s n\u00e1bytkom","description":"Jed\u00e1lensk\u00e9 stoly, stoli\u010dky, n\u00e1bytok, svietidl\u00e1...","publisher":{"@id":"https:\/\/www.ikuchyne.sk\/eshop\/#organization"},"potentialAction":[{"@type":"SearchAction","target":{"@type":"EntryPoint","urlTemplate":"https:\/\/www.ikuchyne.sk\/eshop\/?s={search_term_string}"},"query-input":"required name=search_term_string"}],"inLanguage":"sk-SK"},{"@type":"Organization","@id":"https:\/\/www.ikuchyne.sk\/eshop\/#organization","name":"ikuchyne!","url":"https:\/\/www.ikuchyne.sk\/eshop\/","logo":{"@type":"ImageObject","inLanguage":"sk-SK","@id":"https:\/\/www.ikuchyne.sk\/eshop\/#\/schema\/logo\/image\/","url":"https:\/\/www.ikuchyne.sk\/eshop\/wp-content\/uploads\/2017\/04\/ikuchyne-logo.jpg","contentUrl":"https:\/\/www.ikuchyne.sk\/eshop\/wp-content\/uploads\/2017\/04\/ikuchyne-logo.jpg","width":200,"height":48,"caption":"ikuchyne!"},"image":{"@id":"https:\/\/www.ikuchyne.sk\/eshop\/#\/schema\/logo\/image\/"},"sameAs":["https:\/\/www.facebook.com\/ikuchyne\/","https:\/\/www.instagram.com\/ikuchyne.sk\/","https:\/\/sk.pinterest.com\/ikuchynesk\/"]},{"@type":"Person","@id":"https:\/\/www.ikuchyne.sk\/eshop\/#\/schema\/person\/56047abd021752f4d6c0f36da2a037f7","name":"Dominika Je\u017eov\u00e1","image":{"@type":"ImageObject","inLanguage":"sk-SK","@id":"https:\/\/www.ikuchyne.sk\/eshop\/#\/schema\/person\/image\/","url":"https:\/\/secure.gravatar.com\/avatar\/a393580c96618c62d212af22f2a39b60?s=96&d=wp_user_avatar&r=g","contentUrl":"https:\/\/secure.gravatar.com\/avatar\/a393580c96618c62d212af22f2a39b60?s=96&d=wp_user_avatar&r=g","caption":"Dominika Je\u017eov\u00e1"},"description":"Dominika je \u0161tudentkou masmedi\u00e1lnej komunik\u00e1cie na magisterskom stupni. Popri \u0161t\u00fadiu sa venuje p\u00edsaniu, a\u00a0to i\u00a0formou \u010dl\u00e1nkov, ktor\u00e9 publikuje vo vysoko\u0161kolskom \u010dasopise. Je milovn\u00ed\u010dkou k\u00e1vy a v\u00a0prostred\u00ed kaviarn\u00ed rada tvor\u00ed. Copywriting ju oslovil u\u017e v\u00a0za\u010diatkoch \u0161t\u00fadia a\u00a0vid\u00ed v\u00a0\u0148om ve\u013ek\u00fa perspekt\u00edvu aj do bud\u00facnosti.","url":"https:\/\/www.ikuchyne.sk\/eshop\/author\/dominika-jezova\/"}]}},"_links":{"self":[{"href":"https:\/\/www.ikuchyne.sk\/eshop\/wp-json\/wp\/v2\/posts\/154367"}],"collection":[{"href":"https:\/\/www.ikuchyne.sk\/eshop\/wp-json\/wp\/v2\/posts"}],"about":[{"href":"https:\/\/www.ikuchyne.sk\/eshop\/wp-json\/wp\/v2\/types\/post"}],"author":[{"embeddable":true,"href":"https:\/\/www.ikuchyne.sk\/eshop\/wp-json\/wp\/v2\/users\/542"}],"replies":[{"embeddable":true,"href":"https:\/\/www.ikuchyne.sk\/eshop\/wp-json\/wp\/v2\/comments?post=154367"}],"version-history":[{"count":1,"href":"https:\/\/www.ikuchyne.sk\/eshop\/wp-json\/wp\/v2\/posts\/154367\/revisions"}],"predecessor-version":[{"id":154375,"href":"https:\/\/www.ikuchyne.sk\/eshop\/wp-json\/wp\/v2\/posts\/154367\/revisions\/154375"}],"wp:featuredmedia":[{"embeddable":true,"href":"https:\/\/www.ikuchyne.sk\/eshop\/wp-json\/wp\/v2\/media\/154374"}],"wp:attachment":[{"href":"https:\/\/www.ikuchyne.sk\/eshop\/wp-json\/wp\/v2\/media?parent=154367"}],"wp:term":[{"taxonomy":"category","embeddable":true,"href":"https:\/\/www.ikuchyne.sk\/eshop\/wp-json\/wp\/v2\/categories?post=154367"},{"taxonomy":"post_tag","embeddable":true,"href":"https:\/\/www.ikuchyne.sk\/eshop\/wp-json\/wp\/v2\/tags?post=154367"}],"curies":[{"name":"wp","href":"https:\/\/api.w.org\/{rel}","templated":true}]}}