{"id":833,"count":20,"description":"<p style=\"text-align: justify;\"><strong>Meden\u00e9 konferen\u010dn\u00e9 stol\u00edky s\u00fa tu preto, aby vniesli teplo do v\u00e1\u0161ho domova.<\/strong><\/p>\r\n<p style=\"text-align: justify;\"><strong>N\u00e1padn\u00e1 tepl\u00e1 meden\u00e1 farba a\u00a0v\u00e4\u010d\u0161inou avantgardn\u00fd obl\u00fd dizajn sa bud\u00fa skvelo vyn\u00edma\u0165 v s\u00fa\u010dasnom interi\u00e9ri. <\/strong>Meden\u00fd konferen\u010dn\u00fd stol\u00edk v modernom \u0161t\u00fdle bude sp\u013a\u0148a\u0165 va\u0161e predstavy o miernej extravagancii.<\/p>\r\n<p style=\"text-align: justify;\">V\u00a0na\u0161ej ponuke m\u00e1me naj\u010dastej\u0161ie okr\u00fahle meden\u00e9 konferen\u010dn\u00e9 stol\u00edky. <strong>Konferen\u010dn\u00fd stol\u00edk je vyhotoven\u00fd zo zliatiny hlin\u00edka a\u00a0kovu.<\/strong> Po celom obvode stol\u00edka sa nach\u00e1dza jemn\u00fd 3D vzor. Vrchn\u00e1 doska je ploch\u00e1 a do povrchu m\u00e1 vtla\u010den\u00fd vzor, ktor\u00fd nar\u00fa\u0161a jednoliatu l\u00edniu. Z praktick\u00e9ho h\u013eadiska tento vzor prin\u00e1\u0161a v\u00fdhodu pri stabilite polo\u017een\u00fdch predmetov, preto\u017ee sa nebud\u00fa k\u013aza\u0165. Cel\u00fd stol\u00edk je v lesklej medenej farbe, ktor\u00e1 p\u00f4sob\u00ed v\u013e\u00fadne.\u00a0<strong>Ve\u013emi praktick\u00fd je okr\u00fahly modern\u00fd leskl\u00fd meden\u00fd konferen\u010dn\u00fd stol\u00edk s\u00a0odn\u00edmate\u013enou doskou, ktor\u00e1 sa d\u00e1 pou\u017ei\u0165 samostatne ako podnos.<\/strong> T\u00e1to doska je v tvare kruhu s ohrani\u010den\u00fdm a vyv\u00fd\u0161en\u00fdm okrajom, ktor\u00fd zabezpe\u010d\u00ed, \u017ee v\u00e1m ni\u010d zo stol\u00edka nesk\u013azne. Podno\u017e konferen\u010dn\u00e9ho stol\u00edka tvoria \u0161tyri \u00fazke kovov\u00e9 nohy, ktor\u00e9 s\u00fa v strede prekr\u00ed\u017een\u00e9. Stojan sa d\u00e1 zlo\u017ei\u0165, \u010do je jeho ve\u013ekou v\u00fdhodou.<\/p>\r\n<p style=\"text-align: justify;\"><strong>Najnov\u0161ie modely prin\u00e1\u0161aj\u00fa dizajn kon\u0161trukcie v\u00a0tvare ko\u0161a z\u00a0\u00fazkych kovov\u00fdch ty\u010diek.<\/strong> Povrch stol\u00edka je vyroben\u00fd z dubovej dyhy v tvare kruhu. Vrchn\u00e1 \u010das\u0165 je odn\u00edmate\u013en\u00e1 a pod \u0148ou sa n\u00e1m pon\u00faka odkladac\u00ed priestor napr\u00edklad na \u010dasopisy. Pre modern\u00fd \u0161t\u00fdl b\u00fdvania je typick\u00e1 hravos\u0165, \u010do sp\u013a\u0148a konferen\u010dn\u00fd stol\u00edk z drobn\u00fdch hlin\u00edkov\u00fdch per\u00e1l v teplej medenej farbe. Stol\u00edk sa d\u00e1 pou\u017ei\u0165 aj ako taburet.<\/p>\r\n<p style=\"text-align: justify;\">Pri t\u00fdchto meden\u00fdch stol\u00edkoch ide v\u00e4\u010d\u0161inou o ru\u010dn\u00fa pr\u00e1cu, preto s\u00fa mal\u00e9 nezrovnalosti mo\u017en\u00e9 a ka\u017ed\u00fd kus je unik\u00e1t<\/p>","link":"https:\/\/www.ikuchyne.sk\/eshop\/kategoria\/stoly\/konferencne-stoliky\/medene-konferencne-stoliky\/","name":"Meden\u00e9 konferen\u010dn\u00e9 stol\u00edky","slug":"medene-konferencne-stoliky","taxonomy":"product_cat","parent":304,"meta":[],"yoast_head":"<!-- This site is optimized with the Yoast SEO plugin v22.1 - https:\/\/yoast.com\/wordpress\/plugins\/seo\/ -->\n<title>Meden\u00e9 konferen\u010dn\u00e9 stol\u00edky prin\u00e1\u0161aj\u00fa teplo do va\u0161ej dom\u00e1cnosti<\/title>\n<meta name=\"description\" content=\"Kr\u00e1sne meden\u00e9 konferen\u010dn\u00e9 stol\u00edky prin\u00e1\u0161a n\u00e1\u0161 eshop. K\u00fapte si do va\u0161ej ob\u00fdva\u010dky kvalitn\u00e9 konferen\u010dn\u00e9 stol\u00edky za akciov\u00e9 ceny.\" \/>\n<meta name=\"robots\" content=\"index, follow, max-snippet:-1, max-image-preview:large, max-video-preview:-1\" \/>\n<link rel=\"canonical\" href=\"https:\/\/www.ikuchyne.sk\/eshop\/kategoria\/stoly\/konferencne-stoliky\/medene-konferencne-stoliky\/\" \/>\n<meta property=\"og:locale\" content=\"sk_SK\" \/>\n<meta property=\"og:type\" content=\"article\" \/>\n<meta property=\"og:title\" content=\"Meden\u00e9 konferen\u010dn\u00e9 stol\u00edky prin\u00e1\u0161aj\u00fa teplo do va\u0161ej dom\u00e1cnosti\" \/>\n<meta property=\"og:description\" content=\"Kr\u00e1sne meden\u00e9 konferen\u010dn\u00e9 stol\u00edky prin\u00e1\u0161a n\u00e1\u0161 eshop. K\u00fapte si do va\u0161ej ob\u00fdva\u010dky kvalitn\u00e9 konferen\u010dn\u00e9 stol\u00edky za akciov\u00e9 ceny.\" \/>\n<meta property=\"og:url\" content=\"https:\/\/www.ikuchyne.sk\/eshop\/kategoria\/stoly\/konferencne-stoliky\/medene-konferencne-stoliky\/\" \/>\n<meta property=\"og:site_name\" content=\"iKuchyne iSHOP s n\u00e1bytkom\" \/>\n<meta name=\"twitter:card\" content=\"summary_large_image\" \/>\n<script type=\"application\/ld+json\" class=\"yoast-schema-graph\">{\"@context\":\"https:\/\/schema.org\",\"@graph\":[{\"@type\":\"CollectionPage\",\"@id\":\"https:\/\/www.ikuchyne.sk\/eshop\/kategoria\/stoly\/konferencne-stoliky\/medene-konferencne-stoliky\/\",\"url\":\"https:\/\/www.ikuchyne.sk\/eshop\/kategoria\/stoly\/konferencne-stoliky\/medene-konferencne-stoliky\/\",\"name\":\"Meden\u00e9 konferen\u010dn\u00e9 stol\u00edky prin\u00e1\u0161aj\u00fa teplo do va\u0161ej dom\u00e1cnosti\",\"isPartOf\":{\"@id\":\"https:\/\/www.ikuchyne.sk\/eshop\/#website\"},\"description\":\"Kr\u00e1sne meden\u00e9 konferen\u010dn\u00e9 stol\u00edky prin\u00e1\u0161a n\u00e1\u0161 eshop. K\u00fapte si do va\u0161ej ob\u00fdva\u010dky kvalitn\u00e9 konferen\u010dn\u00e9 stol\u00edky za akciov\u00e9 ceny.\",\"breadcrumb\":{\"@id\":\"https:\/\/www.ikuchyne.sk\/eshop\/kategoria\/stoly\/konferencne-stoliky\/medene-konferencne-stoliky\/#breadcrumb\"},\"inLanguage\":\"sk-SK\"},{\"@type\":\"BreadcrumbList\",\"@id\":\"https:\/\/www.ikuchyne.sk\/eshop\/kategoria\/stoly\/konferencne-stoliky\/medene-konferencne-stoliky\/#breadcrumb\",\"itemListElement\":[{\"@type\":\"ListItem\",\"position\":1,\"name\":\"Home\",\"item\":\"https:\/\/www.ikuchyne.sk\/eshop\/\"},{\"@type\":\"ListItem\",\"position\":2,\"name\":\"Stoly\",\"item\":\"https:\/\/www.ikuchyne.sk\/eshop\/kategoria\/stoly\/\"},{\"@type\":\"ListItem\",\"position\":3,\"name\":\"Konferen\u010dn\u00e9 stol\u00edky\",\"item\":\"https:\/\/www.ikuchyne.sk\/eshop\/kategoria\/stoly\/konferencne-stoliky\/\"},{\"@type\":\"ListItem\",\"position\":4,\"name\":\"Meden\u00e9 konferen\u010dn\u00e9 stol\u00edky\"}]},{\"@type\":\"WebSite\",\"@id\":\"https:\/\/www.ikuchyne.sk\/eshop\/#website\",\"url\":\"https:\/\/www.ikuchyne.sk\/eshop\/\",\"name\":\"iKuchyne iSHOP s n\u00e1bytkom\",\"description\":\"Jed\u00e1lensk\u00e9 stoly, stoli\u010dky, n\u00e1bytok, svietidl\u00e1...\",\"publisher\":{\"@id\":\"https:\/\/www.ikuchyne.sk\/eshop\/#organization\"},\"potentialAction\":[{\"@type\":\"SearchAction\",\"target\":{\"@type\":\"EntryPoint\",\"urlTemplate\":\"https:\/\/www.ikuchyne.sk\/eshop\/?s={search_term_string}\"},\"query-input\":\"required name=search_term_string\"}],\"inLanguage\":\"sk-SK\"},{\"@type\":\"Organization\",\"@id\":\"https:\/\/www.ikuchyne.sk\/eshop\/#organization\",\"name\":\"ikuchyne!\",\"url\":\"https:\/\/www.ikuchyne.sk\/eshop\/\",\"logo\":{\"@type\":\"ImageObject\",\"inLanguage\":\"sk-SK\",\"@id\":\"https:\/\/www.ikuchyne.sk\/eshop\/#\/schema\/logo\/image\/\",\"url\":\"https:\/\/www.ikuchyne.sk\/eshop\/wp-content\/uploads\/2017\/04\/ikuchyne-logo.jpg\",\"contentUrl\":\"https:\/\/www.ikuchyne.sk\/eshop\/wp-content\/uploads\/2017\/04\/ikuchyne-logo.jpg\",\"width\":200,\"height\":48,\"caption\":\"ikuchyne!\"},\"image\":{\"@id\":\"https:\/\/www.ikuchyne.sk\/eshop\/#\/schema\/logo\/image\/\"},\"sameAs\":[\"https:\/\/www.facebook.com\/ikuchyne\/\",\"https:\/\/www.instagram.com\/ikuchyne.sk\/\",\"https:\/\/sk.pinterest.com\/ikuchynesk\/\"]}]}<\/script>\n<!-- \/ Yoast SEO plugin. -->","yoast_head_json":{"title":"Meden\u00e9 konferen\u010dn\u00e9 stol\u00edky prin\u00e1\u0161aj\u00fa teplo do va\u0161ej dom\u00e1cnosti","description":"Kr\u00e1sne meden\u00e9 konferen\u010dn\u00e9 stol\u00edky prin\u00e1\u0161a n\u00e1\u0161 eshop. K\u00fapte si do va\u0161ej ob\u00fdva\u010dky kvalitn\u00e9 konferen\u010dn\u00e9 stol\u00edky za akciov\u00e9 ceny.","robots":{"index":"index","follow":"follow","max-snippet":"max-snippet:-1","max-image-preview":"max-image-preview:large","max-video-preview":"max-video-preview:-1"},"canonical":"https:\/\/www.ikuchyne.sk\/eshop\/kategoria\/stoly\/konferencne-stoliky\/medene-konferencne-stoliky\/","og_locale":"sk_SK","og_type":"article","og_title":"Meden\u00e9 konferen\u010dn\u00e9 stol\u00edky prin\u00e1\u0161aj\u00fa teplo do va\u0161ej dom\u00e1cnosti","og_description":"Kr\u00e1sne meden\u00e9 konferen\u010dn\u00e9 stol\u00edky prin\u00e1\u0161a n\u00e1\u0161 eshop. K\u00fapte si do va\u0161ej ob\u00fdva\u010dky kvalitn\u00e9 konferen\u010dn\u00e9 stol\u00edky za akciov\u00e9 ceny.","og_url":"https:\/\/www.ikuchyne.sk\/eshop\/kategoria\/stoly\/konferencne-stoliky\/medene-konferencne-stoliky\/","og_site_name":"iKuchyne iSHOP s n\u00e1bytkom","twitter_card":"summary_large_image","schema":{"@context":"https:\/\/schema.org","@graph":[{"@type":"CollectionPage","@id":"https:\/\/www.ikuchyne.sk\/eshop\/kategoria\/stoly\/konferencne-stoliky\/medene-konferencne-stoliky\/","url":"https:\/\/www.ikuchyne.sk\/eshop\/kategoria\/stoly\/konferencne-stoliky\/medene-konferencne-stoliky\/","name":"Meden\u00e9 konferen\u010dn\u00e9 stol\u00edky prin\u00e1\u0161aj\u00fa teplo do va\u0161ej dom\u00e1cnosti","isPartOf":{"@id":"https:\/\/www.ikuchyne.sk\/eshop\/#website"},"description":"Kr\u00e1sne meden\u00e9 konferen\u010dn\u00e9 stol\u00edky prin\u00e1\u0161a n\u00e1\u0161 eshop. K\u00fapte si do va\u0161ej ob\u00fdva\u010dky kvalitn\u00e9 konferen\u010dn\u00e9 stol\u00edky za akciov\u00e9 ceny.","breadcrumb":{"@id":"https:\/\/www.ikuchyne.sk\/eshop\/kategoria\/stoly\/konferencne-stoliky\/medene-konferencne-stoliky\/#breadcrumb"},"inLanguage":"sk-SK"},{"@type":"BreadcrumbList","@id":"https:\/\/www.ikuchyne.sk\/eshop\/kategoria\/stoly\/konferencne-stoliky\/medene-konferencne-stoliky\/#breadcrumb","itemListElement":[{"@type":"ListItem","position":1,"name":"Home","item":"https:\/\/www.ikuchyne.sk\/eshop\/"},{"@type":"ListItem","position":2,"name":"Stoly","item":"https:\/\/www.ikuchyne.sk\/eshop\/kategoria\/stoly\/"},{"@type":"ListItem","position":3,"name":"Konferen\u010dn\u00e9 stol\u00edky","item":"https:\/\/www.ikuchyne.sk\/eshop\/kategoria\/stoly\/konferencne-stoliky\/"},{"@type":"ListItem","position":4,"name":"Meden\u00e9 konferen\u010dn\u00e9 stol\u00edky"}]},{"@type":"WebSite","@id":"https:\/\/www.ikuchyne.sk\/eshop\/#website","url":"https:\/\/www.ikuchyne.sk\/eshop\/","name":"iKuchyne iSHOP s n\u00e1bytkom","description":"Jed\u00e1lensk\u00e9 stoly, stoli\u010dky, n\u00e1bytok, svietidl\u00e1...","publisher":{"@id":"https:\/\/www.ikuchyne.sk\/eshop\/#organization"},"potentialAction":[{"@type":"SearchAction","target":{"@type":"EntryPoint","urlTemplate":"https:\/\/www.ikuchyne.sk\/eshop\/?s={search_term_string}"},"query-input":"required name=search_term_string"}],"inLanguage":"sk-SK"},{"@type":"Organization","@id":"https:\/\/www.ikuchyne.sk\/eshop\/#organization","name":"ikuchyne!","url":"https:\/\/www.ikuchyne.sk\/eshop\/","logo":{"@type":"ImageObject","inLanguage":"sk-SK","@id":"https:\/\/www.ikuchyne.sk\/eshop\/#\/schema\/logo\/image\/","url":"https:\/\/www.ikuchyne.sk\/eshop\/wp-content\/uploads\/2017\/04\/ikuchyne-logo.jpg","contentUrl":"https:\/\/www.ikuchyne.sk\/eshop\/wp-content\/uploads\/2017\/04\/ikuchyne-logo.jpg","width":200,"height":48,"caption":"ikuchyne!"},"image":{"@id":"https:\/\/www.ikuchyne.sk\/eshop\/#\/schema\/logo\/image\/"},"sameAs":["https:\/\/www.facebook.com\/ikuchyne\/","https:\/\/www.instagram.com\/ikuchyne.sk\/","https:\/\/sk.pinterest.com\/ikuchynesk\/"]}]}},"_links":{"self":[{"href":"https:\/\/www.ikuchyne.sk\/eshop\/wp-json\/wp\/v2\/product_cat\/833"}],"collection":[{"href":"https:\/\/www.ikuchyne.sk\/eshop\/wp-json\/wp\/v2\/product_cat"}],"about":[{"href":"https:\/\/www.ikuchyne.sk\/eshop\/wp-json\/wp\/v2\/taxonomies\/product_cat"}],"up":[{"embeddable":true,"href":"https:\/\/www.ikuchyne.sk\/eshop\/wp-json\/wp\/v2\/product_cat\/304"}],"wp:post_type":[{"href":"https:\/\/www.ikuchyne.sk\/eshop\/wp-json\/wp\/v2\/product?product_cat=833"}],"curies":[{"name":"wp","href":"https:\/\/api.w.org\/{rel}","templated":true}]}}