{"id":835,"count":23,"description":"<p style=\"text-align: justify;\">Transparentn\u00e9 sklenen\u00e9 konferen\u010dn\u00e9 stol\u00edky sa dlhodobo te\u0161ia svojej ob\u013eube. Ke\u010f sa neviete rozhodn\u00fa\u0165 pre konferen\u010dn\u00fd stol\u00edk, sklenen\u00fd stol\u00edk bude vhodnou vo\u013ebou. \u010c\u00edra farba je nestarn\u00faca, a\u00a0preto ve\u013emi vyh\u013ead\u00e1van\u00e1. <strong>Sklenen\u00e9 konferen\u010dn\u00e9 stol\u00edky prin\u00e1\u0161aj\u00fa dojem \u010distoty a\u00a0daj\u00fa sa kombinova\u0165 takmer s\u00a0ka\u017ed\u00fdm kusom n\u00e1bytku.<\/strong> Prin\u00e1\u0161ame v\u00e1m viacero typov t\u00fdchto stol\u00edkov.<\/p>\r\n<p style=\"text-align: justify;\">Jedn\u00fdm z\u00a0nich je stol\u00edk vyroben\u00fd z jedn\u00e9ho kusu kalen\u00e9ho skla v \u010d\u00edrej \u00a0alebo dokonca antracitovej farbe. <strong>Toto sklo je ve\u013emi odoln\u00e9, vydr\u017e\u00ed nejeden n\u00e1raz, \u010di \u0161krabanec. <\/strong>Podno\u017e stol\u00edka tvoria dve \u0161irok\u00e9 nohy umiesten\u00e9 po bokoch dosky, z ktorej plynule prech\u00e1dzaj\u00fa na zem. Preto je tento stol\u00edk ve\u013emi stabiln\u00fd a pokojne si na\u0148ho m\u00f4\u017eete \u010doko\u013evek polo\u017ei\u0165. Tento stol\u00edk je zauj\u00edmav\u00fd \u010dist\u00fdmi l\u00edniami a\u00a0eleganciou.\r\nV\u00a0ponuke je aj set sklenen\u00fdch konferen\u010dn\u00fdch stol\u00edkov, ktor\u00fd reprezentuje neobvykl\u00e9 kon\u0161truk\u010dn\u00e9 rie\u0161enie. Konferen\u010dn\u00e9 stol\u00edky m\u00f4\u017eete variova\u0165 do po\u017eadovan\u00e9ho tvaru. M\u00f4\u017eete ich zasun\u00fa\u0165 pod seba \u00faplne alebo len \u010diasto\u010dne. \u010eal\u0161\u00edm typom je praktick\u00fd sklenen\u00fd stol\u00edk na kolieskach. Stol\u00edk m\u00e1 tvar kocky, kde vn\u00fatorn\u00fd otvor pon\u00faka odkladac\u00ed priestor. Podno\u017e stol\u00edka tvoria \u0161tyri oto\u010dn\u00e9 kolieska pripevnen\u00e9 na spodn\u00fa dosku. V\u010faka kolieskam si ho m\u00f4\u017eete posun\u00fa\u0165, kam sa v\u00e1m to najviac hod\u00ed.<\/p>\r\n<p style=\"text-align: justify;\"><strong>Iste zauj\u00edmav\u00e9 s\u00fa aj kombinovan\u00e9 konferen\u010dn\u00e9 stol\u00edky v\u00a0modernom \u0161t\u00fdle.<\/strong> Povrch stol\u00edka je vyroben\u00fd z temperovan\u00e9ho bezpe\u010dnostn\u00e9ho skla v tvare kruhu. Ten je lemovan\u00fd kovov\u00fdm okrajom. Podno\u017e konferen\u010dn\u00e9ho stol\u00edka tvor\u00ed pochr\u00f3movan\u00fd podstavec, ktor\u00fd m\u00f4\u017eete prakticky zasun\u00fa\u0165 pod seda\u010dke, \u010do je ve\u013emi praktick\u00e9 a pohodln\u00e9. Mysleli sme aj na priaznivcov seversk\u00e9ho b\u00fdvania, preto dr\u017e\u00edme aj konferen\u010dn\u00e9 stol\u00edky v\u00a0\u0161kandin\u00e1vskom \u0161t\u00fdle. Kombin\u00e1cia dosky z prieh\u013eadn\u00e9ho skla a \u00fazkych dubov\u00fdch n\u00f4h je pre nich charakteristick\u00e1. V\u010faka tejto nen\u00e1padnej kombin\u00e1cii materi\u00e1lov s\u00fa \u013eahko kombinovate\u013en\u00e9 s in\u00fdmi kusmi n\u00e1bytku vo va\u0161ej ob\u00fdva\u010dke.<\/p>\r\n<p style=\"text-align: justify;\">Sklenen\u00e9 konferen\u010dn\u00e9 stol\u00edky s\u00fa nen\u00e1ro\u010dn\u00e9 na \u00fadr\u017ebu. Posta\u010d\u00ed vlhk\u00e1 handri\u010dka a sprej na sklo. Ak\u00e9 jednoduch\u00e9.<\/p>","link":"https:\/\/www.ikuchyne.sk\/eshop\/kategoria\/stoly\/konferencne-stoliky\/sklenene-konferencne-stoliky\/","name":"Sklenen\u00e9 konferen\u010dn\u00e9 stol\u00edky","slug":"sklenene-konferencne-stoliky","taxonomy":"product_cat","parent":304,"meta":[],"yoast_head":"<!-- This site is optimized with the Yoast SEO plugin v22.1 - https:\/\/yoast.com\/wordpress\/plugins\/seo\/ -->\n<title>Sklenen\u00e9 konferen\u010dn\u00e9 stol\u00edky v modernom \u0161t\u00fdle pon\u00fakaj\u00fa \u0161irok\u00fa \u0161k\u00e1lu<\/title>\n<meta name=\"description\" content=\"Sklenen\u00e9 konferen\u010dn\u00e9 stol\u00edky pon\u00fakaj\u00fa na v\u00fdber \u0161irok\u00fa \u0161k\u00e1lu. V na\u0161om e-shope m\u00e1me ve\u013ek\u00fd v\u00fdber sklenen\u00fdch konferen\u010dn\u00fdch stol\u00edkov. K\u00fapte si do bytu kvalitn\u00e9 konferen\u010dn\u00e9 stol\u00edky za akciov\u00e9 ceny.\" \/>\n<meta name=\"robots\" content=\"index, follow, max-snippet:-1, max-image-preview:large, max-video-preview:-1\" \/>\n<link rel=\"canonical\" href=\"https:\/\/www.ikuchyne.sk\/eshop\/kategoria\/stoly\/konferencne-stoliky\/sklenene-konferencne-stoliky\/\" \/>\n<meta property=\"og:locale\" content=\"sk_SK\" \/>\n<meta property=\"og:type\" content=\"article\" \/>\n<meta property=\"og:title\" content=\"Sklenen\u00e9 konferen\u010dn\u00e9 stol\u00edky v modernom \u0161t\u00fdle pon\u00fakaj\u00fa \u0161irok\u00fa \u0161k\u00e1lu\" \/>\n<meta property=\"og:description\" content=\"Sklenen\u00e9 konferen\u010dn\u00e9 stol\u00edky pon\u00fakaj\u00fa na v\u00fdber \u0161irok\u00fa \u0161k\u00e1lu. V na\u0161om e-shope m\u00e1me ve\u013ek\u00fd v\u00fdber sklenen\u00fdch konferen\u010dn\u00fdch stol\u00edkov. K\u00fapte si do bytu kvalitn\u00e9 konferen\u010dn\u00e9 stol\u00edky za akciov\u00e9 ceny.\" \/>\n<meta property=\"og:url\" content=\"https:\/\/www.ikuchyne.sk\/eshop\/kategoria\/stoly\/konferencne-stoliky\/sklenene-konferencne-stoliky\/\" \/>\n<meta property=\"og:site_name\" content=\"iKuchyne iSHOP s n\u00e1bytkom\" \/>\n<meta name=\"twitter:card\" content=\"summary_large_image\" \/>\n<script type=\"application\/ld+json\" class=\"yoast-schema-graph\">{\"@context\":\"https:\/\/schema.org\",\"@graph\":[{\"@type\":\"CollectionPage\",\"@id\":\"https:\/\/www.ikuchyne.sk\/eshop\/kategoria\/stoly\/konferencne-stoliky\/sklenene-konferencne-stoliky\/\",\"url\":\"https:\/\/www.ikuchyne.sk\/eshop\/kategoria\/stoly\/konferencne-stoliky\/sklenene-konferencne-stoliky\/\",\"name\":\"Sklenen\u00e9 konferen\u010dn\u00e9 stol\u00edky v modernom \u0161t\u00fdle pon\u00fakaj\u00fa \u0161irok\u00fa \u0161k\u00e1lu\",\"isPartOf\":{\"@id\":\"https:\/\/www.ikuchyne.sk\/eshop\/#website\"},\"description\":\"Sklenen\u00e9 konferen\u010dn\u00e9 stol\u00edky pon\u00fakaj\u00fa na v\u00fdber \u0161irok\u00fa \u0161k\u00e1lu. V na\u0161om e-shope m\u00e1me ve\u013ek\u00fd v\u00fdber sklenen\u00fdch konferen\u010dn\u00fdch stol\u00edkov. K\u00fapte si do bytu kvalitn\u00e9 konferen\u010dn\u00e9 stol\u00edky za akciov\u00e9 ceny.\",\"breadcrumb\":{\"@id\":\"https:\/\/www.ikuchyne.sk\/eshop\/kategoria\/stoly\/konferencne-stoliky\/sklenene-konferencne-stoliky\/#breadcrumb\"},\"inLanguage\":\"sk-SK\"},{\"@type\":\"BreadcrumbList\",\"@id\":\"https:\/\/www.ikuchyne.sk\/eshop\/kategoria\/stoly\/konferencne-stoliky\/sklenene-konferencne-stoliky\/#breadcrumb\",\"itemListElement\":[{\"@type\":\"ListItem\",\"position\":1,\"name\":\"Home\",\"item\":\"https:\/\/www.ikuchyne.sk\/eshop\/\"},{\"@type\":\"ListItem\",\"position\":2,\"name\":\"Stoly\",\"item\":\"https:\/\/www.ikuchyne.sk\/eshop\/kategoria\/stoly\/\"},{\"@type\":\"ListItem\",\"position\":3,\"name\":\"Konferen\u010dn\u00e9 stol\u00edky\",\"item\":\"https:\/\/www.ikuchyne.sk\/eshop\/kategoria\/stoly\/konferencne-stoliky\/\"},{\"@type\":\"ListItem\",\"position\":4,\"name\":\"Sklenen\u00e9 konferen\u010dn\u00e9 stol\u00edky\"}]},{\"@type\":\"WebSite\",\"@id\":\"https:\/\/www.ikuchyne.sk\/eshop\/#website\",\"url\":\"https:\/\/www.ikuchyne.sk\/eshop\/\",\"name\":\"iKuchyne iSHOP s n\u00e1bytkom\",\"description\":\"Jed\u00e1lensk\u00e9 stoly, stoli\u010dky, n\u00e1bytok, svietidl\u00e1...\",\"publisher\":{\"@id\":\"https:\/\/www.ikuchyne.sk\/eshop\/#organization\"},\"potentialAction\":[{\"@type\":\"SearchAction\",\"target\":{\"@type\":\"EntryPoint\",\"urlTemplate\":\"https:\/\/www.ikuchyne.sk\/eshop\/?s={search_term_string}\"},\"query-input\":\"required name=search_term_string\"}],\"inLanguage\":\"sk-SK\"},{\"@type\":\"Organization\",\"@id\":\"https:\/\/www.ikuchyne.sk\/eshop\/#organization\",\"name\":\"ikuchyne!\",\"url\":\"https:\/\/www.ikuchyne.sk\/eshop\/\",\"logo\":{\"@type\":\"ImageObject\",\"inLanguage\":\"sk-SK\",\"@id\":\"https:\/\/www.ikuchyne.sk\/eshop\/#\/schema\/logo\/image\/\",\"url\":\"https:\/\/www.ikuchyne.sk\/eshop\/wp-content\/uploads\/2017\/04\/ikuchyne-logo.jpg\",\"contentUrl\":\"https:\/\/www.ikuchyne.sk\/eshop\/wp-content\/uploads\/2017\/04\/ikuchyne-logo.jpg\",\"width\":200,\"height\":48,\"caption\":\"ikuchyne!\"},\"image\":{\"@id\":\"https:\/\/www.ikuchyne.sk\/eshop\/#\/schema\/logo\/image\/\"},\"sameAs\":[\"https:\/\/www.facebook.com\/ikuchyne\/\",\"https:\/\/www.instagram.com\/ikuchyne.sk\/\",\"https:\/\/sk.pinterest.com\/ikuchynesk\/\"]}]}<\/script>\n<!-- \/ Yoast SEO plugin. -->","yoast_head_json":{"title":"Sklenen\u00e9 konferen\u010dn\u00e9 stol\u00edky v modernom \u0161t\u00fdle pon\u00fakaj\u00fa \u0161irok\u00fa \u0161k\u00e1lu","description":"Sklenen\u00e9 konferen\u010dn\u00e9 stol\u00edky pon\u00fakaj\u00fa na v\u00fdber \u0161irok\u00fa \u0161k\u00e1lu. V na\u0161om e-shope m\u00e1me ve\u013ek\u00fd v\u00fdber sklenen\u00fdch konferen\u010dn\u00fdch stol\u00edkov. K\u00fapte si do bytu kvalitn\u00e9 konferen\u010dn\u00e9 stol\u00edky za akciov\u00e9 ceny.","robots":{"index":"index","follow":"follow","max-snippet":"max-snippet:-1","max-image-preview":"max-image-preview:large","max-video-preview":"max-video-preview:-1"},"canonical":"https:\/\/www.ikuchyne.sk\/eshop\/kategoria\/stoly\/konferencne-stoliky\/sklenene-konferencne-stoliky\/","og_locale":"sk_SK","og_type":"article","og_title":"Sklenen\u00e9 konferen\u010dn\u00e9 stol\u00edky v modernom \u0161t\u00fdle pon\u00fakaj\u00fa \u0161irok\u00fa \u0161k\u00e1lu","og_description":"Sklenen\u00e9 konferen\u010dn\u00e9 stol\u00edky pon\u00fakaj\u00fa na v\u00fdber \u0161irok\u00fa \u0161k\u00e1lu. V na\u0161om e-shope m\u00e1me ve\u013ek\u00fd v\u00fdber sklenen\u00fdch konferen\u010dn\u00fdch stol\u00edkov. K\u00fapte si do bytu kvalitn\u00e9 konferen\u010dn\u00e9 stol\u00edky za akciov\u00e9 ceny.","og_url":"https:\/\/www.ikuchyne.sk\/eshop\/kategoria\/stoly\/konferencne-stoliky\/sklenene-konferencne-stoliky\/","og_site_name":"iKuchyne iSHOP s n\u00e1bytkom","twitter_card":"summary_large_image","schema":{"@context":"https:\/\/schema.org","@graph":[{"@type":"CollectionPage","@id":"https:\/\/www.ikuchyne.sk\/eshop\/kategoria\/stoly\/konferencne-stoliky\/sklenene-konferencne-stoliky\/","url":"https:\/\/www.ikuchyne.sk\/eshop\/kategoria\/stoly\/konferencne-stoliky\/sklenene-konferencne-stoliky\/","name":"Sklenen\u00e9 konferen\u010dn\u00e9 stol\u00edky v modernom \u0161t\u00fdle pon\u00fakaj\u00fa \u0161irok\u00fa \u0161k\u00e1lu","isPartOf":{"@id":"https:\/\/www.ikuchyne.sk\/eshop\/#website"},"description":"Sklenen\u00e9 konferen\u010dn\u00e9 stol\u00edky pon\u00fakaj\u00fa na v\u00fdber \u0161irok\u00fa \u0161k\u00e1lu. V na\u0161om e-shope m\u00e1me ve\u013ek\u00fd v\u00fdber sklenen\u00fdch konferen\u010dn\u00fdch stol\u00edkov. K\u00fapte si do bytu kvalitn\u00e9 konferen\u010dn\u00e9 stol\u00edky za akciov\u00e9 ceny.","breadcrumb":{"@id":"https:\/\/www.ikuchyne.sk\/eshop\/kategoria\/stoly\/konferencne-stoliky\/sklenene-konferencne-stoliky\/#breadcrumb"},"inLanguage":"sk-SK"},{"@type":"BreadcrumbList","@id":"https:\/\/www.ikuchyne.sk\/eshop\/kategoria\/stoly\/konferencne-stoliky\/sklenene-konferencne-stoliky\/#breadcrumb","itemListElement":[{"@type":"ListItem","position":1,"name":"Home","item":"https:\/\/www.ikuchyne.sk\/eshop\/"},{"@type":"ListItem","position":2,"name":"Stoly","item":"https:\/\/www.ikuchyne.sk\/eshop\/kategoria\/stoly\/"},{"@type":"ListItem","position":3,"name":"Konferen\u010dn\u00e9 stol\u00edky","item":"https:\/\/www.ikuchyne.sk\/eshop\/kategoria\/stoly\/konferencne-stoliky\/"},{"@type":"ListItem","position":4,"name":"Sklenen\u00e9 konferen\u010dn\u00e9 stol\u00edky"}]},{"@type":"WebSite","@id":"https:\/\/www.ikuchyne.sk\/eshop\/#website","url":"https:\/\/www.ikuchyne.sk\/eshop\/","name":"iKuchyne iSHOP s n\u00e1bytkom","description":"Jed\u00e1lensk\u00e9 stoly, stoli\u010dky, n\u00e1bytok, svietidl\u00e1...","publisher":{"@id":"https:\/\/www.ikuchyne.sk\/eshop\/#organization"},"potentialAction":[{"@type":"SearchAction","target":{"@type":"EntryPoint","urlTemplate":"https:\/\/www.ikuchyne.sk\/eshop\/?s={search_term_string}"},"query-input":"required name=search_term_string"}],"inLanguage":"sk-SK"},{"@type":"Organization","@id":"https:\/\/www.ikuchyne.sk\/eshop\/#organization","name":"ikuchyne!","url":"https:\/\/www.ikuchyne.sk\/eshop\/","logo":{"@type":"ImageObject","inLanguage":"sk-SK","@id":"https:\/\/www.ikuchyne.sk\/eshop\/#\/schema\/logo\/image\/","url":"https:\/\/www.ikuchyne.sk\/eshop\/wp-content\/uploads\/2017\/04\/ikuchyne-logo.jpg","contentUrl":"https:\/\/www.ikuchyne.sk\/eshop\/wp-content\/uploads\/2017\/04\/ikuchyne-logo.jpg","width":200,"height":48,"caption":"ikuchyne!"},"image":{"@id":"https:\/\/www.ikuchyne.sk\/eshop\/#\/schema\/logo\/image\/"},"sameAs":["https:\/\/www.facebook.com\/ikuchyne\/","https:\/\/www.instagram.com\/ikuchyne.sk\/","https:\/\/sk.pinterest.com\/ikuchynesk\/"]}]}},"_links":{"self":[{"href":"https:\/\/www.ikuchyne.sk\/eshop\/wp-json\/wp\/v2\/product_cat\/835"}],"collection":[{"href":"https:\/\/www.ikuchyne.sk\/eshop\/wp-json\/wp\/v2\/product_cat"}],"about":[{"href":"https:\/\/www.ikuchyne.sk\/eshop\/wp-json\/wp\/v2\/taxonomies\/product_cat"}],"up":[{"embeddable":true,"href":"https:\/\/www.ikuchyne.sk\/eshop\/wp-json\/wp\/v2\/product_cat\/304"}],"wp:post_type":[{"href":"https:\/\/www.ikuchyne.sk\/eshop\/wp-json\/wp\/v2\/product?product_cat=835"}],"curies":[{"name":"wp","href":"https:\/\/api.w.org\/{rel}","templated":true}]}}