{"id":836,"count":157,"description":"<p style=\"text-align: justify;\">Mal\u00e9 konferen\u010dn\u00e9 stol\u00edky maj\u00fa v na\u0161om eshope ve\u013ek\u00e9 zast\u00fapenie. V\u010faka malej praktickej ve\u013ekosti s\u00fa ve\u013emi ob\u013e\u00faben\u00e9.\u00a0<strong>V na\u0161ej ponuke n\u00e1jdete stol\u00edky v ka\u017edom \u0161t\u00fdle. <\/strong>Azda najv\u00e4\u010d\u0161\u00ed po\u010det tvoria stol\u00edky v modernom a industri\u00e1lnom \u0161t\u00fdle. \u010castokr\u00e1t ich m\u00f4\u017eete vidie\u0165 v sete stol\u00edkov, ktor\u00e9 sa daj\u00fa \u013eubovolne umiestni\u0165 a variova\u0165 vo va\u0161om interi\u00e9ri.<\/p>\r\n<p style=\"text-align: justify;\"><strong>Okulahodiace s\u00fa unik\u00e1tne stol\u00edky s r\u00f4znofarebn\u00fdmi doskami.<\/strong> Pre tieto stol\u00edky je charakteristick\u00e1 hravos\u0165 a pestros\u0165 materi\u00e1lov. V\u00fdber dosiek pon\u00faka od pestrofarebnej ach\u00e1tovej, cez keramick\u00fa mozaiku a\u017e po mramorov\u00fa dosku. T\u00e1 je le\u0161ten\u00e1 a ru\u010dne zdokona\u013eovan\u00e1. Podno\u017e t\u00fdchto mal\u00fdch stol\u00edkov tvor\u00ed kovov\u00fd stojan zo \u0161tyroch tenk\u00fdch n\u00f4h v \u010diernej farbe, so strieborn\u00fdm alebo zlat\u00fdm r\u00e1mom.\r\n\u010eal\u0161\u00edm skvostom medzi stol\u00edkmi s\u00fa\u00a0<strong>leskl\u00e9 strieborn\u00e9 alebo meden\u00e9 stol\u00edky<\/strong> vyroben\u00e9\u00a0zo zliatiny kovu a hlin\u00edka. Bu\u010f s\u00fa vyhotoven\u00e9 v celku alebo so stojanom, kde vrchn\u00e1 doska je odn\u00edmate\u013en\u00e1 ako podnos. Meden\u00e1 podno\u017e sa vyskytuje v kombin\u00e1cii s okr\u00fahlym \u010diernym op\u00e1lov\u00fdm sklom, strieborn\u00e1 podno\u017e zas s bezpe\u010dnostn\u00fdm sklom.\r\n<strong>Ve\u013emi praktick\u00e9 mal\u00e9 konferen\u010dn\u00e9 stol\u00edky s\u00fa tie, ktor\u00e9 sa daj\u00fa zasun\u00fa\u0165 pod seda\u010dku.<\/strong> Podno\u017e tvor\u00ed ly\u017einov\u00fd kovov\u00fdm stojanom s \u00fazkymi nohami, ktor\u00fd je chr\u00f3movan\u00fd, lakovan\u00fd bielou farbou alebo meden\u00fd. \u010eal\u0161ou praktickou v\u00fdhodou je odn\u00edmate\u013en\u00e1 vrchn\u00e1 doska v hranatom \u0161tvorcovom alebo obd\u013a\u017enikovom tvare.\r\nZa zmienku stoja aj kombinovan\u00e9 stol\u00edky v tvare pr\u00faten\u00e9ho ko\u0161a s odn\u00edmate\u013enou vrchnou doskou. Medzi doskou z dubovej dyhy a ko\u0161om z lakovan\u00fdch kovov\u00fdch ty\u010diek sa pon\u00faka odkladac\u00ed priestor.<\/p>\r\n<p style=\"text-align: justify;\"><strong>\u010eal\u0161\u00edmi nev\u0161edn\u00fdmi stol\u00edkmi s\u00fa stol\u00edky z naplaven\u00e9ho dreva. <\/strong>Podno\u017e tvoria kon\u00e1re r\u00f4zne usporiadan\u00e9 a povrch stol\u00edka tvor\u00ed bezpe\u010dnostn\u00e9 sklo, ktor\u00e9 nech\u00e1va vynikn\u00fa\u0165 tento netradi\u010dn\u00fd typ dreva.\u00a0Pre milovn\u00edkov dreva s\u00fa tu stol\u00edky vyroben\u00e9 z mas\u00edvneho dreva pripom\u00ednaj\u00face kmene stromov.\r\nDizajnovo pr\u00ed\u0165a\u017eliv\u00e9 s\u00fa mal\u00e9 konferen\u010dn\u00e9 stol\u00edky v industri\u00e1lnom \u0161t\u00fdle. Tvor\u00ed ich kombin\u00e1cia dreva a kovu. Podno\u017e stol\u00edkov pozost\u00e1va z pevnej kovovej kon\u0161trukcie. Povrch je naj\u010dastej\u0161ie tvoren\u00fd hranatou doskou z dreva sheesham alebo zauj\u00edmavou mozaikou z mangov\u00e9ho dreva. Mysleli sme aj na fan\u00fa\u0161ikov\u00a0\u0161kandin\u00e1vskeho \u0161t\u00fdlu. Pon\u00fakame aj dreven\u00e9 stol\u00edky na \u00fazkych dreven\u00fdch noh\u00e1ch. Tie disponuj\u00fa aj praktick\u00fdmi z\u00e1suvkami a priehradkami.<\/p>","link":"https:\/\/www.ikuchyne.sk\/eshop\/kategoria\/stoly\/konferencne-stoliky\/male-konferencne-stoliky\/","name":"Mal\u00e9 konferen\u010dn\u00e9 stol\u00edky","slug":"male-konferencne-stoliky","taxonomy":"product_cat","parent":304,"meta":[],"yoast_head":"<!-- This site is optimized with the Yoast SEO plugin v22.1 - https:\/\/yoast.com\/wordpress\/plugins\/seo\/ -->\n<title>Mal\u00e9 konferen\u010dn\u00e9 stol\u00edky, hranat\u00e9, obl\u00e9, meden\u00e9 stol\u00edky<\/title>\n<meta name=\"description\" content=\"Mal\u00e9 konferen\u010dn\u00e9 stol\u00edky maj\u00fa v na\u0161om eshope ve\u013ek\u00e9 zast\u00fapenie. V\u010faka malej praktickej ve\u013ekosti s\u00fa ve\u013emi ob\u013e\u00faben\u00e9. K\u00fapte si do v\u00e1\u0161ho bytu kvalitn\u00e9 konferen\u010dn\u00e9 stol\u00edky za akciov\u00e9 ceny.\" \/>\n<meta name=\"robots\" content=\"index, follow, max-snippet:-1, max-image-preview:large, max-video-preview:-1\" \/>\n<link rel=\"canonical\" href=\"https:\/\/www.ikuchyne.sk\/eshop\/kategoria\/stoly\/konferencne-stoliky\/male-konferencne-stoliky\/\" \/>\n<meta property=\"og:locale\" content=\"sk_SK\" \/>\n<meta property=\"og:type\" content=\"article\" \/>\n<meta property=\"og:title\" content=\"Mal\u00e9 konferen\u010dn\u00e9 stol\u00edky, hranat\u00e9, obl\u00e9, meden\u00e9 stol\u00edky\" \/>\n<meta property=\"og:description\" content=\"Mal\u00e9 konferen\u010dn\u00e9 stol\u00edky maj\u00fa v na\u0161om eshope ve\u013ek\u00e9 zast\u00fapenie. V\u010faka malej praktickej ve\u013ekosti s\u00fa ve\u013emi ob\u013e\u00faben\u00e9. K\u00fapte si do v\u00e1\u0161ho bytu kvalitn\u00e9 konferen\u010dn\u00e9 stol\u00edky za akciov\u00e9 ceny.\" \/>\n<meta property=\"og:url\" content=\"https:\/\/www.ikuchyne.sk\/eshop\/kategoria\/stoly\/konferencne-stoliky\/male-konferencne-stoliky\/\" \/>\n<meta property=\"og:site_name\" content=\"iKuchyne iSHOP s n\u00e1bytkom\" \/>\n<meta name=\"twitter:card\" content=\"summary_large_image\" \/>\n<script type=\"application\/ld+json\" class=\"yoast-schema-graph\">{\"@context\":\"https:\/\/schema.org\",\"@graph\":[{\"@type\":\"CollectionPage\",\"@id\":\"https:\/\/www.ikuchyne.sk\/eshop\/kategoria\/stoly\/konferencne-stoliky\/male-konferencne-stoliky\/\",\"url\":\"https:\/\/www.ikuchyne.sk\/eshop\/kategoria\/stoly\/konferencne-stoliky\/male-konferencne-stoliky\/\",\"name\":\"Mal\u00e9 konferen\u010dn\u00e9 stol\u00edky, hranat\u00e9, obl\u00e9, meden\u00e9 stol\u00edky\",\"isPartOf\":{\"@id\":\"https:\/\/www.ikuchyne.sk\/eshop\/#website\"},\"description\":\"Mal\u00e9 konferen\u010dn\u00e9 stol\u00edky maj\u00fa v na\u0161om eshope ve\u013ek\u00e9 zast\u00fapenie. V\u010faka malej praktickej ve\u013ekosti s\u00fa ve\u013emi ob\u013e\u00faben\u00e9. K\u00fapte si do v\u00e1\u0161ho bytu kvalitn\u00e9 konferen\u010dn\u00e9 stol\u00edky za akciov\u00e9 ceny.\",\"breadcrumb\":{\"@id\":\"https:\/\/www.ikuchyne.sk\/eshop\/kategoria\/stoly\/konferencne-stoliky\/male-konferencne-stoliky\/#breadcrumb\"},\"inLanguage\":\"sk-SK\"},{\"@type\":\"BreadcrumbList\",\"@id\":\"https:\/\/www.ikuchyne.sk\/eshop\/kategoria\/stoly\/konferencne-stoliky\/male-konferencne-stoliky\/#breadcrumb\",\"itemListElement\":[{\"@type\":\"ListItem\",\"position\":1,\"name\":\"Home\",\"item\":\"https:\/\/www.ikuchyne.sk\/eshop\/\"},{\"@type\":\"ListItem\",\"position\":2,\"name\":\"Stoly\",\"item\":\"https:\/\/www.ikuchyne.sk\/eshop\/kategoria\/stoly\/\"},{\"@type\":\"ListItem\",\"position\":3,\"name\":\"Konferen\u010dn\u00e9 stol\u00edky\",\"item\":\"https:\/\/www.ikuchyne.sk\/eshop\/kategoria\/stoly\/konferencne-stoliky\/\"},{\"@type\":\"ListItem\",\"position\":4,\"name\":\"Mal\u00e9 konferen\u010dn\u00e9 stol\u00edky\"}]},{\"@type\":\"WebSite\",\"@id\":\"https:\/\/www.ikuchyne.sk\/eshop\/#website\",\"url\":\"https:\/\/www.ikuchyne.sk\/eshop\/\",\"name\":\"iKuchyne iSHOP s n\u00e1bytkom\",\"description\":\"Jed\u00e1lensk\u00e9 stoly, stoli\u010dky, n\u00e1bytok, svietidl\u00e1...\",\"publisher\":{\"@id\":\"https:\/\/www.ikuchyne.sk\/eshop\/#organization\"},\"potentialAction\":[{\"@type\":\"SearchAction\",\"target\":{\"@type\":\"EntryPoint\",\"urlTemplate\":\"https:\/\/www.ikuchyne.sk\/eshop\/?s={search_term_string}\"},\"query-input\":\"required name=search_term_string\"}],\"inLanguage\":\"sk-SK\"},{\"@type\":\"Organization\",\"@id\":\"https:\/\/www.ikuchyne.sk\/eshop\/#organization\",\"name\":\"ikuchyne!\",\"url\":\"https:\/\/www.ikuchyne.sk\/eshop\/\",\"logo\":{\"@type\":\"ImageObject\",\"inLanguage\":\"sk-SK\",\"@id\":\"https:\/\/www.ikuchyne.sk\/eshop\/#\/schema\/logo\/image\/\",\"url\":\"https:\/\/www.ikuchyne.sk\/eshop\/wp-content\/uploads\/2017\/04\/ikuchyne-logo.jpg\",\"contentUrl\":\"https:\/\/www.ikuchyne.sk\/eshop\/wp-content\/uploads\/2017\/04\/ikuchyne-logo.jpg\",\"width\":200,\"height\":48,\"caption\":\"ikuchyne!\"},\"image\":{\"@id\":\"https:\/\/www.ikuchyne.sk\/eshop\/#\/schema\/logo\/image\/\"},\"sameAs\":[\"https:\/\/www.facebook.com\/ikuchyne\/\",\"https:\/\/www.instagram.com\/ikuchyne.sk\/\",\"https:\/\/sk.pinterest.com\/ikuchynesk\/\"]}]}<\/script>\n<!-- \/ Yoast SEO plugin. -->","yoast_head_json":{"title":"Mal\u00e9 konferen\u010dn\u00e9 stol\u00edky, hranat\u00e9, obl\u00e9, meden\u00e9 stol\u00edky","description":"Mal\u00e9 konferen\u010dn\u00e9 stol\u00edky maj\u00fa v na\u0161om eshope ve\u013ek\u00e9 zast\u00fapenie. V\u010faka malej praktickej ve\u013ekosti s\u00fa ve\u013emi ob\u013e\u00faben\u00e9. K\u00fapte si do v\u00e1\u0161ho bytu kvalitn\u00e9 konferen\u010dn\u00e9 stol\u00edky za akciov\u00e9 ceny.","robots":{"index":"index","follow":"follow","max-snippet":"max-snippet:-1","max-image-preview":"max-image-preview:large","max-video-preview":"max-video-preview:-1"},"canonical":"https:\/\/www.ikuchyne.sk\/eshop\/kategoria\/stoly\/konferencne-stoliky\/male-konferencne-stoliky\/","og_locale":"sk_SK","og_type":"article","og_title":"Mal\u00e9 konferen\u010dn\u00e9 stol\u00edky, hranat\u00e9, obl\u00e9, meden\u00e9 stol\u00edky","og_description":"Mal\u00e9 konferen\u010dn\u00e9 stol\u00edky maj\u00fa v na\u0161om eshope ve\u013ek\u00e9 zast\u00fapenie. V\u010faka malej praktickej ve\u013ekosti s\u00fa ve\u013emi ob\u013e\u00faben\u00e9. K\u00fapte si do v\u00e1\u0161ho bytu kvalitn\u00e9 konferen\u010dn\u00e9 stol\u00edky za akciov\u00e9 ceny.","og_url":"https:\/\/www.ikuchyne.sk\/eshop\/kategoria\/stoly\/konferencne-stoliky\/male-konferencne-stoliky\/","og_site_name":"iKuchyne iSHOP s n\u00e1bytkom","twitter_card":"summary_large_image","schema":{"@context":"https:\/\/schema.org","@graph":[{"@type":"CollectionPage","@id":"https:\/\/www.ikuchyne.sk\/eshop\/kategoria\/stoly\/konferencne-stoliky\/male-konferencne-stoliky\/","url":"https:\/\/www.ikuchyne.sk\/eshop\/kategoria\/stoly\/konferencne-stoliky\/male-konferencne-stoliky\/","name":"Mal\u00e9 konferen\u010dn\u00e9 stol\u00edky, hranat\u00e9, obl\u00e9, meden\u00e9 stol\u00edky","isPartOf":{"@id":"https:\/\/www.ikuchyne.sk\/eshop\/#website"},"description":"Mal\u00e9 konferen\u010dn\u00e9 stol\u00edky maj\u00fa v na\u0161om eshope ve\u013ek\u00e9 zast\u00fapenie. V\u010faka malej praktickej ve\u013ekosti s\u00fa ve\u013emi ob\u013e\u00faben\u00e9. K\u00fapte si do v\u00e1\u0161ho bytu kvalitn\u00e9 konferen\u010dn\u00e9 stol\u00edky za akciov\u00e9 ceny.","breadcrumb":{"@id":"https:\/\/www.ikuchyne.sk\/eshop\/kategoria\/stoly\/konferencne-stoliky\/male-konferencne-stoliky\/#breadcrumb"},"inLanguage":"sk-SK"},{"@type":"BreadcrumbList","@id":"https:\/\/www.ikuchyne.sk\/eshop\/kategoria\/stoly\/konferencne-stoliky\/male-konferencne-stoliky\/#breadcrumb","itemListElement":[{"@type":"ListItem","position":1,"name":"Home","item":"https:\/\/www.ikuchyne.sk\/eshop\/"},{"@type":"ListItem","position":2,"name":"Stoly","item":"https:\/\/www.ikuchyne.sk\/eshop\/kategoria\/stoly\/"},{"@type":"ListItem","position":3,"name":"Konferen\u010dn\u00e9 stol\u00edky","item":"https:\/\/www.ikuchyne.sk\/eshop\/kategoria\/stoly\/konferencne-stoliky\/"},{"@type":"ListItem","position":4,"name":"Mal\u00e9 konferen\u010dn\u00e9 stol\u00edky"}]},{"@type":"WebSite","@id":"https:\/\/www.ikuchyne.sk\/eshop\/#website","url":"https:\/\/www.ikuchyne.sk\/eshop\/","name":"iKuchyne iSHOP s n\u00e1bytkom","description":"Jed\u00e1lensk\u00e9 stoly, stoli\u010dky, n\u00e1bytok, svietidl\u00e1...","publisher":{"@id":"https:\/\/www.ikuchyne.sk\/eshop\/#organization"},"potentialAction":[{"@type":"SearchAction","target":{"@type":"EntryPoint","urlTemplate":"https:\/\/www.ikuchyne.sk\/eshop\/?s={search_term_string}"},"query-input":"required name=search_term_string"}],"inLanguage":"sk-SK"},{"@type":"Organization","@id":"https:\/\/www.ikuchyne.sk\/eshop\/#organization","name":"ikuchyne!","url":"https:\/\/www.ikuchyne.sk\/eshop\/","logo":{"@type":"ImageObject","inLanguage":"sk-SK","@id":"https:\/\/www.ikuchyne.sk\/eshop\/#\/schema\/logo\/image\/","url":"https:\/\/www.ikuchyne.sk\/eshop\/wp-content\/uploads\/2017\/04\/ikuchyne-logo.jpg","contentUrl":"https:\/\/www.ikuchyne.sk\/eshop\/wp-content\/uploads\/2017\/04\/ikuchyne-logo.jpg","width":200,"height":48,"caption":"ikuchyne!"},"image":{"@id":"https:\/\/www.ikuchyne.sk\/eshop\/#\/schema\/logo\/image\/"},"sameAs":["https:\/\/www.facebook.com\/ikuchyne\/","https:\/\/www.instagram.com\/ikuchyne.sk\/","https:\/\/sk.pinterest.com\/ikuchynesk\/"]}]}},"_links":{"self":[{"href":"https:\/\/www.ikuchyne.sk\/eshop\/wp-json\/wp\/v2\/product_cat\/836"}],"collection":[{"href":"https:\/\/www.ikuchyne.sk\/eshop\/wp-json\/wp\/v2\/product_cat"}],"about":[{"href":"https:\/\/www.ikuchyne.sk\/eshop\/wp-json\/wp\/v2\/taxonomies\/product_cat"}],"up":[{"embeddable":true,"href":"https:\/\/www.ikuchyne.sk\/eshop\/wp-json\/wp\/v2\/product_cat\/304"}],"wp:post_type":[{"href":"https:\/\/www.ikuchyne.sk\/eshop\/wp-json\/wp\/v2\/product?product_cat=836"}],"curies":[{"name":"wp","href":"https:\/\/api.w.org\/{rel}","templated":true}]}}