{"id":840,"count":3,"description":"<p style=\"text-align: justify;\">Striedmy seversk\u00fd dizajn prin\u00e1\u0161a konferen\u010dn\u00e9 stol\u00edky v\u00a0\u0161kandin\u00e1vskom \u0161t\u00fdle. Rozozn\u00e1te ich na prv\u00fd poh\u013ead. <strong>Vo v\u0161eobecnosti ide o\u00a0kombin\u00e1ciu bieleho alebo siv\u00e9ho povrchu s\u00a0\u00fazkymi dreven\u00fdmi nohami.<\/strong> S\u00fa ve\u013emi \u013eahko kombinovate\u013en\u00e9 s\u00a0bielym modern\u00fdm alebo dreven\u00fdm n\u00e1bytkom. Mnoh\u00e9 z\u00a0nich dod\u00e1vame v\u00a0sete dvoch alebo troch kusov v\u00a0geometrickej postupnosti. Povrch stol\u00edkov je preva\u017ene vyroben\u00fd z hladkej drevovl\u00e1knitej dosky.\u00a0 Jedn\u00e1 sa o pr\u00edrodn\u00fd materi\u00e1l, preto\u017ee sa vyr\u00e1ba bez pou\u017eitia lepidiel. T\u00e1to doska je lakovan\u00e1 matn\u00fdm lakom, v bielej alebo sivej farbe. Podno\u017e konferen\u010dn\u00fdch stol\u00edkov tvoria \u0161tyri \u00fazke dreven\u00e9 nohy v pr\u00edrodnej farbe, ktor\u00e9 s\u00fa pr\u00edzna\u010dn\u00e9 pre tento \u0161t\u00fdl b\u00fdvania. Vo v\u00e4\u010d\u0161ine pr\u00edpadov sa pou\u017e\u00edva dubov\u00e9 drevo. Nesmrte\u013en\u00e1 kombin\u00e1cia bielej a hnedej skvelo zapadne do ka\u017ed\u00e9ho interi\u00e9ru. Dizajnovo niekedy pripom\u00ednaj\u00fa retro n\u00e1bytok.\r\n<strong>Stol\u00edky s\u00fa jednoduch\u00e9 na \u00fadr\u017ebu v\u010faka lakovan\u00e9mu hladk\u00e9mu povrchu. <\/strong>Odpor\u00fa\u010dame ich utiera\u0165 vlhkou bavlnenou handri\u010dkou a \u010disti\u0165 pr\u00edpravkami na lakovan\u00e9 drevo.<\/p>\r\n<p style=\"text-align: justify;\">Jednoduch\u00fd vzh\u013ead stol\u00edkov p\u00f4sob\u00ed pr\u00edjemne a\u00a0\u00fatulne, preto tieto konferen\u010dn\u00e9 stol\u00edky skvelo zapadn\u00fa k\u00a0akejko\u013evek sedacej s\u00faprave. To je d\u00f4vod pre\u010do\u00a0s\u00fa st\u00e1le viac vyh\u013ead\u00e1van\u00e9 medzi na\u0161imi z\u00e1kazn\u00edkmi.<\/p>","link":"https:\/\/www.ikuchyne.sk\/eshop\/kategoria\/stoly\/konferencne-stoliky\/stoliky-skandinavsky-styl\/","name":"Konferen\u010dn\u00e9 stol\u00edky v \u0161kandin\u00e1vskom \u0161t\u00fdle","slug":"stoliky-skandinavsky-styl","taxonomy":"product_cat","parent":304,"meta":[],"yoast_head":"<!-- This site is optimized with the Yoast SEO plugin v22.1 - https:\/\/yoast.com\/wordpress\/plugins\/seo\/ -->\n<title>Konferen\u010dn\u00e9 stol\u00edky v \u0161kandin\u00e1vskom \u0161t\u00fdle pon\u00fakaj\u00fa \u0161irok\u00fa \u0161k\u00e1lu<\/title>\n<meta name=\"description\" content=\"V na\u0161om e-shope m\u00e1me na v\u00fdber konferen\u010dn\u00e9 stol\u00edky v \u0161kandin\u00e1vskom \u0161t\u00fdle v \u0161irokom zast\u00fapen\u00ed. K\u00fapte si do bytu kvalitn\u00e9 konferen\u010dn\u00e9 stol\u00edky za akciov\u00e9 ceny.\" \/>\n<meta name=\"robots\" content=\"index, follow, max-snippet:-1, max-image-preview:large, max-video-preview:-1\" \/>\n<link rel=\"canonical\" href=\"https:\/\/www.ikuchyne.sk\/eshop\/kategoria\/stoly\/konferencne-stoliky\/stoliky-skandinavsky-styl\/\" \/>\n<meta property=\"og:locale\" content=\"sk_SK\" \/>\n<meta property=\"og:type\" content=\"article\" \/>\n<meta property=\"og:title\" content=\"Konferen\u010dn\u00e9 stol\u00edky v \u0161kandin\u00e1vskom \u0161t\u00fdle pon\u00fakaj\u00fa \u0161irok\u00fa \u0161k\u00e1lu\" \/>\n<meta property=\"og:description\" content=\"V na\u0161om e-shope m\u00e1me na v\u00fdber konferen\u010dn\u00e9 stol\u00edky v \u0161kandin\u00e1vskom \u0161t\u00fdle v \u0161irokom zast\u00fapen\u00ed. K\u00fapte si do bytu kvalitn\u00e9 konferen\u010dn\u00e9 stol\u00edky za akciov\u00e9 ceny.\" \/>\n<meta property=\"og:url\" content=\"https:\/\/www.ikuchyne.sk\/eshop\/kategoria\/stoly\/konferencne-stoliky\/stoliky-skandinavsky-styl\/\" \/>\n<meta property=\"og:site_name\" content=\"iKuchyne iSHOP s n\u00e1bytkom\" \/>\n<meta name=\"twitter:card\" content=\"summary_large_image\" \/>\n<script type=\"application\/ld+json\" class=\"yoast-schema-graph\">{\"@context\":\"https:\/\/schema.org\",\"@graph\":[{\"@type\":\"CollectionPage\",\"@id\":\"https:\/\/www.ikuchyne.sk\/eshop\/kategoria\/stoly\/konferencne-stoliky\/stoliky-skandinavsky-styl\/\",\"url\":\"https:\/\/www.ikuchyne.sk\/eshop\/kategoria\/stoly\/konferencne-stoliky\/stoliky-skandinavsky-styl\/\",\"name\":\"Konferen\u010dn\u00e9 stol\u00edky v \u0161kandin\u00e1vskom \u0161t\u00fdle pon\u00fakaj\u00fa \u0161irok\u00fa \u0161k\u00e1lu\",\"isPartOf\":{\"@id\":\"https:\/\/www.ikuchyne.sk\/eshop\/#website\"},\"description\":\"V na\u0161om e-shope m\u00e1me na v\u00fdber konferen\u010dn\u00e9 stol\u00edky v \u0161kandin\u00e1vskom \u0161t\u00fdle v \u0161irokom zast\u00fapen\u00ed. K\u00fapte si do bytu kvalitn\u00e9 konferen\u010dn\u00e9 stol\u00edky za akciov\u00e9 ceny.\",\"breadcrumb\":{\"@id\":\"https:\/\/www.ikuchyne.sk\/eshop\/kategoria\/stoly\/konferencne-stoliky\/stoliky-skandinavsky-styl\/#breadcrumb\"},\"inLanguage\":\"sk-SK\"},{\"@type\":\"BreadcrumbList\",\"@id\":\"https:\/\/www.ikuchyne.sk\/eshop\/kategoria\/stoly\/konferencne-stoliky\/stoliky-skandinavsky-styl\/#breadcrumb\",\"itemListElement\":[{\"@type\":\"ListItem\",\"position\":1,\"name\":\"Home\",\"item\":\"https:\/\/www.ikuchyne.sk\/eshop\/\"},{\"@type\":\"ListItem\",\"position\":2,\"name\":\"Stoly\",\"item\":\"https:\/\/www.ikuchyne.sk\/eshop\/kategoria\/stoly\/\"},{\"@type\":\"ListItem\",\"position\":3,\"name\":\"Konferen\u010dn\u00e9 stol\u00edky\",\"item\":\"https:\/\/www.ikuchyne.sk\/eshop\/kategoria\/stoly\/konferencne-stoliky\/\"},{\"@type\":\"ListItem\",\"position\":4,\"name\":\"Konferen\u010dn\u00e9 stol\u00edky v \u0161kandin\u00e1vskom \u0161t\u00fdle\"}]},{\"@type\":\"WebSite\",\"@id\":\"https:\/\/www.ikuchyne.sk\/eshop\/#website\",\"url\":\"https:\/\/www.ikuchyne.sk\/eshop\/\",\"name\":\"iKuchyne iSHOP s n\u00e1bytkom\",\"description\":\"Jed\u00e1lensk\u00e9 stoly, stoli\u010dky, n\u00e1bytok, svietidl\u00e1...\",\"publisher\":{\"@id\":\"https:\/\/www.ikuchyne.sk\/eshop\/#organization\"},\"potentialAction\":[{\"@type\":\"SearchAction\",\"target\":{\"@type\":\"EntryPoint\",\"urlTemplate\":\"https:\/\/www.ikuchyne.sk\/eshop\/?s={search_term_string}\"},\"query-input\":\"required name=search_term_string\"}],\"inLanguage\":\"sk-SK\"},{\"@type\":\"Organization\",\"@id\":\"https:\/\/www.ikuchyne.sk\/eshop\/#organization\",\"name\":\"ikuchyne!\",\"url\":\"https:\/\/www.ikuchyne.sk\/eshop\/\",\"logo\":{\"@type\":\"ImageObject\",\"inLanguage\":\"sk-SK\",\"@id\":\"https:\/\/www.ikuchyne.sk\/eshop\/#\/schema\/logo\/image\/\",\"url\":\"https:\/\/www.ikuchyne.sk\/eshop\/wp-content\/uploads\/2017\/04\/ikuchyne-logo.jpg\",\"contentUrl\":\"https:\/\/www.ikuchyne.sk\/eshop\/wp-content\/uploads\/2017\/04\/ikuchyne-logo.jpg\",\"width\":200,\"height\":48,\"caption\":\"ikuchyne!\"},\"image\":{\"@id\":\"https:\/\/www.ikuchyne.sk\/eshop\/#\/schema\/logo\/image\/\"},\"sameAs\":[\"https:\/\/www.facebook.com\/ikuchyne\/\",\"https:\/\/www.instagram.com\/ikuchyne.sk\/\",\"https:\/\/sk.pinterest.com\/ikuchynesk\/\"]}]}<\/script>\n<!-- \/ Yoast SEO plugin. -->","yoast_head_json":{"title":"Konferen\u010dn\u00e9 stol\u00edky v \u0161kandin\u00e1vskom \u0161t\u00fdle pon\u00fakaj\u00fa \u0161irok\u00fa \u0161k\u00e1lu","description":"V na\u0161om e-shope m\u00e1me na v\u00fdber konferen\u010dn\u00e9 stol\u00edky v \u0161kandin\u00e1vskom \u0161t\u00fdle v \u0161irokom zast\u00fapen\u00ed. K\u00fapte si do bytu kvalitn\u00e9 konferen\u010dn\u00e9 stol\u00edky za akciov\u00e9 ceny.","robots":{"index":"index","follow":"follow","max-snippet":"max-snippet:-1","max-image-preview":"max-image-preview:large","max-video-preview":"max-video-preview:-1"},"canonical":"https:\/\/www.ikuchyne.sk\/eshop\/kategoria\/stoly\/konferencne-stoliky\/stoliky-skandinavsky-styl\/","og_locale":"sk_SK","og_type":"article","og_title":"Konferen\u010dn\u00e9 stol\u00edky v \u0161kandin\u00e1vskom \u0161t\u00fdle pon\u00fakaj\u00fa \u0161irok\u00fa \u0161k\u00e1lu","og_description":"V na\u0161om e-shope m\u00e1me na v\u00fdber konferen\u010dn\u00e9 stol\u00edky v \u0161kandin\u00e1vskom \u0161t\u00fdle v \u0161irokom zast\u00fapen\u00ed. K\u00fapte si do bytu kvalitn\u00e9 konferen\u010dn\u00e9 stol\u00edky za akciov\u00e9 ceny.","og_url":"https:\/\/www.ikuchyne.sk\/eshop\/kategoria\/stoly\/konferencne-stoliky\/stoliky-skandinavsky-styl\/","og_site_name":"iKuchyne iSHOP s n\u00e1bytkom","twitter_card":"summary_large_image","schema":{"@context":"https:\/\/schema.org","@graph":[{"@type":"CollectionPage","@id":"https:\/\/www.ikuchyne.sk\/eshop\/kategoria\/stoly\/konferencne-stoliky\/stoliky-skandinavsky-styl\/","url":"https:\/\/www.ikuchyne.sk\/eshop\/kategoria\/stoly\/konferencne-stoliky\/stoliky-skandinavsky-styl\/","name":"Konferen\u010dn\u00e9 stol\u00edky v \u0161kandin\u00e1vskom \u0161t\u00fdle pon\u00fakaj\u00fa \u0161irok\u00fa \u0161k\u00e1lu","isPartOf":{"@id":"https:\/\/www.ikuchyne.sk\/eshop\/#website"},"description":"V na\u0161om e-shope m\u00e1me na v\u00fdber konferen\u010dn\u00e9 stol\u00edky v \u0161kandin\u00e1vskom \u0161t\u00fdle v \u0161irokom zast\u00fapen\u00ed. K\u00fapte si do bytu kvalitn\u00e9 konferen\u010dn\u00e9 stol\u00edky za akciov\u00e9 ceny.","breadcrumb":{"@id":"https:\/\/www.ikuchyne.sk\/eshop\/kategoria\/stoly\/konferencne-stoliky\/stoliky-skandinavsky-styl\/#breadcrumb"},"inLanguage":"sk-SK"},{"@type":"BreadcrumbList","@id":"https:\/\/www.ikuchyne.sk\/eshop\/kategoria\/stoly\/konferencne-stoliky\/stoliky-skandinavsky-styl\/#breadcrumb","itemListElement":[{"@type":"ListItem","position":1,"name":"Home","item":"https:\/\/www.ikuchyne.sk\/eshop\/"},{"@type":"ListItem","position":2,"name":"Stoly","item":"https:\/\/www.ikuchyne.sk\/eshop\/kategoria\/stoly\/"},{"@type":"ListItem","position":3,"name":"Konferen\u010dn\u00e9 stol\u00edky","item":"https:\/\/www.ikuchyne.sk\/eshop\/kategoria\/stoly\/konferencne-stoliky\/"},{"@type":"ListItem","position":4,"name":"Konferen\u010dn\u00e9 stol\u00edky v \u0161kandin\u00e1vskom \u0161t\u00fdle"}]},{"@type":"WebSite","@id":"https:\/\/www.ikuchyne.sk\/eshop\/#website","url":"https:\/\/www.ikuchyne.sk\/eshop\/","name":"iKuchyne iSHOP s n\u00e1bytkom","description":"Jed\u00e1lensk\u00e9 stoly, stoli\u010dky, n\u00e1bytok, svietidl\u00e1...","publisher":{"@id":"https:\/\/www.ikuchyne.sk\/eshop\/#organization"},"potentialAction":[{"@type":"SearchAction","target":{"@type":"EntryPoint","urlTemplate":"https:\/\/www.ikuchyne.sk\/eshop\/?s={search_term_string}"},"query-input":"required name=search_term_string"}],"inLanguage":"sk-SK"},{"@type":"Organization","@id":"https:\/\/www.ikuchyne.sk\/eshop\/#organization","name":"ikuchyne!","url":"https:\/\/www.ikuchyne.sk\/eshop\/","logo":{"@type":"ImageObject","inLanguage":"sk-SK","@id":"https:\/\/www.ikuchyne.sk\/eshop\/#\/schema\/logo\/image\/","url":"https:\/\/www.ikuchyne.sk\/eshop\/wp-content\/uploads\/2017\/04\/ikuchyne-logo.jpg","contentUrl":"https:\/\/www.ikuchyne.sk\/eshop\/wp-content\/uploads\/2017\/04\/ikuchyne-logo.jpg","width":200,"height":48,"caption":"ikuchyne!"},"image":{"@id":"https:\/\/www.ikuchyne.sk\/eshop\/#\/schema\/logo\/image\/"},"sameAs":["https:\/\/www.facebook.com\/ikuchyne\/","https:\/\/www.instagram.com\/ikuchyne.sk\/","https:\/\/sk.pinterest.com\/ikuchynesk\/"]}]}},"_links":{"self":[{"href":"https:\/\/www.ikuchyne.sk\/eshop\/wp-json\/wp\/v2\/product_cat\/840"}],"collection":[{"href":"https:\/\/www.ikuchyne.sk\/eshop\/wp-json\/wp\/v2\/product_cat"}],"about":[{"href":"https:\/\/www.ikuchyne.sk\/eshop\/wp-json\/wp\/v2\/taxonomies\/product_cat"}],"up":[{"embeddable":true,"href":"https:\/\/www.ikuchyne.sk\/eshop\/wp-json\/wp\/v2\/product_cat\/304"}],"wp:post_type":[{"href":"https:\/\/www.ikuchyne.sk\/eshop\/wp-json\/wp\/v2\/product?product_cat=840"}],"curies":[{"name":"wp","href":"https:\/\/api.w.org\/{rel}","templated":true}]}}