{"id":842,"count":143,"description":"<p style=\"text-align: justify;\">Hranat\u00e9 konferen\u010dn\u00e9 stol\u00edky pon\u00fakaj\u00fa ve\u013emi \u0161irok\u00fa \u0161k\u00e1lu stol\u00edkov. Ich ve\u013ekou dev\u00edzou s\u00fa praktick\u00e9 tvary.\u00a0<strong>V na\u0161ej ponuke n\u00e1jdete predov\u0161etk\u00fdm stol\u00edky v modernom a industri\u00e1lnom \u0161t\u00fdle.\u00a0<\/strong><\/p>\r\n<p style=\"text-align: justify;\">Priemyseln\u00fd dizajn hranat\u00fdch stol\u00edkov tvor\u00ed kombin\u00e1cia dreva a kovu, typick\u00e1 pre industri\u00e1lny \u0161t\u00fdl.\u00a0Podno\u017e stol\u00edkov pozost\u00e1va z pevnej kovovej kon\u0161trukcie alebo z ly\u017einov\u00e9ho podstavca, ktor\u00fd je leskl\u00fd. Povrch je naj\u010dastej\u0161ie tvoren\u00fd hranatou doskou z dreva sheesham alebo zauj\u00edmavou mozaikou z mangov\u00e9ho dreva. Viacer\u00e9\u00a0z t\u00fdchto konferen\u010dn\u00fdch stol\u00edkov pon\u00fakame v sete dvoch alebo troch kusov. Unik\u00e1tom medzi n\u00e1bytkom je hranat\u00fd stol\u00edk vyroben\u00fd z recyklovan\u00e9ho teakov\u00e9ho dreva.<\/p>\r\n<p style=\"text-align: justify;\">Najv\u00e4\u010d\u0161iu pozornos\u0165 by sme chceli upriami\u0165 na v\u00fdnimo\u010dn\u00e9 a origin\u00e1lne stol\u00edky s hranat\u00fdmi doskami a kovov\u00fdmi r\u00e1mami. Pre tieto stol\u00edky je charakteristick\u00e1 hravos\u0165 a pestros\u0165 materi\u00e1lov. <strong>V\u00fdber dosiek je skuto\u010dne \u0161irok\u00fd:<\/strong> <strong>od pestrofarebnej ach\u00e1tovej, cez keramick\u00fa mozaiku a\u017e po mramorov\u00fa dosku.<\/strong> T\u00e1 je le\u0161ten\u00e1 a ru\u010dne zdokona\u013eovan\u00e1. Podno\u017e t\u00fdchto stol\u00edkov tvor\u00ed kovov\u00fd stojan zo \u0161tyroch tenk\u00fdch n\u00f4h v \u010diernej farbe, ktor\u00e9 s\u00fa vz\u00e1jomne spojen\u00e9 do hranatej obd\u013a\u017en\u00edkovej kon\u0161trukcie.<\/p>\r\n<p style=\"text-align: justify;\">Ve\u013emi popul\u00e1rne s\u00fa praktick\u00e9 stol\u00edky s\u00a0ly\u017einov\u00fdm kovov\u00fdm stojanom s \u00fazkymi nohami, ktor\u00fd je chr\u00f3movan\u00fd, lakovan\u00fd bielou farbou alebo meden\u00fd. <strong>Tento stojan sa d\u00e1 zasun\u00fa\u0165 pod seda\u010dku a pou\u017e\u00edva\u0165 aj ako serv\u00edrovac\u00ed stol\u00edk.<\/strong> \u010eal\u0161ou praktickou v\u00fdhodou je odn\u00edmate\u013en\u00e1 vrchn\u00e1 doska v hranatom \u0161tvorcovom alebo obd\u013a\u017enikovom tvare. T\u00e1 je v lakovanej \u010diernej, antracitovej alebo pr\u00edrodnej farbe. Ka\u017ed\u00fd si n\u00e1jde svoj ob\u013e\u00faben\u00fd a \u0161t\u00fdlov\u00fd stol\u00edk.<\/p>\r\n<p style=\"text-align: justify;\">Aj priaznivci \u0161kandin\u00e1vskeho \u0161t\u00fdlu si pr\u00eddu na svoje, ke\u010f\u017ee pon\u00fakame aj dreven\u00e9 stol\u00edky na \u00fazkych dreven\u00fdch noh\u00e1ch. Tie disponuj\u00fa aj praktick\u00fdmi z\u00e1suvkami a priehradkami.\u00a0Hranat\u00e9 konferen\u010dn\u00e9 stol\u00edky na\u0161li svoje zast\u00fapenie tie\u017e v modernom \u0161t\u00fdle. Povrch t\u00fdchto stol\u00edkov je z lakovanej drevovl\u00e1knitej dosky MDF v bielej farbe a s\u00fa r\u00f4zne koncipovan\u00e9 a disponuj\u00fa odkladac\u00edm priestorom.<\/p>\r\n<p style=\"text-align: justify;\">Hranat\u00e9 konferen\u010dn\u00e9 stol\u00edky s\u00fa jednoduch\u00e9 na \u00fadr\u017ebu v\u010faka hladk\u00e9mu povrchu. Pon\u00fakaj\u00fa rozmanit\u00e9 farebn\u00e9 prevedenie a r\u00f4znorodos\u0165 materi\u00e1lov.<\/p>","link":"https:\/\/www.ikuchyne.sk\/eshop\/kategoria\/stoly\/konferencne-stoliky\/stoliky-hranate-tvary\/","name":"Hranat\u00e9 konferen\u010dn\u00e9 stol\u00edky","slug":"stoliky-hranate-tvary","taxonomy":"product_cat","parent":304,"meta":[],"yoast_head":"<!-- This site is optimized with the Yoast SEO plugin v22.1 - https:\/\/yoast.com\/wordpress\/plugins\/seo\/ -->\n<title>Hranat\u00e9 konferen\u010dn\u00e9 stol\u00edky &#187; iKuchyne iSHOP s n\u00e1bytkom<\/title>\n<meta name=\"description\" content=\"Hranat\u00e9 konferen\u010dn\u00e9 stol\u00edky pon\u00fakaj\u00fa ve\u013emi \u0161irok\u00fa \u0161k\u00e1lu stol\u00edkov. V na\u0161om e-shope m\u00e1me ve\u013ek\u00fd v\u00fdber hranat\u00fdch konferen\u010dn\u00fdch stol\u00edkov.\" \/>\n<meta name=\"robots\" content=\"index, follow, max-snippet:-1, max-image-preview:large, max-video-preview:-1\" \/>\n<link rel=\"canonical\" href=\"https:\/\/www.ikuchyne.sk\/eshop\/kategoria\/stoly\/konferencne-stoliky\/stoliky-hranate-tvary\/\" \/>\n<meta property=\"og:locale\" content=\"sk_SK\" \/>\n<meta property=\"og:type\" content=\"article\" \/>\n<meta property=\"og:title\" content=\"Hranat\u00e9 konferen\u010dn\u00e9 stol\u00edky &#187; iKuchyne iSHOP s n\u00e1bytkom\" \/>\n<meta property=\"og:description\" content=\"Hranat\u00e9 konferen\u010dn\u00e9 stol\u00edky pon\u00fakaj\u00fa ve\u013emi \u0161irok\u00fa \u0161k\u00e1lu stol\u00edkov. V na\u0161om e-shope m\u00e1me ve\u013ek\u00fd v\u00fdber hranat\u00fdch konferen\u010dn\u00fdch stol\u00edkov.\" \/>\n<meta property=\"og:url\" content=\"https:\/\/www.ikuchyne.sk\/eshop\/kategoria\/stoly\/konferencne-stoliky\/stoliky-hranate-tvary\/\" \/>\n<meta property=\"og:site_name\" content=\"iKuchyne iSHOP s n\u00e1bytkom\" \/>\n<meta name=\"twitter:card\" content=\"summary_large_image\" \/>\n<script type=\"application\/ld+json\" class=\"yoast-schema-graph\">{\"@context\":\"https:\/\/schema.org\",\"@graph\":[{\"@type\":\"CollectionPage\",\"@id\":\"https:\/\/www.ikuchyne.sk\/eshop\/kategoria\/stoly\/konferencne-stoliky\/stoliky-hranate-tvary\/\",\"url\":\"https:\/\/www.ikuchyne.sk\/eshop\/kategoria\/stoly\/konferencne-stoliky\/stoliky-hranate-tvary\/\",\"name\":\"Hranat\u00e9 konferen\u010dn\u00e9 stol\u00edky &#187; iKuchyne iSHOP s n\u00e1bytkom\",\"isPartOf\":{\"@id\":\"https:\/\/www.ikuchyne.sk\/eshop\/#website\"},\"description\":\"Hranat\u00e9 konferen\u010dn\u00e9 stol\u00edky pon\u00fakaj\u00fa ve\u013emi \u0161irok\u00fa \u0161k\u00e1lu stol\u00edkov. V na\u0161om e-shope m\u00e1me ve\u013ek\u00fd v\u00fdber hranat\u00fdch konferen\u010dn\u00fdch stol\u00edkov.\",\"breadcrumb\":{\"@id\":\"https:\/\/www.ikuchyne.sk\/eshop\/kategoria\/stoly\/konferencne-stoliky\/stoliky-hranate-tvary\/#breadcrumb\"},\"inLanguage\":\"sk-SK\"},{\"@type\":\"BreadcrumbList\",\"@id\":\"https:\/\/www.ikuchyne.sk\/eshop\/kategoria\/stoly\/konferencne-stoliky\/stoliky-hranate-tvary\/#breadcrumb\",\"itemListElement\":[{\"@type\":\"ListItem\",\"position\":1,\"name\":\"Home\",\"item\":\"https:\/\/www.ikuchyne.sk\/eshop\/\"},{\"@type\":\"ListItem\",\"position\":2,\"name\":\"Stoly\",\"item\":\"https:\/\/www.ikuchyne.sk\/eshop\/kategoria\/stoly\/\"},{\"@type\":\"ListItem\",\"position\":3,\"name\":\"Konferen\u010dn\u00e9 stol\u00edky\",\"item\":\"https:\/\/www.ikuchyne.sk\/eshop\/kategoria\/stoly\/konferencne-stoliky\/\"},{\"@type\":\"ListItem\",\"position\":4,\"name\":\"Hranat\u00e9 konferen\u010dn\u00e9 stol\u00edky\"}]},{\"@type\":\"WebSite\",\"@id\":\"https:\/\/www.ikuchyne.sk\/eshop\/#website\",\"url\":\"https:\/\/www.ikuchyne.sk\/eshop\/\",\"name\":\"iKuchyne iSHOP s n\u00e1bytkom\",\"description\":\"Jed\u00e1lensk\u00e9 stoly, stoli\u010dky, n\u00e1bytok, svietidl\u00e1...\",\"publisher\":{\"@id\":\"https:\/\/www.ikuchyne.sk\/eshop\/#organization\"},\"potentialAction\":[{\"@type\":\"SearchAction\",\"target\":{\"@type\":\"EntryPoint\",\"urlTemplate\":\"https:\/\/www.ikuchyne.sk\/eshop\/?s={search_term_string}\"},\"query-input\":\"required name=search_term_string\"}],\"inLanguage\":\"sk-SK\"},{\"@type\":\"Organization\",\"@id\":\"https:\/\/www.ikuchyne.sk\/eshop\/#organization\",\"name\":\"ikuchyne!\",\"url\":\"https:\/\/www.ikuchyne.sk\/eshop\/\",\"logo\":{\"@type\":\"ImageObject\",\"inLanguage\":\"sk-SK\",\"@id\":\"https:\/\/www.ikuchyne.sk\/eshop\/#\/schema\/logo\/image\/\",\"url\":\"https:\/\/www.ikuchyne.sk\/eshop\/wp-content\/uploads\/2017\/04\/ikuchyne-logo.jpg\",\"contentUrl\":\"https:\/\/www.ikuchyne.sk\/eshop\/wp-content\/uploads\/2017\/04\/ikuchyne-logo.jpg\",\"width\":200,\"height\":48,\"caption\":\"ikuchyne!\"},\"image\":{\"@id\":\"https:\/\/www.ikuchyne.sk\/eshop\/#\/schema\/logo\/image\/\"},\"sameAs\":[\"https:\/\/www.facebook.com\/ikuchyne\/\",\"https:\/\/www.instagram.com\/ikuchyne.sk\/\",\"https:\/\/sk.pinterest.com\/ikuchynesk\/\"]}]}<\/script>\n<!-- \/ Yoast SEO plugin. -->","yoast_head_json":{"title":"Hranat\u00e9 konferen\u010dn\u00e9 stol\u00edky &#187; iKuchyne iSHOP s n\u00e1bytkom","description":"Hranat\u00e9 konferen\u010dn\u00e9 stol\u00edky pon\u00fakaj\u00fa ve\u013emi \u0161irok\u00fa \u0161k\u00e1lu stol\u00edkov. V na\u0161om e-shope m\u00e1me ve\u013ek\u00fd v\u00fdber hranat\u00fdch konferen\u010dn\u00fdch stol\u00edkov.","robots":{"index":"index","follow":"follow","max-snippet":"max-snippet:-1","max-image-preview":"max-image-preview:large","max-video-preview":"max-video-preview:-1"},"canonical":"https:\/\/www.ikuchyne.sk\/eshop\/kategoria\/stoly\/konferencne-stoliky\/stoliky-hranate-tvary\/","og_locale":"sk_SK","og_type":"article","og_title":"Hranat\u00e9 konferen\u010dn\u00e9 stol\u00edky &#187; iKuchyne iSHOP s n\u00e1bytkom","og_description":"Hranat\u00e9 konferen\u010dn\u00e9 stol\u00edky pon\u00fakaj\u00fa ve\u013emi \u0161irok\u00fa \u0161k\u00e1lu stol\u00edkov. V na\u0161om e-shope m\u00e1me ve\u013ek\u00fd v\u00fdber hranat\u00fdch konferen\u010dn\u00fdch stol\u00edkov.","og_url":"https:\/\/www.ikuchyne.sk\/eshop\/kategoria\/stoly\/konferencne-stoliky\/stoliky-hranate-tvary\/","og_site_name":"iKuchyne iSHOP s n\u00e1bytkom","twitter_card":"summary_large_image","schema":{"@context":"https:\/\/schema.org","@graph":[{"@type":"CollectionPage","@id":"https:\/\/www.ikuchyne.sk\/eshop\/kategoria\/stoly\/konferencne-stoliky\/stoliky-hranate-tvary\/","url":"https:\/\/www.ikuchyne.sk\/eshop\/kategoria\/stoly\/konferencne-stoliky\/stoliky-hranate-tvary\/","name":"Hranat\u00e9 konferen\u010dn\u00e9 stol\u00edky &#187; iKuchyne iSHOP s n\u00e1bytkom","isPartOf":{"@id":"https:\/\/www.ikuchyne.sk\/eshop\/#website"},"description":"Hranat\u00e9 konferen\u010dn\u00e9 stol\u00edky pon\u00fakaj\u00fa ve\u013emi \u0161irok\u00fa \u0161k\u00e1lu stol\u00edkov. V na\u0161om e-shope m\u00e1me ve\u013ek\u00fd v\u00fdber hranat\u00fdch konferen\u010dn\u00fdch stol\u00edkov.","breadcrumb":{"@id":"https:\/\/www.ikuchyne.sk\/eshop\/kategoria\/stoly\/konferencne-stoliky\/stoliky-hranate-tvary\/#breadcrumb"},"inLanguage":"sk-SK"},{"@type":"BreadcrumbList","@id":"https:\/\/www.ikuchyne.sk\/eshop\/kategoria\/stoly\/konferencne-stoliky\/stoliky-hranate-tvary\/#breadcrumb","itemListElement":[{"@type":"ListItem","position":1,"name":"Home","item":"https:\/\/www.ikuchyne.sk\/eshop\/"},{"@type":"ListItem","position":2,"name":"Stoly","item":"https:\/\/www.ikuchyne.sk\/eshop\/kategoria\/stoly\/"},{"@type":"ListItem","position":3,"name":"Konferen\u010dn\u00e9 stol\u00edky","item":"https:\/\/www.ikuchyne.sk\/eshop\/kategoria\/stoly\/konferencne-stoliky\/"},{"@type":"ListItem","position":4,"name":"Hranat\u00e9 konferen\u010dn\u00e9 stol\u00edky"}]},{"@type":"WebSite","@id":"https:\/\/www.ikuchyne.sk\/eshop\/#website","url":"https:\/\/www.ikuchyne.sk\/eshop\/","name":"iKuchyne iSHOP s n\u00e1bytkom","description":"Jed\u00e1lensk\u00e9 stoly, stoli\u010dky, n\u00e1bytok, svietidl\u00e1...","publisher":{"@id":"https:\/\/www.ikuchyne.sk\/eshop\/#organization"},"potentialAction":[{"@type":"SearchAction","target":{"@type":"EntryPoint","urlTemplate":"https:\/\/www.ikuchyne.sk\/eshop\/?s={search_term_string}"},"query-input":"required name=search_term_string"}],"inLanguage":"sk-SK"},{"@type":"Organization","@id":"https:\/\/www.ikuchyne.sk\/eshop\/#organization","name":"ikuchyne!","url":"https:\/\/www.ikuchyne.sk\/eshop\/","logo":{"@type":"ImageObject","inLanguage":"sk-SK","@id":"https:\/\/www.ikuchyne.sk\/eshop\/#\/schema\/logo\/image\/","url":"https:\/\/www.ikuchyne.sk\/eshop\/wp-content\/uploads\/2017\/04\/ikuchyne-logo.jpg","contentUrl":"https:\/\/www.ikuchyne.sk\/eshop\/wp-content\/uploads\/2017\/04\/ikuchyne-logo.jpg","width":200,"height":48,"caption":"ikuchyne!"},"image":{"@id":"https:\/\/www.ikuchyne.sk\/eshop\/#\/schema\/logo\/image\/"},"sameAs":["https:\/\/www.facebook.com\/ikuchyne\/","https:\/\/www.instagram.com\/ikuchyne.sk\/","https:\/\/sk.pinterest.com\/ikuchynesk\/"]}]}},"_links":{"self":[{"href":"https:\/\/www.ikuchyne.sk\/eshop\/wp-json\/wp\/v2\/product_cat\/842"}],"collection":[{"href":"https:\/\/www.ikuchyne.sk\/eshop\/wp-json\/wp\/v2\/product_cat"}],"about":[{"href":"https:\/\/www.ikuchyne.sk\/eshop\/wp-json\/wp\/v2\/taxonomies\/product_cat"}],"up":[{"embeddable":true,"href":"https:\/\/www.ikuchyne.sk\/eshop\/wp-json\/wp\/v2\/product_cat\/304"}],"wp:post_type":[{"href":"https:\/\/www.ikuchyne.sk\/eshop\/wp-json\/wp\/v2\/product?product_cat=842"}],"curies":[{"name":"wp","href":"https:\/\/api.w.org\/{rel}","templated":true}]}}